{"id":39421,"date":"2011-09-01T11:28:22","date_gmt":"2011-09-01T08:28:22","guid":{"rendered":"http:\/\/www.korhanyilmaz.com\/?p=39421"},"modified":"2011-09-02T09:07:12","modified_gmt":"2011-09-02T06:07:12","slug":"15-maddelik-reform-plani","status":"publish","type":"post","link":"http:\/\/www.korhanyilmaz.com\/?p=39421","title":{"rendered":"15 maddelik reform plan\u0131"},"content":{"rendered":"<p style=\"text-align: center;\"><a href=\"http:\/\/www.korhanyilmaz.com\/wp-content\/uploads\/2011\/09\/8027.jpg\"  class=\"lightview\"><img loading=\"lazy\" decoding=\"async\" class=\"aligncenter size-full wp-image-39422\" src=\"http:\/\/www.korhanyilmaz.com\/wp-content\/uploads\/2011\/09\/8027.jpg\" alt=\"\" width=\"462\" height=\"210\" \/><\/a><\/p>\n<p style=\"text-align: justify;\">Ege Ordusu ve 1\u2019inci Ordu\u2019nun varl\u0131\u011f\u0131 ile TSK\u2019da verilen askeri e\u011fitim tart\u0131\u015fmaya a\u00e7\u0131ld\u0131.<\/p>\n<p style=\"text-align: justify;\">ANKARA- YA\u015e ve MGK\u2019da oturma d\u00fczenlerinin de\u011fi\u015fimi, 27 Nisan bildirisinin Genelkurmay sitesinden \u00e7\u0131kar\u0131lmas\u0131, 30 A\u011fustos t\u00f6renlerindeki kabulleri Cumhurba\u015fkan\u0131\u2019n\u0131n yapmas\u0131 gibi \u2018siville\u015fme\u2019 g\u00f6r\u00fcnt\u00fcleri tart\u0131\u015f\u0131l\u0131rken, AKP\u2019li H\u00fcseyin \u00c7elik\u2019ten daha ileri ad\u0131mlar geldi.\u00a0<!--more--><\/p>\n<p style=\"text-align: justify;\">Halka ileri demokrasi s\u00f6z\u00fc vererek y\u00fczde 50 oy ald\u0131klar\u0131n\u0131 hat\u0131rlatan \u00c7elik, Genelkurmay\u2019\u0131n Milli Savunma Bakanl\u0131\u011f\u0131\u2019na ba\u011flanmas\u0131, darbelere dayanak olan 35\u2019inci maddenin kald\u0131r\u0131lmas\u0131n\u0131n yan\u0131 s\u0131ra Yunanistan ile Balkanlar\u2019dan gelen tehdit alg\u0131s\u0131na kar\u015f\u0131 kurulan Ege Ordusu ve 1\u2019inci Ordu\u2019nun varl\u0131\u011f\u0131 ile TSK\u2019da verilen askeri e\u011fitimi de tart\u0131\u015fmaya a\u00e7t\u0131.<\/p>\n<p style=\"text-align: justify;\"><strong>&#8220;TSK KEND\u0130N\u0130 T\u00dcKET\u0130R&#8221;<\/strong><\/p>\n<p style=\"text-align: justify;\">Eski Genelkurmay Ba\u015fkan\u0131 Orgeneral I\u015f\u0131k Ko\u015faner\u2019in medyaya s\u0131zan ses kayd\u0131n\u0131n ordudaki reorganizasyonun gereklili\u011fini ortaya koydu\u011funu savunan AKP\u2019li \u00c7elik, bug\u00fcne kadar fazla g\u00fcndeme gelmeyen baz\u0131 konulara da el at\u0131lmas\u0131 gerekti\u011fi g\u00f6r\u00fc\u015f\u00fcnde. TSK\u2019n\u0131n So\u011fuk Sava\u015f d\u00f6nemine g\u00f6re yap\u0131land\u0131r\u0131ld\u0131\u011f\u0131n\u0131, di\u011fer NATO \u00fclkeleri i\u00e7 de\u011fi\u015fimlerini yaparken T\u00fcrkiye\u2019nin bunu yapamad\u0131\u011f\u0131n\u0131 s\u00f6yleyen \u00c7elik, \u201cGerekli d\u00fczenlemeler yap\u0131lamaz, h\u00fccre yenilenmesi sa\u011flanamazsa b\u00fcnye kendi kendisini t\u00fcketir\u201d diye konu\u015ftu.<\/p>\n<p style=\"text-align: justify;\">Radikal&#8217;in haberine g\u00f6re, AKP\u2019nin se\u00e7im beyannamesini hat\u0131rlatan \u00c7elik, s\u00f6zlerini \u015f\u00f6yle s\u00fcrd\u00fcrd\u00fc:<\/p>\n<p style=\"text-align: justify;\">\u201cKamuoyuna ileri demokrasi taahh\u00fcd\u00fcnde bulunduk. \u0130ddian\u0131z bu ise sivil-asker ili\u015fkileri geri \u00fclkelerde gibi olabilir mi? Bunlar yap\u0131lmak zorunda. Yap\u0131l\u0131rsa ordu \u015faibe d\u0131\u015f\u0131na \u00e7\u0131kar, daha g\u00fc\u00e7l\u00fc olur. Reorganizasyonu Genelkurmay\u2019\u0131n kendisi yapacak. B\u00fct\u00fcn bunlar\u0131 bir parti y\u00f6neticisi olarak s\u00f6yl\u00fcyorum. H\u00fck\u00fcmetin, Milli Savunma Bakan\u0131\u2019n\u0131n yerine kendimi koyamam.\u201d<\/p>\n<p style=\"text-align: justify;\">Bir \u2018mantalite\u2019 de\u011fi\u015fimine olan ihtiyaca dikkat \u00e7eken \u00c7elik, askeri okullarda verilen e\u011fitimin bug\u00fcnk\u00fc d\u00fcnya ve T\u00fcrkiye\u2019ye uyumlu olmad\u0131\u011f\u0131n\u0131 s\u00f6yledi. \u00c7elik, \u201cMutlaka g\u00f6zden ge\u00e7irilmeli. \u0130leri demokrasi standartlar\u0131nda yeni d\u00fczenleme gerekli\u201d dedi. T\u00fcrkiye\u2019nin uluslararas\u0131 raporlarda \u2018k\u0131smen \u00f6zg\u00fcr\u2019 \u00fclke kabul edildi\u011fine dikkat \u00e7eken \u00c7elik, tam \u00f6zg\u00fcr \u00fclke stat\u00fcs\u00fcne eri\u015fmesinin de ileri demokratik ad\u0131mlara ba\u011fl\u0131 oldu\u011funu vurgulad\u0131.<\/p>\n<p style=\"text-align: justify;\">Milli G\u00fcvenlik dersleri \u00c7elik, liselerde verilen Milli G\u00fcvenlik derslerinin i\u00e7eri\u011fi ve askerler taraf\u0131ndan verilmesinin de yanl\u0131\u015f oldu\u011fu g\u00f6r\u00fc\u015f\u00fcnde. \u201cTepeden t\u0131rna\u011fa r\u00fctbeler ezberletiliyor, \u015fekli de format\u0131 da faul\u201d diyen \u00c7elik, bunun yerine milli savunma konseptinin ders olarak verilebilece\u011fini s\u00f6yledi. \u00c7elik, \u201cAskerlik bir k\u00fclt\u00fcr olarak verilebilir. \u00d6\u011frencilere niye dikkat \u00e7ektirilsin? Bu dersi askerler de vermek zorunda de\u011fil\u201d diye ekledi.<\/p>\n<p style=\"text-align: justify;\">\u0130\u015fte 15 maddelik eylem plan\u0131 \u00c7elik, asker-sivil ili\u015fkilerinin yol haritas\u0131 olabilecek 15 maddelik bir \u2018eylem plan\u0131\u2019n\u0131 Radikal\u2019e a\u00e7\u0131klad\u0131. \u00c7elik\u2019in 2023 y\u0131l\u0131na kadar tamamlanmas\u0131n\u0131n \u00f6nemine i\u015faret etti\u011fi ba\u015fl\u0131klar \u015f\u00f6yle:<\/p>\n<p style=\"text-align: justify;\">1- Genelkurmay\u0131n Milli Savunma Bakanl\u0131\u011f\u0131\u2019na ba\u011flanmas\u0131.<\/p>\n<p style=\"text-align: justify;\">2- 35\u2019inci maddenin kald\u0131r\u0131lmas\u0131.<\/p>\n<p style=\"text-align: justify;\">3- Jandarman\u0131n yap\u0131s\u0131, konumu ve g\u00f6rev tan\u0131m\u0131.<\/p>\n<p style=\"text-align: justify;\">4- Profesyonel orduya ge\u00e7i\u015f.<\/p>\n<p style=\"text-align: justify;\">5- Askerlik s\u00fcresinin k\u0131salt\u0131lmas\u0131.<\/p>\n<p style=\"text-align: justify;\">6- Zorunlu askerlik.<\/p>\n<p style=\"text-align: justify;\">7- TSK\u2019da verilen askeri e\u011fitim.<\/p>\n<p style=\"text-align: justify;\">8- Okullardaki Milli G\u00fcvenlik dersleri.<\/p>\n<p style=\"text-align: justify;\">9- Ka\u00e7 ordu komutanl\u0131\u011f\u0131 olaca\u011f\u0131, bunlar\u0131n nerelerde bulunaca\u011f\u0131.<\/p>\n<p style=\"text-align: justify;\">10 -Mustafa Mu\u011flal\u0131 gibi isimlerinin k\u0131\u015flalardan silinmesi.<\/p>\n<p style=\"text-align: justify;\">11- Askere dayak, k\u00f6t\u00fc muamale s\u0131f\u0131rlanmal\u0131.<\/p>\n<p style=\"text-align: justify;\">12- Milli g\u00fcnlerde tankl\u0131, toplu g\u00f6r\u00fcnt\u00fclere son verilmeli.<\/p>\n<p style=\"text-align: justify;\">13- Askeri harcamalar \u015feffafla\u015fmal\u0131.<\/p>\n<p style=\"text-align: justify;\">14- OYAK\u2019\u0131n varl\u0131\u011f\u0131 ve i\u015flevi g\u00f6zden ge\u00e7irilmeli.<\/p>\n<p style=\"text-align: justify;\">15- TSK\u2019da VET (verimlilik, etkinlik ve tutumluluk) prensibi uygulanmal\u0131<\/p>\n<p style=\"text-align: justify;\"><a href=\"http:\/\/www.gazeteport.com.tr\/haber\/50061\/15_maddelik_reform_plani\" target=\"_blank\">Kaynak : GAZETEPORT<\/a><\/p>\n","protected":false},"excerpt":{"rendered":"<p style=\"text-align: center;\">\n<p style=\"text-align: justify;\">Ege Ordusu ve 1\u2019inci Ordu\u2019nun varl\u0131\u011f\u0131 ile TSK\u2019da verilen askeri e\u011fitim tart\u0131\u015fmaya a\u00e7\u0131ld\u0131.<\/p>\n<p style=\"text-align: justify;\">ANKARA- YA\u015e ve MGK\u2019da oturma d\u00fczenlerinin de\u011fi\u015fimi, 27 Nisan bildirisinin Genelkurmay sitesinden \u00e7\u0131kar\u0131lmas\u0131, 30 A\u011fustos t\u00f6renlerindeki kabulleri Cumhurba\u015fkan\u0131\u2019n\u0131n yapmas\u0131 gibi \u2018siville\u015fme\u2019 g\u00f6r\u00fcnt\u00fcleri tart\u0131\u015f\u0131l\u0131rken, AKP\u2019li H\u00fcseyin \u00c7elik\u2019ten daha ileri ad\u0131mlar geldi. <\/p>\n","protected":false},"author":1,"featured_media":0,"comment_status":"open","ping_status":"open","sticky":false,"template":"","format":"standard","meta":{"footnotes":""},"categories":[105],"tags":[],"class_list":["post-39421","post","type-post","status-publish","format-standard","hentry","category-gundem","odd"],"_links":{"self":[{"href":"http:\/\/www.korhanyilmaz.com\/index.php?rest_route=\/wp\/v2\/posts\/39421","targetHints":{"allow":["GET"]}}],"collection":[{"href":"http:\/\/www.korhanyilmaz.com\/index.php?rest_route=\/wp\/v2\/posts"}],"about":[{"href":"http:\/\/www.korhanyilmaz.com\/index.php?rest_route=\/wp\/v2\/types\/post"}],"author":[{"embeddable":true,"href":"http:\/\/www.korhanyilmaz.com\/index.php?rest_route=\/wp\/v2\/users\/1"}],"replies":[{"embeddable":true,"href":"http:\/\/www.korhanyilmaz.com\/index.php?rest_route=%2Fwp%2Fv2%2Fcomments&post=39421"}],"version-history":[{"count":0,"href":"http:\/\/www.korhanyilmaz.com\/index.php?rest_route=\/wp\/v2\/posts\/39421\/revisions"}],"wp:attachment":[{"href":"http:\/\/www.korhanyilmaz.com\/index.php?rest_route=%2Fwp%2Fv2%2Fmedia&parent=39421"}],"wp:term":[{"taxonomy":"category","embeddable":true,"href":"http:\/\/www.korhanyilmaz.com\/index.php?rest_route=%2Fwp%2Fv2%2Fcategories&post=39421"},{"taxonomy":"post_tag","embeddable":true,"href":"http:\/\/www.korhanyilmaz.com\/index.php?rest_route=%2Fwp%2Fv2%2Ftags&post=39421"}],"curies":[{"name":"wp","href":"https:\/\/api.w.org\/{rel}","templated":true}]}}