{"id":39414,"date":"2011-09-01T21:48:46","date_gmt":"2011-09-01T18:48:46","guid":{"rendered":"http:\/\/www.korhanyilmaz.com\/?p=39414"},"modified":"2011-09-02T00:59:51","modified_gmt":"2011-09-01T21:59:51","slug":"mehmet-metiner%e2%80%99in-de-ses-kaydi-internette","status":"publish","type":"post","link":"http:\/\/www.korhanyilmaz.com\/?p=39414","title":{"rendered":"Mehmet Metiner\u2019in de ses kayd\u0131 internette"},"content":{"rendered":"<p><a href=\"http:\/\/www.korhanyilmaz.com\/wp-content\/uploads\/2011\/09\/8026.jpg\"  class=\"lightview\"><img loading=\"lazy\" decoding=\"async\" class=\"aligncenter size-full wp-image-39415\" title=\"\" src=\"http:\/\/www.korhanyilmaz.com\/wp-content\/uploads\/2011\/09\/8026.jpg\" alt=\"\" width=\"250\" height=\"150\" \/><\/a><\/p>\n<p style=\"text-align: justify;\">AK Parti Ad\u0131yaman Milletvekili Mehmet Metiner\u2019e ait oldu\u011fu iddia edilen bir ses kayd\u0131 internet sitelerine d\u00fc\u015ft\u00fc.<\/p>\n<p style=\"text-align: justify;\">Metiner bu konu\u015fmada, Ba\u015fbakan Tayyip Erdo\u011fan\u2019\u0131 ele\u015ftiriyor, K\u00fcrt sorununu \u00e7\u00f6zecek birikimi olmad\u0131\u011f\u0131n\u0131 iddia ediyor.<!--more--><\/p>\n<p style=\"text-align: justify;\">Ses kayd\u0131n\u0131 PKK\u2019n\u0131n \u00e7irkin bir komplosu olarak nitelendiren Metiner, tepkisini \u201cBu s\u00f6zleri 10-11 y\u0131l \u00f6nce s\u00f6ylemi\u015f olabilirim. Bug\u00fcn s\u00f6ylenmi\u015f gibi takdim etmek al\u00e7akl\u0131k ve namertliktir\u201d s\u00f6zleriyle dile getirdi.<\/p>\n<p style=\"text-align: justify;\"><a href=\"http:\/\/www.hurriyet.com.tr\/gundem\/18622948.asp\" target=\"_blank\">Kaynak : H\u00fcrriyet.com.tr<\/a><\/p>\n<hr \/>\n<p>[youtube]http:\/\/www.youtube.com\/watch?v=aZlmVVLtQjU[\/youtube]<\/p>\n<p>Video Kayna\u011f\u0131 :\u00a0<a href=\" http:\/\/www.youtube.com\/watch?v=aZlmVVLtQjU\" target=\"_blank\">http:\/\/www.youtube.com\/watch?v=aZlmVVLtQjU<\/a><\/p>\n<p style=\"text-align: justify;\">\n","protected":false},"excerpt":{"rendered":"<\/p>\n<p style=\"text-align: justify;\">AK Parti Ad\u0131yaman Milletvekili Mehmet Metiner\u2019e ait oldu\u011fu iddia edilen bir ses kayd\u0131 internet sitelerine d\u00fc\u015ft\u00fc.<\/p>\n<p style=\"text-align: justify;\">Metiner bu konu\u015fmada, Ba\u015fbakan Tayyip Erdo\u011fan\u2019\u0131 ele\u015ftiriyor, K\u00fcrt sorununu \u00e7\u00f6zecek birikimi olmad\u0131\u011f\u0131n\u0131 iddia ediyor.<\/p>\n","protected":false},"author":1,"featured_media":0,"comment_status":"open","ping_status":"open","sticky":false,"template":"","format":"standard","meta":{"footnotes":""},"categories":[105],"tags":[],"class_list":["post-39414","post","type-post","status-publish","format-standard","hentry","category-gundem","odd"],"_links":{"self":[{"href":"http:\/\/www.korhanyilmaz.com\/index.php?rest_route=\/wp\/v2\/posts\/39414","targetHints":{"allow":["GET"]}}],"collection":[{"href":"http:\/\/www.korhanyilmaz.com\/index.php?rest_route=\/wp\/v2\/posts"}],"about":[{"href":"http:\/\/www.korhanyilmaz.com\/index.php?rest_route=\/wp\/v2\/types\/post"}],"author":[{"embeddable":true,"href":"http:\/\/www.korhanyilmaz.com\/index.php?rest_route=\/wp\/v2\/users\/1"}],"replies":[{"embeddable":true,"href":"http:\/\/www.korhanyilmaz.com\/index.php?rest_route=%2Fwp%2Fv2%2Fcomments&post=39414"}],"version-history":[{"count":0,"href":"http:\/\/www.korhanyilmaz.com\/index.php?rest_route=\/wp\/v2\/posts\/39414\/revisions"}],"wp:attachment":[{"href":"http:\/\/www.korhanyilmaz.com\/index.php?rest_route=%2Fwp%2Fv2%2Fmedia&parent=39414"}],"wp:term":[{"taxonomy":"category","embeddable":true,"href":"http:\/\/www.korhanyilmaz.com\/index.php?rest_route=%2Fwp%2Fv2%2Fcategories&post=39414"},{"taxonomy":"post_tag","embeddable":true,"href":"http:\/\/www.korhanyilmaz.com\/index.php?rest_route=%2Fwp%2Fv2%2Ftags&post=39414"}],"curies":[{"name":"wp","href":"https:\/\/api.w.org\/{rel}","templated":true}]}}