{"id":39410,"date":"2011-09-01T22:18:48","date_gmt":"2011-09-01T19:18:48","guid":{"rendered":"http:\/\/www.korhanyilmaz.com\/?p=39410"},"modified":"2011-09-02T00:23:11","modified_gmt":"2011-09-01T21:23:11","slug":"dunya-baris-gunu-mitinginde-olaylar-cikti","status":"publish","type":"post","link":"http:\/\/www.korhanyilmaz.com\/?p=39410","title":{"rendered":"D\u00fcnya Bar\u0131\u015f G\u00fcn\u00fc mitinginde olaylar \u00e7\u0131kt\u0131"},"content":{"rendered":"<p style=\"text-align: center;\"><a href=\"http:\/\/www.korhanyilmaz.com\/wp-content\/uploads\/2011\/09\/8025.jpg\"  class=\"lightview\"><img loading=\"lazy\" decoding=\"async\" class=\"aligncenter size-full wp-image-39411\" src=\"http:\/\/www.korhanyilmaz.com\/wp-content\/uploads\/2011\/09\/8025.jpg\" alt=\"\" width=\"399\" height=\"224\" \/><\/a><\/p>\n<p style=\"text-align: justify;\">KADIK\u00d6Y\u2019de 1 Eyl\u00fcl D\u00fcnya Bar\u0131\u015f G\u00fcn\u00fc nedeniyle BDP\u2019nin \u00f6nc\u00fcl\u00fc\u011f\u00fcnde d\u00fczenlenen \u00e7ok say\u0131da siyasi parti ve sivil toplum kurulu\u015funun kat\u0131ld\u0131\u011f\u0131 mitingde olaylar \u00e7\u0131kt\u0131. Polis kontrol noktas\u0131na ses bombas\u0131n\u0131n at\u0131ld\u0131\u011f\u0131 olaylarda 6 polis yaralan\u0131rken, 63 g\u00f6sterici g\u00f6zalt\u0131na al\u0131nd\u0131.<\/p>\n<p style=\"text-align: justify;\">Ramazan Bayram\u0131n\u0131n 3\u2019\u00fcnc\u00fc g\u00fcn\u00fcne denk gelen 1 Eyl\u00fcl D\u00fcnya Bar\u0131\u015f G\u00fcn\u00fc nedeniyle Bar\u0131\u015f ve Demokrasi Partisi (BDP) ile \u0130stanbul Demokratik Kent Konseyi\u2019nce Kad\u0131k\u00f6y \u0130skele Meydan\u0131\u2019nda Bar\u0131\u015f Mitingi d\u00fczenlendi.\u00a0\u00a0<!--more--><\/p>\n<p style=\"text-align: justify;\">Tepe Nautilus Al\u0131\u015fveri\u015f Merkezi \u00f6n\u00fcnde toplanan BDP, ESP, EMEP, \u00d6DP, Dev-Lis, \u00d6\u011frenci Kolektifleri ve baz\u0131 sivil toplum kurulu\u015flar\u0131na \u00fcye yakla\u015f\u0131k 2 bin ki\u015fi, saat 13.00 s\u0131ralar\u0131nda y\u00fcr\u00fcmeye ba\u015flad\u0131. Gruptakiler ter\u00f6rist ba\u015f\u0131 lehine sloganlar attt\u0131lar, onu \u00f6ven pankartlar ta\u015f\u0131d\u0131la, foto\u011fraflar\u0131n\u0131n yer ald\u0131\u011f\u0131 posterleri a\u00e7t\u0131lar.<\/p>\n<p style=\"text-align: justify;\"><strong>\u0130LK OLAY RIHTIM CADDES\u0130 G\u0130R\u0130\u015e\u0130NDE \u00c7IKTI\u00a0<\/strong><\/p>\n<p style=\"text-align: justify;\">Sloganlar ve pankartlar dolay\u0131s\u0131yla \u0130stanbul Emniyet M\u00fcd\u00fcrl\u00fc\u011f\u00fc \u00c7evik Kuvvet \u015eube M\u00fcd\u00fcrl\u00fc\u011f\u00fc ekipleri, toplulu\u011fun \u00f6n\u00fcn\u00fcn R\u0131ht\u0131m Caddesi \u00fczerinde kesti. Organizasyonu ger\u00e7ekle\u015ftiren komitenin yetkilileri ile bir s\u00fcre konu\u015fan emniyet birimleri, pankartlar\u0131n indirilece\u011fi vaadini al\u0131nca toplulu\u011fun \u00f6n\u00fcndeki barikat\u0131 kald\u0131rd\u0131.<\/p>\n<p style=\"text-align: justify;\"><strong>ARAMA NOKTASINA SES BOMBASI ATILDI\u00a0<\/strong><\/p>\n<p style=\"text-align: justify;\">&amp;lsquo;Bar\u0131\u015f Anneleri\u2019nin ba\u015f\u0131n\u0131 \u00e7ekti\u011fi 2 bin ki\u015filik topluluk arama noktas\u0131na ula\u015ft\u0131\u011f\u0131nda b\u00fcy\u00fck bir patlama sesi geldi. Polislerin bulundu\u011fu b\u00f6l\u00fcmde ya\u015fanan kar\u0131\u015f\u0131kl\u0131\u011f\u0131n ard\u0131ndan eylemciler, ellerindeki sopalarla memurlara vurmaya ba\u015flad\u0131. Olaylar k\u0131sa s\u00fcre i\u00e7inde b\u00fcy\u00fcd\u00fc, g\u00f6stericiler \u00c7evik Kuvvet Birimleri\u2019nin bulundu\u011fu yere molotofkokteylleriyle sald\u0131rd\u0131. Polis molotof kokteyllerine gaz bombas\u0131 ile kar\u015f\u0131l\u0131k verince ortal\u0131k adeta sava\u015f alan\u0131na d\u00f6nd\u00fc. G\u00f6stericiler, ellerindeki ta\u015flar\u0131 da polisler ile gazetecilerin bulundu\u011fu b\u00f6l\u00fcme att\u0131. G\u00f6stericiler ayr\u0131ca R\u0131ht\u0131m Caddesi \u00fczerindeki \u0130.E.T.T Otob\u00fcs duraklar\u0131n\u0131 tahrip etti.<\/p>\n<p style=\"text-align: justify;\"><strong>OLAYLARDA 6 POL\u0130S YARALANDI\u00a0<\/strong><\/p>\n<p style=\"text-align: justify;\">BDP \u0130stanbul Milletvekili Sebahat Tuncel ve \u0130stanbul Milletvekili Abdullah Levent T\u00fczel\u2019in aralar\u0131nda bulundu\u011fu toplulu\u011fun s\u0131k s\u0131k polisin tutumunu ele\u015ftiren sloganlar att\u0131\u011f\u0131 dikkat \u00e7ekti. Olaylar nedeniyle arama noktas\u0131ndaki t\u00fcm polisler arka plana \u00e7ekildi, motolof kokteylerinin at\u0131lmas\u0131 nedeniyle Kad\u0131k\u00f6y \u0130tfaiyesi\u2019nden yard\u0131m istendi. At\u0131lan ses bombas\u0131, molotofkokteyli ve ta\u015flar nedeniyle 6 polis memuru yaralanarak hastaneye kald\u0131r\u0131ld\u0131. Polis memurlar\u0131n\u0131n hayati tehlikesinin bulunmad\u0131\u011f\u0131 a\u00e7\u0131kland\u0131.<\/p>\n<p style=\"text-align: justify;\">Olaylara kar\u0131\u015ft\u0131\u011f\u0131 \u00f6ne s\u00fcr\u00fclen 8\u2019i 1 Eyl\u00fcl D\u00fcnya Bar\u0131\u015f G\u00fcn\u00fc Mitingi Organizasyon Komitesi\u2019nden olmak \u00fczere 63 g\u00f6sterici g\u00f6zalt\u0131na al\u0131narak emniyete g\u00f6t\u00fcr\u00fcld\u00fc.<\/p>\n<p style=\"text-align: justify;\">Olaylar\u0131n yat\u0131\u015fmamas\u0131 ve giderek t\u0131rmanmas\u0131 sonucunda miting sona erdirildi. Topluluk da\u011f\u0131l\u0131m s\u0131ras\u0131nda da Haldun Taner Sahnesi\u2019nin camlar\u0131n\u0131 k\u0131rd\u0131, baz\u0131 otob\u00fcs duraklar\u0131n\u0131 ate\u015fe verdi, baz\u0131 i\u015fyerlerinin camlar\u0131 ta\u015fland\u0131.<\/p>\n<p style=\"text-align: justify;\">\u00c7evik Kuvvet \u015eube M\u00fcd\u00fcrl\u00fc\u011f\u00fc\u2019ne ba\u011fl\u0131 olarak \u00e7al\u0131\u015fan Toplumsal Olaylara M\u00fcdahale Arac\u0131 (TOMA) g\u00f6stericileri Haydarpa\u015fa K\u00f6pr\u00fcs\u00fc\u2019ne kadar takip etti. Yakla\u015f\u0131k 2 saat s\u00fcren olaylar, toplulu\u011fun ara sokaklara girerek kaybolmas\u0131yla sonland\u0131. Kad\u0131k\u00f6y R\u0131ht\u0131m Caddesi ile \u0130skele Meydan\u0131\u2019da adeta sava\u015f alan\u0131na d\u00f6nd\u00fc.<\/p>\n<p style=\"text-align: justify;\"><a href=\"http:\/\/www.hurriyet.com.tr\/gundem\/18626209.asp\" target=\"_blank\">Kaynak : H\u00fcrriyet.com.tr<\/a><\/p>\n","protected":false},"excerpt":{"rendered":"<p style=\"text-align: center;\">\n<p style=\"text-align: justify;\">KADIK\u00d6Y\u2019de 1 Eyl\u00fcl D\u00fcnya Bar\u0131\u015f G\u00fcn\u00fc nedeniyle BDP\u2019nin \u00f6nc\u00fcl\u00fc\u011f\u00fcnde d\u00fczenlenen \u00e7ok say\u0131da siyasi parti ve sivil toplum kurulu\u015funun kat\u0131ld\u0131\u011f\u0131 mitingde olaylar \u00e7\u0131kt\u0131. Polis kontrol noktas\u0131na ses bombas\u0131n\u0131n at\u0131ld\u0131\u011f\u0131 olaylarda 6 polis yaralan\u0131rken, 63 g\u00f6sterici g\u00f6zalt\u0131na al\u0131nd\u0131.<\/p>\n<p style=\"text-align: justify;\">Ramazan Bayram\u0131n\u0131n 3\u2019\u00fcnc\u00fc g\u00fcn\u00fcne denk gelen 1 Eyl\u00fcl D\u00fcnya Bar\u0131\u015f G\u00fcn\u00fc nedeniyle <\/p>\n","protected":false},"author":1,"featured_media":0,"comment_status":"open","ping_status":"open","sticky":false,"template":"","format":"standard","meta":{"footnotes":""},"categories":[105],"tags":[],"class_list":["post-39410","post","type-post","status-publish","format-standard","hentry","category-gundem","odd"],"_links":{"self":[{"href":"http:\/\/www.korhanyilmaz.com\/index.php?rest_route=\/wp\/v2\/posts\/39410","targetHints":{"allow":["GET"]}}],"collection":[{"href":"http:\/\/www.korhanyilmaz.com\/index.php?rest_route=\/wp\/v2\/posts"}],"about":[{"href":"http:\/\/www.korhanyilmaz.com\/index.php?rest_route=\/wp\/v2\/types\/post"}],"author":[{"embeddable":true,"href":"http:\/\/www.korhanyilmaz.com\/index.php?rest_route=\/wp\/v2\/users\/1"}],"replies":[{"embeddable":true,"href":"http:\/\/www.korhanyilmaz.com\/index.php?rest_route=%2Fwp%2Fv2%2Fcomments&post=39410"}],"version-history":[{"count":0,"href":"http:\/\/www.korhanyilmaz.com\/index.php?rest_route=\/wp\/v2\/posts\/39410\/revisions"}],"wp:attachment":[{"href":"http:\/\/www.korhanyilmaz.com\/index.php?rest_route=%2Fwp%2Fv2%2Fmedia&parent=39410"}],"wp:term":[{"taxonomy":"category","embeddable":true,"href":"http:\/\/www.korhanyilmaz.com\/index.php?rest_route=%2Fwp%2Fv2%2Fcategories&post=39410"},{"taxonomy":"post_tag","embeddable":true,"href":"http:\/\/www.korhanyilmaz.com\/index.php?rest_route=%2Fwp%2Fv2%2Ftags&post=39410"}],"curies":[{"name":"wp","href":"https:\/\/api.w.org\/{rel}","templated":true}]}}