{"id":39400,"date":"2011-08-31T21:12:20","date_gmt":"2011-08-31T18:12:20","guid":{"rendered":"http:\/\/www.korhanyilmaz.com\/?p=39400"},"modified":"2011-09-01T08:25:00","modified_gmt":"2011-09-01T05:25:00","slug":"sarkozyden-irana-saldiririz-uyarisi","status":"publish","type":"post","link":"http:\/\/www.korhanyilmaz.com\/?p=39400","title":{"rendered":"Sarkozy&#8217;den \u0130ran&#8217;a &#8220;sald\u0131r\u0131r\u0131z&#8221; uyar\u0131s\u0131"},"content":{"rendered":"<p style=\"text-align: justify;\"><a href=\"http:\/\/www.korhanyilmaz.com\/wp-content\/uploads\/2011\/08\/8023.jpg\"  class=\"lightview\"><img loading=\"lazy\" decoding=\"async\" class=\"aligncenter size-full wp-image-39402\" title=\"\" src=\"http:\/\/www.korhanyilmaz.com\/wp-content\/uploads\/2011\/08\/8023.jpg\" alt=\"\" width=\"292\" height=\"224\" \/><\/a><\/p>\n<p style=\"text-align: justify;\">Fransa Cumhurba\u015fkan\u0131 Nicolas Sarkozy, \u0130ran&#8217;\u0131n n\u00fckleer silah \u00fcretimiyle ilgili projelerinde \u0131srar etmesi halinde \u00f6nlem amac\u0131yla bu \u00fclkeye bir sald\u0131r\u0131 d\u00fczenlenebilece\u011fi uyar\u0131s\u0131nda bulundu.<\/p>\n<p style=\"text-align: justify;\">Fransa&#8217;n\u0131n yurt d\u0131\u015f\u0131ndaki b\u00fcy\u00fckel\u00e7ilerinin kat\u0131l\u0131m\u0131yla d\u00fczenlenen konferansta konu\u015fan Sarkozy, &#8220;\u0130ran&#8217;\u0131n askeri, n\u00fckleer ve balistik silah projeleri tehdit olu\u015fturmaya devam ediyor.<!--more--><\/p>\n<p style=\"text-align: justify;\">Bu durum, \u0130ran&#8217;\u0131n n\u00fckleer tesislerine \u00f6nlem amac\u0131yla bir sald\u0131r\u0131 d\u00fczenlenmesine yol a\u00e7abilir. Bu da Fransa&#8217;n\u0131n hi\u00e7 istemedi\u011fi b\u00fcy\u00fck bir krize yol a\u00e7abilir&#8221; ifadesini kulland\u0131.<\/p>\n<p style=\"text-align: justify;\">Frans\u0131z b\u00fcy\u00fckel\u00e7ilerin \u00fc\u00e7 g\u00fcn s\u00fcrecek konferans\u0131nda, &#8220;Arap Bahar\u0131&#8221; ve Ortado\u011fu Bar\u0131\u015f S\u00fcreciyle&#8221; ilgili geli\u015fmeler \u00f6ncelikle masaya yat\u0131r\u0131lacak.<\/p>\n<p style=\"text-align: justify;\"><a href=\"http:\/\/www.cnnturk.com\/2011\/dunya\/08\/31\/sarkozyden.irana.saldiririz.uyarisi\/627836.0\/index.html\" target=\"_blank\">Kaynak : CNN T\u00dcRK<\/a><\/p>\n<p style=\"text-align: justify;\"><a href=\"http:\/\/www.cnnturk.com\/2011\/dunya\/08\/31\/sarkozyden.irana.saldiririz.uyarisi\/627836.0\/index.html\" target=\"_blank\">\u00a0<\/a><\/p>\n","protected":false},"excerpt":{"rendered":"<p style=\"text-align: justify;\">\n<p style=\"text-align: justify;\">Fransa Cumhurba\u015fkan\u0131 Nicolas Sarkozy, \u0130ran&#8217;\u0131n n\u00fckleer silah \u00fcretimiyle ilgili projelerinde \u0131srar etmesi halinde \u00f6nlem amac\u0131yla bu \u00fclkeye bir sald\u0131r\u0131 d\u00fczenlenebilece\u011fi uyar\u0131s\u0131nda bulundu.<\/p>\n<p style=\"text-align: justify;\">Fransa&#8217;n\u0131n yurt d\u0131\u015f\u0131ndaki b\u00fcy\u00fckel\u00e7ilerinin kat\u0131l\u0131m\u0131yla d\u00fczenlenen konferansta konu\u015fan Sarkozy, &#8220;\u0130ran&#8217;\u0131n askeri, n\u00fckleer ve balistik silah projeleri tehdit olu\u015fturmaya devam ediyor.<\/p>\n","protected":false},"author":1,"featured_media":0,"comment_status":"open","ping_status":"open","sticky":false,"template":"","format":"standard","meta":{"footnotes":""},"categories":[105],"tags":[],"class_list":["post-39400","post","type-post","status-publish","format-standard","hentry","category-gundem","odd"],"_links":{"self":[{"href":"http:\/\/www.korhanyilmaz.com\/index.php?rest_route=\/wp\/v2\/posts\/39400","targetHints":{"allow":["GET"]}}],"collection":[{"href":"http:\/\/www.korhanyilmaz.com\/index.php?rest_route=\/wp\/v2\/posts"}],"about":[{"href":"http:\/\/www.korhanyilmaz.com\/index.php?rest_route=\/wp\/v2\/types\/post"}],"author":[{"embeddable":true,"href":"http:\/\/www.korhanyilmaz.com\/index.php?rest_route=\/wp\/v2\/users\/1"}],"replies":[{"embeddable":true,"href":"http:\/\/www.korhanyilmaz.com\/index.php?rest_route=%2Fwp%2Fv2%2Fcomments&post=39400"}],"version-history":[{"count":0,"href":"http:\/\/www.korhanyilmaz.com\/index.php?rest_route=\/wp\/v2\/posts\/39400\/revisions"}],"wp:attachment":[{"href":"http:\/\/www.korhanyilmaz.com\/index.php?rest_route=%2Fwp%2Fv2%2Fmedia&parent=39400"}],"wp:term":[{"taxonomy":"category","embeddable":true,"href":"http:\/\/www.korhanyilmaz.com\/index.php?rest_route=%2Fwp%2Fv2%2Fcategories&post=39400"},{"taxonomy":"post_tag","embeddable":true,"href":"http:\/\/www.korhanyilmaz.com\/index.php?rest_route=%2Fwp%2Fv2%2Ftags&post=39400"}],"curies":[{"name":"wp","href":"https:\/\/api.w.org\/{rel}","templated":true}]}}