{"id":39396,"date":"2011-05-26T10:51:06","date_gmt":"2011-05-26T07:51:06","guid":{"rendered":"http:\/\/www.korhanyilmaz.com\/?p=39396"},"modified":"2011-09-01T00:44:40","modified_gmt":"2011-08-31T21:44:40","slug":"cetin-dogan-tayyip-erdoganin-eski-defterlerini-karistirdi","status":"publish","type":"post","link":"http:\/\/www.korhanyilmaz.com\/?p=39396","title":{"rendered":"\u00c7etin Do\u011fan Tayyip Erdo\u011fan&#8217;\u0131n &#8221; Eski Defterlerini &#8221; kar\u0131\u015ft\u0131rd\u0131"},"content":{"rendered":"<p style=\"text-align: center;\"><a href=\"http:\/\/www.korhanyilmaz.com\/wp-content\/uploads\/2011\/09\/8022.jpg\"  class=\"lightview\"><img loading=\"lazy\" decoding=\"async\" class=\"aligncenter size-full wp-image-39397\" src=\"http:\/\/www.korhanyilmaz.com\/wp-content\/uploads\/2011\/09\/8022.jpg\" alt=\"\" width=\"322\" height=\"245\" \/><\/a><\/p>\n<p style=\"text-align: justify;\">Ergenekon davas\u0131 kapsam\u0131nda Silivri&#8217;de tutuklu bulunan emekli Orgeneral \u00c7etin Do\u011fan&#8217;\u0131n Ayd\u0131nl\u0131k gazetesinde kaleme ald\u0131\u011f\u0131 yaz\u0131y\u0131 aynen veriyoruz;<\/p>\n<p style=\"text-align: justify;\">Halk\u0131n kar\u015f\u0131s\u0131na \u00f6zg\u00fcvenle \u00e7\u0131k\u0131p konu\u015fabilmek kolay bir i\u015f de\u011fildir. \u0130nand\u0131r\u0131c\u0131 mesaj\u0131 olmayanlar, hayal ve ger\u00e7e\u011fi birbirine kar\u0131\u015ft\u0131rd\u0131klar\u0131n\u0131 kendileri ve bindirilmi\u015f k\u0131talar\u0131 ay\u0131rd\u0131na varmasa da, dinleyenler sap\u0131 saman\u0131 ve de \u00fclkeyi kar\u0131\u015ft\u0131rd\u0131\u011f\u0131n\u0131z\u0131 fark eder. Hele konu\u015fmalarda yer alan sloganlar\u0131 sa\u011fa sola boy boy yap\u0131\u015ft\u0131r\u0131rsan\u0131z, g\u00fcvenirsizli\u011finizin tescilini de yapm\u0131\u015f olursunuz.\u00a0<!--more--><\/p>\n<p style=\"text-align: justify;\">Sap\u0131 saman\u0131 birbirine kar\u0131\u015ft\u0131rmadan do\u011fru d\u00fcr\u00fcst konu\u015farak insanlar\u0131 etkilemenin ayr\u0131ca ko\u015fullar\u0131 da vard\u0131r. \u00d6ncelikle beyninizde bilgi birikimi, y\u00fcre\u011finizde inan\u00e7 ve sevginin co\u015fkusu, davran\u0131\u015flar\u0131n\u0131zda da terbiye ve g\u00f6rg\u00fcn\u00fcn belirgin i\u015fareti olmas\u0131 gerekir.<\/p>\n<p style=\"text-align: justify;\">Miting meydanlar\u0131ndan g\u00f6r\u00fcnen o ki bu konulardaki eksikli\u011fin bir b\u00f6l\u00fcm\u00fc teknoloji ile giderilmeye \u00e7al\u0131\u015f\u0131l\u0131yor. Haz\u0131rlanan metinlerin yeterli provas\u0131n\u0131n yap\u0131lamad\u0131\u011f\u0131 zamanlarda camdan akan yaz\u0131lar\u0131n zaman zaman okuyan\u0131 s\u0131k\u0131nt\u0131ya soktu\u011fu g\u00f6r\u00fcl\u00fcyor. Bu hallerde metin d\u0131\u015f\u0131na \u00e7\u0131kma isteminin dayan\u0131lmaz hafifli\u011fi konu\u015fmac\u0131y\u0131 b\u00fcsb\u00fct\u00fcn \u00e7\u0131kmaza s\u00fcr\u00fckl\u00fcyor.<\/p>\n<p style=\"text-align: justify;\">Di\u011fer taraftan metin yazarlar\u0131n\u0131n, sadece &#8220;taifeden&#8221; se\u00e7imi konu ve slogan yaratmada beni s\u0131k\u00e7a zora sokmaktad\u0131r. Bunun en son \u00f6rnekleri eski defterlerin kar\u0131\u015ft\u0131r\u0131lmaya ba\u015flanmas\u0131 ile ortaya at\u0131lan iddialard\u0131r.<\/p>\n<p style=\"text-align: justify;\"><strong>Ba\u015fbakan Nutuk&#8217;u okumam\u0131\u015f\u00a0<\/strong><\/p>\n<p style=\"text-align: justify;\">Bu konuda fazla ayr\u0131nt\u0131ya girmeden bir-iki \u00f6rnek vermekle yetinelim:<\/p>\n<p style=\"text-align: justify;\">Yak\u0131n zamanda \u00f6n\u00fcndeki camdan akan yaz\u0131da m\u0131 vard\u0131, yoksa g\u00fcn\u00fcm\u00fczde ya\u015fanan haks\u0131zl\u0131k ve hukuksuzluklara ge\u00e7mi\u015ften yad\u0131rgat\u0131c\u0131 \u00f6rnekler verme ihtiyac\u0131n\u0131 birden bire hissetmesinden mi kaynakland\u0131\u011f\u0131n\u0131 pek anlayamad\u0131\u011f\u0131m, mi\u015fli ge\u00e7mi\u015f zamana ili\u015fkin olaylar\u0131, tarihe mal olmu\u015f sayg\u0131n ki\u015fileri Say\u0131n Ba\u015fbakan dile dolamaya ba\u015flad\u0131.<\/p>\n<p style=\"text-align: justify;\">Bu kapsamda, \u00fclkemizde demokrasinin temelini atan, Kurtulu\u015f Sava\u015f\u0131 kahraman\u0131, ikinci Cumhurba\u015fkan\u0131 \u0130smet \u0130n\u00f6n\u00fc ile \u00fclkemize bir \u00e7ok eserler kazand\u0131rm\u0131\u015f, g\u00fcnah\u0131 ve sevab\u0131 ile tarihe mal olmu\u015f, \u00f6zellkile 9. Cumhurba\u015fkan\u0131m\u0131z olarak demokrasimizin korunmas\u0131 ve \u00fclkemizin kaosa s\u00fcr\u00fcklenmemesi i\u00e7in \u00f6nemli bir misyonu ba\u015far\u0131 ile yerine getirmi\u015f, aktif siyasetin d\u0131\u015f\u0131nda olmaya \u00f6zen g\u00f6steren Say\u0131n S\u00fcleyman Demirel&#8217;e sata\u015fmas\u0131 b\u00fcy\u00fck talihsizlik olmu\u015ftur. Son olarak &#8220;\u0130skilipli Hocam\u0131z\u0131 ast\u0131ran hakimin ad\u0131n\u0131 parka verdiler&#8221; diyerek, eski defterleri kar\u0131\u015ft\u0131rma eylemine adeta t\u00fcy dikmi\u015ftir.<\/p>\n<p style=\"text-align: justify;\">RTE&#8217;nin kendinden menkul &#8220;Ustal\u0131k D\u00f6nemi&#8221;nde hi\u00e7 olmazsa T\u00fcrk toplumunun \u00fcmmet ve teba olmaktan \u00e7\u0131kart\u0131l\u0131p, bireyleri yurtta\u015f, toplumu ulus haline getiren devrimlerin referandumlarla ger\u00e7ekle\u015fme olana\u011f\u0131n\u0131n bulunmad\u0131\u011f\u0131n\u0131 bilmesi gerekirdi.<\/p>\n<p style=\"text-align: justify;\">Kurtulu\u015f Sava\u015f\u0131&#8217;nda, toplumumuzdaki yabanc\u0131lara direnme ve ba\u011f\u0131ms\u0131z ya\u015fama tutkusu, toplumun her kesiminden insanlar\u0131 elde kalan son vatan topra\u011f\u0131n\u0131 kurtarma amac\u0131yla, Gazi Mustafa Kemal&#8217;in \u00e7evresinde birle\u015ftirmi\u015ftir. Ancak s\u0131ra k\u00f6kl\u00fc devrimlerle \u00e7a\u011fda\u015f bir toplum yaratmaya geldi\u011finde, toplumun her kesiminden, hatta \u00e7evresindeki yak\u0131n arkada\u015flar\u0131ndan duraksama ve diren\u00e7 ortaya \u00e7\u0131km\u0131\u015ft\u0131r. Kar\u015f\u0131 devrimcilerin diren\u00e7leri, T\u00fcrk ulusu ve Ordusu&#8217;nun g\u00f6nl\u00fcnde kurtarc\u0131s\u0131na ve &#8220;Ba\u015fkomutan\u0131&#8217;na&#8221; kar\u015f\u0131 duydu\u011fu engin sevgi ve g\u00fcvenin sa\u011flad\u0131\u011f\u0131 otorite ile k\u0131r\u0131lm\u0131\u015ft\u0131r. Ger\u00e7ek anlamda &#8220;Anadolu \u0130htilali&#8221; Mustafa Kemal ve onun etraf\u0131ndan kenetlenmi\u015f bir avu\u00e7 insan\u0131n eseridir. Bu noktada bilinmesi gereken d\u00fcnya \u00fclkeleri i\u00e7erisinde devrimlerini kans\u0131z denecek kadar \u00e7ok az kanla ger\u00e7ekle\u015ftiren tek \u00fclke T\u00fcrkiye&#8217;dir.<\/p>\n<p style=\"text-align: justify;\">Say\u0131n Ba\u015fbakan&#8217;\u0131n \u0130stiklal mahkemelerinin kurulu\u015fu ve i\u015flevi konusunda da bilgi eksikli\u011fi oldu\u011fu ve Nutku da okumad\u0131\u011f\u0131 anla\u015f\u0131lmaktad\u0131r. Okumu\u015f olsayd\u0131, Kurtulu\u015f Sava\u015f\u0131 kahramanlar\u0131m\u0131zdan Albay Ali \u00c7etinkaya&#8217;n\u0131n Ayval\u0131k&#8217;a \u00e7\u0131kan Yunan askerine kar\u015f\u0131 Kurtulu\u015f Sava\u015f\u0131m\u0131zda ilk kur\u015funu atan ve direnen 172. Alay Komutan\u0131 olarak kendisinden Atat\u00fcrk&#8217;\u00fcn \u00f6vg\u00fcyle s\u00f6z etti\u011fini de \u00f6\u011frenir, belki de kendisine dil uzatmazd\u0131.<\/p>\n<p style=\"text-align: justify;\">Eski defterleri kar\u0131\u015ft\u0131rmaya hakk\u0131 olanlar, ge\u00e7mi\u015fteki s\u00f6z ve eylemlerinin arkas\u0131nda durabilenlerdir. Biz bu yaz\u0131m\u0131zda konuyu fazla uzatmadan, \u015fimdilik RTE&#8217;nin \u00e7\u0131rakl\u0131k ve kalfal\u0131k d\u00f6nemi \u00f6ncesinde deftere kayd\u0131n\u0131 yapt\u0131\u011f\u0131m\u0131z, kendisinin ve dava arkada\u015f\u0131 say\u0131n B\u00fclent Ar\u0131n\u00e7&#8217;\u0131n s\u00f6zlerinden bir ka\u00e7\u0131n\u0131 yazmakla yetinelim. Bu d\u00f6nemde RTE&#8217;nin Afganistan&#8217;\u0131n Sava\u015f Lordu, M\u00fccahid Hikmetyar&#8217;\u0131n dizinin dibinde diz \u00e7\u00f6km\u00fc\u015f bir resmi oldu\u011fu da hat\u0131rlanacakt\u0131r.<\/p>\n<p style=\"text-align: justify;\"><strong>&#8216;\u0130stanbul&#8217;un imam\u0131y\u0131m&#8217;\u00a0<\/strong><\/p>\n<p style=\"text-align: justify;\">Say\u0131n Recep Tayyip Erdo\u011fan, 1994 y\u0131l\u0131nda \u0130stanbul B\u00fcy\u00fck\u015fehir Belediye Ba\u015fkan\u0131 se\u00e7ildi\u011finde &#8220;Ben \u0130stanbul&#8217;un imam\u0131y\u0131m&#8221; s\u00f6z\u00fcn\u00fc hi\u00e7 unutmad\u0131m. Bu s\u00f6z\u00fcn ard\u0131ndan 8 y\u0131l ge\u00e7tikten sonra Ba\u015fbakanl\u0131k koltu\u011funa oturttu\u011funda, acaba &#8220;Ben T\u00fcrkiye&#8217;nin imam\u0131y\u0131m&#8221; diye akl\u0131ndan ge\u00e7irip ge\u00e7irmedi\u011fini hep merak etmi\u015fimdir. Bunun nedeni &#8220;Demokrasi ama\u00e7 de\u011fil, ara\u00e7t\u0131r&#8221; vecizesi ile &#8220;Benim referans\u0131m Anayasa de\u011fil, Kur&#8217;and\u0131r&#8221; s\u00f6yleminin RTE&#8217;ye patentli olmas\u0131d\u0131r.<\/p>\n<p style=\"text-align: justify;\">G\u00fclerken a\u011flad\u0131\u011f\u0131, a\u011flarken g\u00fcld\u00fc\u011f\u00fc san\u0131s\u0131n\u0131 uyand\u0131ran, say\u0131n B\u00fclent Ar\u0131n\u00e7&#8217;tan da eski defterde yaz\u0131l\u0131, \u015fiirsel bir konu\u015fmadan bir b\u00f6l\u00fcm yazal\u0131m.<\/p>\n<p style=\"text-align: justify;\">&#8220;Be\u015feri sistemler \u00e7\u00f6k\u00fcyor&#8230; Amerika&#8217;n\u0131n \u00e7\u00f6k\u00fc\u015f\u00fcn\u00fc Rabbim bize g\u00f6stersin. Putlara kar\u015f\u0131 sava\u015f ba\u015flad\u0131. Putlar\u0131 y\u0131kaca\u011f\u0131z&#8230; \u0130ran&#8217;da topyek\u00fcn m\u00fccadeleyi ba\u015far\u0131 ile tamamlad\u0131lar. \u015eehit oldular, inan\u00e7lara uygun rejim getirdiler&#8230; Afganistan&#8217;daki cihad \u015ferefimiz oldu&#8230; Ey Arafat, sen Allah\u0131n dini yerine laiklik ve demokrasi istiyorsun, bu y\u00fczden kaybediyorsun. \u015eeyh Ahmet Yasin Gazze&#8217;de \u0131\u015f\u0131k yakt\u0131. Bu \u0131\u015f\u0131\u011f\u0131n ad\u0131 HAMAS&#8217;t\u0131r&#8230;&#8221;<\/p>\n<p style=\"text-align: justify;\"><strong>Se\u00e7im kampanyas\u0131na t\u00fcrk\u00fc\u00a0<\/strong><\/p>\n<p style=\"text-align: justify;\">Bilmem Say\u0131n Ba\u015fbakan ve Say\u0131n Devlet Bakan\u0131&#8217;n\u0131n eski defterleri kar\u0131\u015ft\u0131rarak bir \u00e7\u0131rp\u0131da buluverdi\u011fim eskiden s\u00f6yledikleri s\u00f6zlerin h\u00e2l\u00e2 arkas\u0131nda m\u0131d\u0131rlar? Bu s\u00f6zlerden \u00e7ok daha fazlas\u0131 eski defterlerde kayda ge\u00e7mi\u015f. Umar\u0131m bu s\u00f6zlerden gurur duymuyorlard\u0131r.<\/p>\n<p style=\"text-align: justify;\">Bu noktada, yaz\u0131m\u0131z\u0131 e\u011flenceli bir \u015fekilde sonland\u0131rmak i\u00e7in, eski defterleri kar\u0131\u015ft\u0131rma vesilesi ile an\u0131msad\u0131\u011f\u0131m \u00fcnl\u00fc bir halk t\u00fcrk\u00fcm\u00fczden bir d\u00f6rtl\u00fc\u011f\u00fc yazal\u0131m. Ayr\u0131ca bu d\u00f6rtl\u00fc\u011f\u00fc Cumhuriyet G\u00fc\u00e7birli\u011fi ba\u011f\u0131ms\u0131z adaylar\u0131n\u0131n se\u00e7im kampanyalar\u0131nda devaml\u0131 s\u00f6ylemekten de geri durmayal\u0131m.<\/p>\n<p style=\"text-align: justify;\">Al\u00e7aklara kar ya\u011fd\u0131<\/p>\n<p style=\"text-align: justify;\">Sen hi\u00e7 \u00fc\u015f\u00fcmedin mi?<\/p>\n<p style=\"text-align: justify;\">Sen bu i\u015fin sonunu<\/p>\n<p style=\"text-align: justify;\">Hi\u00e7 d\u00fc\u015f\u00fcnmedin mi?<\/p>\n<p style=\"text-align: justify;\">\u00a0Kolay gelsin, esenlik dileklerimle.<\/p>\n<p style=\"text-align: justify;\">(25 May\u0131s)<\/p>\n<p style=\"text-align: justify;\"><em>\u00c7etin Do\u011fan \/ AYDINLIK<\/em><\/p>\n<p style=\"text-align: justify;\"><a href=\"http:\/\/www.odatv.com\/n.php?n=cetin-dogan-yayyip-erdoganin-eski-defterlerini-karistirdi-2605111200\" target=\"_blank\">Kaynak : Odatv.com<\/a><\/p>\n","protected":false},"excerpt":{"rendered":"<p style=\"text-align: center;\">\n<p style=\"text-align: justify;\">Ergenekon davas\u0131 kapsam\u0131nda Silivri&#8217;de tutuklu bulunan emekli Orgeneral \u00c7etin Do\u011fan&#8217;\u0131n Ayd\u0131nl\u0131k gazetesinde kaleme ald\u0131\u011f\u0131 yaz\u0131y\u0131 aynen veriyoruz;<\/p>\n<p style=\"text-align: justify;\">Halk\u0131n kar\u015f\u0131s\u0131na \u00f6zg\u00fcvenle \u00e7\u0131k\u0131p konu\u015fabilmek kolay bir i\u015f de\u011fildir. \u0130nand\u0131r\u0131c\u0131 mesaj\u0131 olmayanlar, hayal ve ger\u00e7e\u011fi birbirine kar\u0131\u015ft\u0131rd\u0131klar\u0131n\u0131 kendileri ve bindirilmi\u015f k\u0131talar\u0131 ay\u0131rd\u0131na varmasa da, dinleyenler sap\u0131 saman\u0131 ve de \u00fclkeyi kar\u0131\u015ft\u0131rd\u0131\u011f\u0131n\u0131z\u0131 <\/p>\n","protected":false},"author":1,"featured_media":0,"comment_status":"open","ping_status":"open","sticky":false,"template":"","format":"standard","meta":{"footnotes":""},"categories":[105],"tags":[117,382,383,12,384],"class_list":["post-39396","post","type-post","status-publish","format-standard","hentry","category-gundem","tag-bulent-arinc","tag-cetin-dogan","tag-ergenekon-davasi","tag-recep-tayyip-erdogan","tag-silivri-cezaevi","odd"],"_links":{"self":[{"href":"http:\/\/www.korhanyilmaz.com\/index.php?rest_route=\/wp\/v2\/posts\/39396","targetHints":{"allow":["GET"]}}],"collection":[{"href":"http:\/\/www.korhanyilmaz.com\/index.php?rest_route=\/wp\/v2\/posts"}],"about":[{"href":"http:\/\/www.korhanyilmaz.com\/index.php?rest_route=\/wp\/v2\/types\/post"}],"author":[{"embeddable":true,"href":"http:\/\/www.korhanyilmaz.com\/index.php?rest_route=\/wp\/v2\/users\/1"}],"replies":[{"embeddable":true,"href":"http:\/\/www.korhanyilmaz.com\/index.php?rest_route=%2Fwp%2Fv2%2Fcomments&post=39396"}],"version-history":[{"count":0,"href":"http:\/\/www.korhanyilmaz.com\/index.php?rest_route=\/wp\/v2\/posts\/39396\/revisions"}],"wp:attachment":[{"href":"http:\/\/www.korhanyilmaz.com\/index.php?rest_route=%2Fwp%2Fv2%2Fmedia&parent=39396"}],"wp:term":[{"taxonomy":"category","embeddable":true,"href":"http:\/\/www.korhanyilmaz.com\/index.php?rest_route=%2Fwp%2Fv2%2Fcategories&post=39396"},{"taxonomy":"post_tag","embeddable":true,"href":"http:\/\/www.korhanyilmaz.com\/index.php?rest_route=%2Fwp%2Fv2%2Ftags&post=39396"}],"curies":[{"name":"wp","href":"https:\/\/api.w.org\/{rel}","templated":true}]}}