{"id":39370,"date":"2011-08-23T10:12:49","date_gmt":"2011-08-23T07:12:49","guid":{"rendered":"http:\/\/www.korhanyilmaz.com\/?p=39370"},"modified":"2011-08-31T08:21:26","modified_gmt":"2011-08-31T05:21:26","slug":"pes-yani-kemal-bey-oyle-soylenir-mi","status":"publish","type":"post","link":"http:\/\/www.korhanyilmaz.com\/?p=39370","title":{"rendered":"&#8216;Pes yani Kemal Bey \u00f6yle s\u00f6ylenir mi?&#8217;"},"content":{"rendered":"<p style=\"text-align: justify;\"><a href=\"http:\/\/www.korhanyilmaz.com\/wp-content\/uploads\/2011\/08\/8016.jpg\"  class=\"lightview\"><img loading=\"lazy\" decoding=\"async\" class=\"aligncenter size-full wp-image-39371\" title=\"\" src=\"http:\/\/www.korhanyilmaz.com\/wp-content\/uploads\/2011\/08\/8016.jpg\" alt=\"\" width=\"260\" height=\"198\" \/><\/a><\/p>\n<p style=\"text-align: justify;\">K\u0131l\u0131\u00e7daro\u011flu ile Bal\u00e7i\u00e7ek \u0130lter aras\u0131ndaki ilgin\u00e7 diyalog<\/p>\n<p style=\"text-align: justify;\">Habert\u00fcrk&#8217;te Bal\u00e7i\u00e7ek \u0130lter&#8217;in sundu\u011fu programa konuk olan K\u0131l\u0131\u00e7daro\u011flu zor anlar ya\u015fad\u0131. \u0130lter, CHP liderinin PKK eylemlerinde TSK&#8217;nin verdi\u011fi a\u011f\u0131r kay\u0131plar\u0131 &#8216;askerlerin tutuklanmalar\u0131 y\u00fcz\u00fcnden ordunun morali bozuk&#8217; \u015feklinde de\u011ferlendirdi\u011fi s\u00f6zlerine g\u00f6ndermede bulunarak: &#8216;Ben \u00e7ok garipsedim, hatta pes yani dedim.&#8217; s\u00f6zleriyle ele\u015ftirdi.\u00a0<!--more--><\/p>\n<p style=\"text-align: justify;\">CHP Genel Ba\u015fkan\u0131 Kemal K\u0131l\u0131\u00e7daro\u011flu, &#8220;Beni\u00a0rahats\u0131z eden Say\u0131n Ba\u015fbakan\u0131n Somali\u2019ye yard\u0131m olay\u0131n\u0131 bir \u015fova d\u00f6n\u00fc\u015ft\u00fcrmesi. \u00d6yle dans g\u00f6sterileri falan bunlar \u015f\u0131k de\u011fil. O insanlara yard\u0131m edecekseniz tek\u00a0yolu var K\u0131z\u0131lay. K\u0131z\u0131lay bizim y\u00fcz ak\u0131m\u0131z&#8221; dedi.<\/p>\n<p style=\"text-align: justify;\">K\u0131l\u0131\u00e7daro\u011flu, Habert\u00fcrk\u2019te yay\u0131mlanan &#8220;Kar\u015f\u0131t G\u00f6r\u00fc\u015f&#8221; program\u0131nda sorular\u0131 yan\u0131tlad\u0131. Hi\u00e7bir partinin CHP kadar se\u00e7imlere d\u00fc\u015f\u00fcnsel anlamda haz\u0131rl\u0131kl\u0131 girmedi\u011fini s\u00f6yleyen K\u0131l\u0131\u00e7daro\u011flu, &#8220;Bizim yay\u0131nlar\u0131m\u0131z kadar AKP\u2019nin\u00a0d\u00fczenli yay\u0131n\u0131 olmam\u0131\u015ft\u0131r. Bizim yay\u0131nlar\u0131m\u0131z kadar bilimsel \u00e7er\u00e7eve i\u00e7ine oturtulmu\u015f yay\u0131nlar hi\u00e7bir partide olmam\u0131\u015ft\u0131r&#8221; diye konu\u015ftu.<\/p>\n<p style=\"text-align: justify;\">&#8220;O zaman CHP kendisini anlatamad\u0131 m\u0131?&#8221; sorusu \u00fczerine K\u0131l\u0131\u00e7daro\u011flu, \u00f6nlerinde birden fazla engel oldu\u011funu, bunlardan en temelinin belli \u00e7evrelerin\u00a0CHP\u2019ye kar\u015f\u0131 tutumlar\u0131 oldu\u011funu ifade etti. &#8220;A\u011fz\u0131n\u0131zla ku\u015f tutsan\u0131z ben CHP\u2019ye oy vermem&#8221; diyen g\u00fc\u00e7l\u00fc bir \u00e7evre oldu\u011funu s\u00f6yleyen K\u0131l\u0131\u00e7daro\u011flu, bu alg\u0131n\u0131n\u00a0y\u0131k\u0131lmas\u0131n\u0131n bir se\u00e7im d\u00f6nemiyle m\u00fcmk\u00fcn olamayaca\u011f\u0131n\u0131 ve bu konuda zamana ihtiya\u00e7 oldu\u011funu savundu.<\/p>\n<p style=\"text-align: justify;\">\n<p style=\"text-align: justify;\">Kendilerini belli \u00e7evrelerin &#8220;din d\u00fc\u015fman\u0131&#8221;, belli \u00e7evrelerin &#8220;ulusalc\u0131&#8221;, belli \u00e7evrelerin ise &#8220;solcu&#8221; olarak g\u00f6rd\u00fc\u011f\u00fcn\u00fc vurgulayan K\u0131l\u0131\u00e7daro\u011flu, siyaset ile dini kar\u0131\u015ft\u0131rmamak gerekti\u011finin alt\u0131n\u0131 \u00e7izdi. Anayasaya\u00a0g\u00f6re de her inanca sayg\u0131 g\u00f6stermenin, siyasi partiler bir kenara her yurtta\u015f\u0131n temel g\u00f6revlerinden birisi oldu\u011funu hat\u0131rlatan K\u0131l\u0131\u00e7daro\u011flu, M\u00fcsl\u00fcmanl\u0131k\u2019ta Allah\u00a0ile kul aras\u0131na birisinin girmesinin m\u00fcmk\u00fcn olmad\u0131\u011f\u0131n\u0131 ve t\u00fcm siyasi partilerin bunu sa\u011flamak zorunda oldu\u011funa i\u015faret etti. K\u0131l\u0131\u00e7daro\u011flu, &#8220;T\u00fcrkiye\u2019de e\u011fer i\u00e7 bar\u0131\u015f sa\u011flanam\u0131yorsa, siyasal partiler spor kul\u00fcpleri gibi tutuluyorsa, belli siyasal partilere kar\u015f\u0131 \u00f6n yarg\u0131lar s\u00fcrekli bu kararlardan besleniyorsa biz\u00a0demokrasiye ihanet ediyoruz demektir. Ki\u015finin yoksullu\u011funu giderme konusunda siyasi otorite onu siyasete malzeme ediyorsa bunlar do\u011fru olaylar de\u011fil&#8221; dedi.<\/p>\n<p style=\"text-align: justify;\">Ba\u015fbakan Recep Tayyip Erdo\u011fan\u2019\u0131n se\u00e7im d\u00f6neminde kendisinin Alevi olmas\u0131n\u0131 kulland\u0131\u011f\u0131n\u0131 iddia eden K\u0131l\u0131\u00e7daro\u011flu, \u015f\u00f6yle devam etti:<\/p>\n<p style=\"text-align: justify;\">&#8220;E\u011fer inan\u00e7lar politikaya malzeme olacaksa o zaman siyaseti b\u0131rakal\u0131m, din \u00fczerinden politika yapal\u0131m. Ben Allah\u2019a inan\u0131yor muyum? Benim Allah\u2019\u0131n\u00a0kat\u0131nda ne kadar makul veya makul olmayan bir insan oldu\u011fuma kim karar verebilir? E\u011fer buna Recep Tayyip Erdo\u011fan karar verecekse, o zaman ben O\u2019nu M\u00fcsl\u00fcmanl\u0131\u011f\u0131\u00a0bilmeyen bir ki\u015fi olarak kabul ederim. Her yerde her ortamda onunla da tart\u0131\u015fmaya haz\u0131r\u0131m. Ama e\u011fer siz b\u00fct\u00fcn \u00fclkenin sorunlar\u0131n\u0131 b\u0131rak\u0131p bir insan\u0131n inan\u00e7lar\u0131\u00a0\u00fczerinden siyasete giriyorsan\u0131z, o zaman bu \u00fclkeyi par\u00e7alam\u0131\u015f olursunuz.<\/p>\n<p style=\"text-align: justify;\">Aleviler bu \u00fclkenin d\u00fc\u015fman\u0131 m\u0131? Ne yapm\u0131\u015f Aleviler? Kurtulu\u015f Sava\u015f\u0131\u2019nda Mustafa Kemal\u2019e destek vermi\u015fler mi? Bu \u00fclke i\u00e7in \u015fehit vermi\u015fler mi?<\/p>\n<p style=\"text-align: justify;\">\u00c7anakkale\u2019de yat\u0131yorlar m\u0131? E\u011fer bir \u00fclkenin ba\u015fbakan\u0131 gelip bunlar\u0131 ka\u015f\u0131yorsa o ba\u015fbakan de\u011fildir. Herkese ne kadar ikiy\u00fczl\u00fc bir politika izledi\u011fini g\u00f6sterir.<\/p>\n<p style=\"text-align: justify;\">Bir taraftan \u2019alevi a\u00e7\u0131l\u0131m\u0131\u2019 diyeceksiniz, \u00f6b\u00fcr taraftan iki y\u00fczl\u00fc bir politikayla \u2019Aman ha bak\u0131n bu alevidir\u2019 diyeceksiniz. Bu iki y\u00fczl\u00fc politikan\u0131n tipik \u00f6rne\u011fidir.&#8221;<\/p>\n<p style=\"text-align: justify;\">T\u00fcrkiye\u2019nin en b\u00fcy\u00fck sorununun ter\u00f6r oldu\u011funu belirten K\u0131l\u0131\u00e7daro\u011flu, &#8220;Bir h\u00fck\u00fcmet program\u0131nda ter\u00f6rle ilgili bir sat\u0131r olmaz m\u0131? Bir sat\u0131r dahi\u00a0yazmayan bir h\u00fck\u00fcmet ter\u00f6rle m\u00fccadelede akl\u0131 ba\u015f\u0131nda bir proje geli\u015ftirebilir mi? Geli\u015ftiremez&#8221; ifadelerini kulland\u0131.<\/p>\n<p style=\"text-align: justify;\">\u0130ki ayda bir TBMM Ba\u015fkan\u0131 ve anamuhalefet ba\u015fkan\u0131n\u0131n K\u00f6\u015fk\u2019e davet edilerek hem ki\u015fisel hem de T\u00fcrkiye\u2019ye dair genel g\u00f6r\u00fc\u015flerin al\u0131nd\u0131\u011f\u0131n\u0131 ifade\u00a0eden K\u0131l\u0131\u00e7daro\u011flu, bu uygulaman\u0131n, devletin en y\u00fcksek koltu\u011funda oturan ki\u015finin d\u00fc\u015f\u00fcncelerini \u00f6\u011frenmek ve kendilerinin kamuoyuna payla\u015famad\u0131klar\u0131 baz\u0131\u00a0d\u00fc\u015f\u00fcncelerinin K\u00f6\u015fk\u2019e aktar\u0131lmas\u0131 a\u00e7\u0131s\u0131ndan \u00f6nemli oldu\u011funu s\u00f6yledi.<\/p>\n<p style=\"text-align: justify;\">K\u0131l\u0131\u00e7daro\u011flu, &#8220;Ter\u00f6rle ilgili yap\u0131lacak m\u00fccadelenin detaylar\u0131 size aktar\u0131ld\u0131 m\u0131? Harekattan haberiniz var m\u0131yd\u0131 daha \u00f6nce?&#8221; sorusuna kar\u015f\u0131l\u0131k,\u00a0&#8220;Biz h\u00fck\u00fcmetin icraatlar\u0131na ortak olmak istemeyiz. Demokrasilerin g\u00fcc\u00fc olan, vazge\u00e7ilmezi olan muhalefetiz biz. \u0130ktidar her rejimde vard\u0131r ama sadece\u00a0demokrasilerde muhalefet vard\u0131r. Biz bakar\u0131z iktidar\u0131n uygulamalar\u0131na, yanl\u0131\u015fsa ele\u015ftiririz, do\u011fruysa zaten do\u011fru deriz. Onun eylemlerini veya icraatlar\u0131n\u0131\u00a0payla\u015ft\u0131\u011f\u0131n\u0131z andan itibaren iktidar\u0131n bir par\u00e7as\u0131 olursunuz. Muhalefet i\u015flevini kaybedersiniz&#8221; de\u011ferlendirmesinde bulundu. Ter\u00f6r\u00fcn AK Parti\u2019nin \u00e7\u00f6zece\u011fi bir olay olmad\u0131\u011f\u0131n\u0131 savunan K\u0131l\u0131\u00e7daro\u011flu, &#8220;AKP ter\u00f6r\u00fc \u00e7\u00f6zemez. \u00c7\u00fcnk\u00fc \u00e7\u00f6zme g\u00fcc\u00fc ve cesareti yok, \u00e7\u00fcnk\u00fc inisiyatifini kaybetmi\u015ftir AKP, yol haritalar\u0131 yok&#8221; dedi.<\/p>\n<p style=\"text-align: justify;\">Kemal K\u0131l\u0131\u00e7daro\u011flu, bir ba\u015fka soru \u00fczerine, Ba\u015fbakan Erdo\u011fan\u2019\u0131n Somali\u2019ye gitmesinden memnun oldu\u011funu belirterek, &#8220;Benim \u00fclkemin Ba\u015fbakan\u0131n\u0131n a\u00e7l\u0131\u011f\u0131n ve\u00a0sefaletin oldu\u011fu bir yere gitmesinden memnunuz&#8221; dedi. Kendilerinin de Somali\u2019ye gitmek i\u00e7in giri\u015fimde bulunduklar\u0131n\u0131, ancak D\u0131\u015fi\u015fleri Bakanl\u0131\u011f\u0131n\u0131n ciddi g\u00fcvenlik\u00a0sorunu bulundu\u011funu ve Somali\u2019ye gitmeyi \u00e7ok uygun g\u00f6rmedi\u011fini iletti\u011fini anlatan K\u0131l\u0131\u00e7daro\u011flu, K\u0131z\u0131lay ile irtibata ge\u00e7tiklerini ve ona g\u00f6re Somali\u2019ye gitmek i\u00e7in\u00a0program yapt\u0131klar\u0131n\u0131 kaydetti. K\u0131z\u0131lay\u2019dan ald\u0131klar\u0131 ihtiya\u00e7 listesini \u0130stanbul\u2019da K\u0131z\u0131lay\u2019a teslim edeceklerini ve K\u0131z\u0131lay\u2019\u0131n b\u00f6lgede ihtiya\u00e7 sahiplerine malzemeleri teslim edece\u011fini ifade eden K\u0131l\u0131\u00e7daro\u011flu, bayram\u0131n\u00a0birinci g\u00fcn\u00fc b\u00f6lgede olacaklar\u0131n\u0131 s\u00f6yledi.<\/p>\n<p style=\"text-align: justify;\">K\u0131l\u0131\u00e7daro\u011flu, &#8220;Burada beni rahats\u0131z eden Say\u0131n Ba\u015fbakan\u0131n Somali\u2019ye yard\u0131m olay\u0131n\u0131 bir \u015fova d\u00f6n\u00fc\u015ft\u00fcrmesi. \u00d6yle dans g\u00f6sterileri falan bunlar \u015f\u0131k de\u011fil. Bir \u015fey demek istemiyorum ama bunun kamuoyunda \u015fova d\u00f6n\u00fc\u015ft\u00fcr\u00fclmesi ho\u015f\u00a0de\u011fil. O insanlara yard\u0131m edecekseniz tek yolu var K\u0131z\u0131lay. K\u0131z\u0131lay bizim y\u00fcz ak\u0131m\u0131z. Orada kamplar\u0131 var. K\u0131z\u0131lay arac\u0131l\u0131\u011f\u0131yla yard\u0131m yap\u0131lmas\u0131n\u0131 ben isterim.<\/p>\n<p style=\"text-align: justify;\">Biz de \u00f6zellikle K\u0131z\u0131lay arac\u0131l\u0131\u011f\u0131yla yapaca\u011f\u0131z. K\u0131z\u0131lay varken ba\u015fka bir kurulu\u015fa ihtiya\u00e7 var m\u0131? Verdi\u011finiz ba\u011f\u0131\u015f\u0131n yerine gitti\u011fini biliyorsunuz. Orada\u00a0kamp kurmu\u015flar. Nerede bir sorun varsa K\u0131z\u0131lay oraya en k\u0131sa s\u00fcrede gidiyor. Yap\u0131lacak yard\u0131mlar\u0131n da K\u0131z\u0131lay arac\u0131l\u0131\u011f\u0131yla yap\u0131lmas\u0131n\u0131 ben isterim. Bir\u00a0yard\u0131m\u0131n yerine ger\u00e7ek anlamda ula\u015fmas\u0131n\u0131 istiyorsak K\u0131z\u0131lay&#8221; dedi.<\/p>\n<p style=\"text-align: justify;\">Habert\u00fcrk ekranlar\u0131nda yay\u0131nlanan Kar\u015f\u0131t G\u00f6r\u00fc\u015f program\u0131na konuk olan CHP lideri Kemal K\u0131l\u0131\u00e7daro\u011flu, program modaret\u00f6r\u00fc Bal\u00e7i\u00e7ek \u0130lter&#8217;in sorusu kar\u015f\u0131s\u0131nda zor durumda kald\u0131.<\/p>\n<p style=\"text-align: justify;\"><strong>&#8216;BEN \u00c7OK GAR\u0130PSED\u0130M&#8217;\u00a0<\/strong><\/p>\n<p style=\"text-align: justify;\">Kemal K\u0131l\u0131\u00e7daro\u011flu&#8217;nun K\u00fcrt sorununda y\u00fckselen \u015fiddet dalgas\u0131na dair yapt\u0131\u011f\u0131 a\u00e7\u0131klamalar\u0131 hat\u0131rlatarak, K\u0131l\u0131\u00e7daro\u011flu&#8217;nun konuyla ilgili yapm\u0131\u015f oldu\u011fu a\u00e7\u0131klamay\u0131 ele\u015ftirdi. \u0130lter, CHP liderinin PKK eylemlerinde TSK&#8217;nin verdi\u011fi a\u011f\u0131r kay\u0131plar\u0131 &#8216;askerlerin tutuklanmalar\u0131 y\u00fcz\u00fcnden ordunun morali bozuk&#8217; s\u00f6zlerine g\u00f6ndermede bulunarak: &#8216;Ben \u00e7ok garipsedim, hatta pes yani Kemal Bey dedim.&#8217; ifadelerine yer verdi.<\/p>\n<p style=\"text-align: justify;\">Bal\u00e7i\u00e7ek \u0130lter&#8217;in ele\u015ftirisi kar\u015f\u0131s\u0131nda k\u0131sa s\u00fcreli \u015fa\u015fk\u0131nl\u0131k ya\u015fad\u0131\u011f\u0131 g\u00f6zlenen K\u0131l\u0131\u00e7daro\u011flu kendini \u015fu s\u00f6zlerle savundu: &#8220;O da medyada farkl\u0131 yorumland\u0131. Gen\u00e7lerle ilgili bir toplant\u0131da ter\u00f6rle m\u00fccadeleyi de anlatt\u0131m. Ter\u00f6rle m\u00fccadele moral ister. Siz orduda moral mi b\u0131rakt\u0131n\u0131z? Ben merak ediyorum. 2003&#8217;te CD haz\u0131rland\u0131 deniyor. 2008&#8217;in makbuzlar\u0131 o CD&#8217;nin i\u00e7inde nas\u0131l yer al\u0131yor.&#8221;<\/p>\n<p style=\"text-align: justify;\"><a href=\"http:\/\/haber.gazetevatan.com\/pes-yani-kemal-bey-oyle-soylenir-mi\/395817\/9\/Siyaset\" target=\"_blank\">Kaynak : VATAN Gazetesi<\/a><\/p>\n","protected":false},"excerpt":{"rendered":"<p style=\"text-align: justify;\">\n<p style=\"text-align: justify;\">K\u0131l\u0131\u00e7daro\u011flu ile Bal\u00e7i\u00e7ek \u0130lter aras\u0131ndaki ilgin\u00e7 diyalog<\/p>\n<p style=\"text-align: justify;\">Habert\u00fcrk&#8217;te Bal\u00e7i\u00e7ek \u0130lter&#8217;in sundu\u011fu programa konuk olan K\u0131l\u0131\u00e7daro\u011flu zor anlar ya\u015fad\u0131. \u0130lter, CHP liderinin PKK eylemlerinde TSK&#8217;nin verdi\u011fi a\u011f\u0131r kay\u0131plar\u0131 &#8216;askerlerin tutuklanmalar\u0131 y\u00fcz\u00fcnden ordunun morali bozuk&#8217; \u015feklinde de\u011ferlendirdi\u011fi s\u00f6zlerine g\u00f6ndermede bulunarak: &#8216;Ben \u00e7ok garipsedim, hatta pes yani dedim.&#8217; s\u00f6zleriyle ele\u015ftirdi. <\/p>\n","protected":false},"author":1,"featured_media":0,"comment_status":"open","ping_status":"open","sticky":false,"template":"","format":"standard","meta":{"footnotes":""},"categories":[105],"tags":[],"class_list":["post-39370","post","type-post","status-publish","format-standard","hentry","category-gundem","odd"],"_links":{"self":[{"href":"http:\/\/www.korhanyilmaz.com\/index.php?rest_route=\/wp\/v2\/posts\/39370","targetHints":{"allow":["GET"]}}],"collection":[{"href":"http:\/\/www.korhanyilmaz.com\/index.php?rest_route=\/wp\/v2\/posts"}],"about":[{"href":"http:\/\/www.korhanyilmaz.com\/index.php?rest_route=\/wp\/v2\/types\/post"}],"author":[{"embeddable":true,"href":"http:\/\/www.korhanyilmaz.com\/index.php?rest_route=\/wp\/v2\/users\/1"}],"replies":[{"embeddable":true,"href":"http:\/\/www.korhanyilmaz.com\/index.php?rest_route=%2Fwp%2Fv2%2Fcomments&post=39370"}],"version-history":[{"count":0,"href":"http:\/\/www.korhanyilmaz.com\/index.php?rest_route=\/wp\/v2\/posts\/39370\/revisions"}],"wp:attachment":[{"href":"http:\/\/www.korhanyilmaz.com\/index.php?rest_route=%2Fwp%2Fv2%2Fmedia&parent=39370"}],"wp:term":[{"taxonomy":"category","embeddable":true,"href":"http:\/\/www.korhanyilmaz.com\/index.php?rest_route=%2Fwp%2Fv2%2Fcategories&post=39370"},{"taxonomy":"post_tag","embeddable":true,"href":"http:\/\/www.korhanyilmaz.com\/index.php?rest_route=%2Fwp%2Fv2%2Ftags&post=39370"}],"curies":[{"name":"wp","href":"https:\/\/api.w.org\/{rel}","templated":true}]}}