{"id":39366,"date":"2011-08-30T14:45:41","date_gmt":"2011-08-30T11:45:41","guid":{"rendered":"http:\/\/www.korhanyilmaz.com\/?p=39366"},"modified":"2011-08-31T08:14:04","modified_gmt":"2011-08-31T05:14:04","slug":"cocuklari-elinden-alinip-hakkinda-olum-karari-verildi","status":"publish","type":"post","link":"http:\/\/www.korhanyilmaz.com\/?p=39366","title":{"rendered":"\u00c7ocuklar\u0131 elinden al\u0131n\u0131p, hakk\u0131nda \u00f6l\u00fcm karar\u0131 verildi"},"content":{"rendered":"<p style=\"text-align: center;\"><a href=\"http:\/\/www.korhanyilmaz.com\/wp-content\/uploads\/2011\/08\/8015.jpg\"  class=\"lightview\"><img loading=\"lazy\" decoding=\"async\" class=\"aligncenter size-full wp-image-39367\" src=\"http:\/\/www.korhanyilmaz.com\/wp-content\/uploads\/2011\/08\/8015.jpg\" alt=\"\" width=\"346\" height=\"229\" \/><\/a><\/p>\n<p style=\"text-align: justify;\">Bitlis&#8217;in Adilcevaz \u0130l\u00e7esi&#8217;nde zorla amcas\u0131n\u0131n o\u011fluyla evlendirilen ve 2 \u00e7ocuk sahibi olan 27 ya\u015f\u0131ndaki kad\u0131n, \u015fiddet g\u00f6rd\u00fc\u011f\u00fc kocas\u0131na bo\u015fanma davas\u0131 a\u00e7\u0131nca, aile meclisi \u00f6l\u00fcm karar\u0131 verdi.<\/p>\n<p style=\"text-align: justify;\">D\u0130YARBAKIR &#8211; Bitlis\u2019in Adilcevaz \u0130l\u00e7esi\u2019nde ya\u015fayan Demet Toprak, 14 ya\u015f\u0131ndayken amcas\u0131n\u0131n o\u011flu Metin Toprak ile r\u0131zas\u0131 olmadan evlendirildi. Evlendikten sonra e\u015finin ailesinin evine yerle\u015fen Demet Toprak ile kay\u0131nvalidesi aras\u0131nda bir s\u00fcre sonda ge\u00e7imsizlik ba\u015flad\u0131.<!--more--><\/p>\n<p style=\"text-align: justify;\">Bunun \u00fczerine Metin Toprak, zaman zaman \u015fiddete maruz kalan e\u015fini de yan\u0131na alarak k\u00f6yden ayr\u0131l\u0131p 9 y\u0131l \u00f6nce \u0130stanbul\u2019a yerle\u015fti. E\u015fi kap\u0131, pencere montaj i\u015finde \u00e7al\u0131\u015f\u0131rken, Demet Toprak da g\u00fcnl\u00fck temizlik i\u015flerine gitti. \u00c7ift, bug\u00fcn 9 ya\u015f\u0131nda olan \u015eilan ve 5 ya\u015f\u0131nda olan Yusuf ad\u0131nda 2 \u00e7ocuk sahibi oldu.<\/p>\n<p style=\"text-align: justify;\">\u0130ddiaya g\u00f6re Metin Toprak\u2019\u0131n ailesi k\u00f6ye geri d\u00f6nmeleri isterken, Demet Toprak, \u0130stanbul\u2019da kalmak istedi. Bu nedenle \u00e7ift aras\u0131nda s\u0131k s\u0131k tart\u0131\u015fmalar ya\u015fanmaya ba\u015flad\u0131. Demek Toprak, e\u015finin zaman zaman kendisine \u015fiddet uygulad\u0131\u011f\u0131n\u0131 ileri s\u00fcrerek, ge\u00e7en Haziran ay\u0131nda evi terk edip bo\u015fanma davas\u0131 a\u00e7t\u0131.<\/p>\n<p style=\"text-align: justify;\"><strong>\u00c7OCUKLARININ VELAYET\u0130N\u0130 ZORLA VERD\u0130<\/strong><\/p>\n<p style=\"text-align: justify;\">Bo\u015fanma davas\u0131 \u00fczerine Metin Toprak, iddiaya g\u00f6re e\u015fini b\u0131\u00e7akla tehdit ederek, iki \u00e7ocu\u011funun velayetini kendisine vermesi istedi. Bunun \u00fczerine anne korkup \u00e7ocuklar\u0131n\u0131n velayetini kocas\u0131na verdi. Metin Toprak da \u00e7ocuklar\u0131n\u0131 alarak Adilcevaz\u2019a g\u00f6t\u00fcr\u00fcp burada anne ve babas\u0131n\u0131n yan\u0131na b\u0131rakt\u0131. Demet Toprak, \u00e7ocuklar\u0131n\u0131n g\u00f6t\u00fcr\u00fclmesi \u00fczerine Kartal Cumhuriyet Savc\u0131l\u0131\u011f\u0131\u2019na ba\u015fvurarak, tehdit alt\u0131nda velayeti vermek zorunda kald\u0131\u011f\u0131n\u0131 belirterek, e\u015fi hakk\u0131nda su\u00e7 duyurusunda bulundu.<\/p>\n<p style=\"text-align: justify;\"><strong>A\u0130LE MECL\u0130S\u0130 \u00d6L\u00dcM KARARI ALDI<\/strong><\/p>\n<p style=\"text-align: justify;\">Demet Toprak\u2019\u0131n e\u015fine bo\u015fanma davas\u0131 a\u00e7mas\u0131 \u00fczerine e\u015finin ailesi ve amcalar\u0131 iddiaya g\u00f6re k\u00f6yde aile meclisi kurup, gen\u00e7 kad\u0131n\u0131n ba\u015fka biriyle beraber oldu\u011funu \u00f6ne s\u00fcrerek hakk\u0131nda \u00f6l\u00fcm karar\u0131 ald\u0131.<\/p>\n<p style=\"text-align: justify;\">Aile bireyleri Demet Toprak\u2019\u0131 \u00f6ld\u00fcrmesi i\u00e7in e\u015fi Metin Toprak ve k\u00fc\u00e7\u00fck ya\u015ftaki erkek karde\u015fini g\u00f6revlendirdi. Hakk\u0131nda \u00f6l\u00fcm karar\u0131 al\u0131nd\u0131\u011f\u0131n\u0131 yak\u0131n \u00e7evresinden \u00f6\u011frenen Demet Toprak, \u0130stanbul\u2019dan ka\u00e7arak gitti\u011fi \u0130zmir\u2019de, daha \u00f6nceden tan\u0131d\u0131\u011f\u0131 bir ailenin yan\u0131na yerle\u015fti. Bu s\u0131rada Metin Toprak da e\u015finin \u0130zmer\u2019de oldu\u011funu \u00f6\u011frenerek takip etmeye ba\u015flad\u0131.<\/p>\n<p style=\"text-align: justify;\"><strong>E\u015e\u0130 \u0130N\u015eAATTAN D\u00dc\u015e\u00dcP \u00d6LD\u00dc<\/strong><\/p>\n<p style=\"text-align: justify;\">E\u015finin kendisini \u00f6ld\u00fcrmek i\u00e7in \u0130zmir\u2019e geldi\u011fini \u00f6\u011frenen Demet Toprak, kentten ka\u00e7\u0131p ba\u015fka bir yere gitti. \u0130zmir\u2019de e\u015fini ararken in\u015faatlarda \u00e7al\u0131\u015fmaya ba\u015flayan Metin Toprak, ge\u00e7en temmuz ay\u0131nda in\u015faattan d\u00fc\u015f\u00fcp \u00f6ld\u00fc.<\/p>\n<p style=\"text-align: justify;\">Demet Toprak, 13 Temmuz g\u00fcn\u00fc kendisini arayan bir ki\u015finin, &#8220;Metin \u00f6ld\u00fc, sen de \u00f6leceksin, her yerde seni ar\u0131yoruz. Az kald\u0131 seni bulaca\u011f\u0131z&#8221; dedi\u011fini s\u00f6yledi. Ald\u0131\u011f\u0131 telefon sonras\u0131 aileden gizli g\u00f6r\u00fc\u015ft\u00fc\u011f\u00fc ki\u015fileri arayan Demet Toprak, e\u015finin ger\u00e7ekten \u00f6ld\u00fc\u011f\u00fcn\u00fc \u00f6\u011frenince \u00e7ocuklar\u0131n\u0131 almak i\u00e7in harekete ge\u00e7ti. Toprak, &#8220;E\u015fimin \u00f6lmesi \u00fczerine \u00e7ocuklar\u0131m\u0131 almak i\u00e7in aileyi arad\u0131m Ama bana, \u2019\u00e7ocuklar\u0131 unut mezara kadar bizde kalacak. Ensendeyiz. Seni buldu\u011fumuz yerde kafana s\u0131k\u0131ca\u011f\u0131z\u2019 diye tehdit ettiler&#8221; dedi.<\/p>\n<p style=\"text-align: justify;\"><strong>\u2019\u00c7OCUKLARIMLA YA\u015eAMAK \u0130ST\u0130YORUM\u2019<\/strong><\/p>\n<p style=\"text-align: justify;\">Gen\u00e7 kad\u0131n bo\u015fanma davas\u0131 sonu\u00e7lanmadan e\u015finin \u00f6lmesi \u00fczerine, velayetini verdi\u011fi \u00e7ocuklar\u0131n\u0131 almak i\u00e7in savc\u0131l\u0131klara ba\u015fvurdu. Hakk\u0131nda \u00f6l\u00fcm karar\u0131 verildi\u011fini de belirten Toprak \u015funlar\u0131 anlatt\u0131:<\/p>\n<p style=\"text-align: justify;\">&#8220;Savc\u0131l\u0131klara hem \u00e7ocuklar\u0131m\u0131 almak, hem de korunmam i\u00e7in ba\u015fvurdum. Aile beni \u00f6ld\u00fcrmek i\u00e7in pe\u015fime adamlar g\u00f6nderdi. Bununla da kalmay\u0131p, \u00e7ocuklar\u0131ma babas\u0131n\u0131n \u00f6l\u00fcs\u00fcn\u00fc g\u00f6sterip, \u2019bak\u0131n baban\u0131z\u0131 annemiz \u00f6ld\u00fcrd\u00fc\u2019 demi\u015fler. \u00c7ocuklar\u0131m\u0131 benden ay\u0131rmak istiyorlar. Ben \u00e7ocuklar\u0131mla birlikte ya\u015famak istiyorum. \u015eimdi hem hayatta kalmak, hem de \u00e7ocuklar\u0131ma kavu\u015fmak i\u00e7in m\u00fccadele veriyorum.&#8221;<\/p>\n<p style=\"text-align: justify;\"><strong>ANNE- BABASINI K\u00d6YDEN S\u00dcR\u00dcP, EVLER\u0130N\u0130 YAKMI\u015eLAR<\/strong><\/p>\n<p style=\"text-align: justify;\">Babas\u0131 ve annesinin ya\u015fanan olaylar sonras\u0131 k\u00f6yden d\u00f6v\u00fclerek g\u00f6nderildi\u011fini \u00f6ne s\u00fcren Toprak, evlerinin de yak\u0131nlar\u0131 taraf\u0131ndan y\u0131k\u0131ld\u0131\u011f\u0131n\u0131 s\u00f6yledi. Toprak\u2019\u0131n ba\u015fvurusu \u00fczerine savc\u0131l\u0131k Adilcevaz Kaymakaml\u0131\u011f\u0131\u2019na yaz\u0131 yazarak \u00e7ocuklar\u0131n al\u0131nmas\u0131n\u0131 istedi. Ancak, k\u00f6ye giden jandarma ekipleri \u00e7ocuklar\u0131 bulamad\u0131.<\/p>\n<p style=\"text-align: justify;\">\u00c7ocuklar\u0131n\u0131n kendisine verilmesi i\u00e7in Cumhurba\u015fkan\u0131 Abdullah G\u00fcl ile Ba\u015fbakan Recep Tayyip Erdo\u011fan\u2019dan yard\u0131m isteyen Toprak, &#8220;Benim hakk\u0131mda \u00f6l\u00fcm karar\u0131 \u00e7\u0131kar\u0131ld\u0131\u011f\u0131 i\u00e7in k\u00f6ye gidemiyorum. Devlet b\u00fcy\u00fcklerimin yard\u0131m edip, \u00e7ocuklar\u0131m\u0131 bana vermelerini istiyorum&#8221; dedi.<\/p>\n<p style=\"text-align: justify;\"><a href=\"http:\/\/www.radikal.com.tr\/Radikal.aspx?aType=RadikalDetayV3&amp;ArticleID=1061831&amp;Date=31.08.2011&amp;CategoryID=77\" target=\"_blank\">Kaynak : Radikal.com.tr<\/a><\/p>\n","protected":false},"excerpt":{"rendered":"<p style=\"text-align: center;\">\n<p style=\"text-align: justify;\">Bitlis&#8217;in Adilcevaz \u0130l\u00e7esi&#8217;nde zorla amcas\u0131n\u0131n o\u011fluyla evlendirilen ve 2 \u00e7ocuk sahibi olan 27 ya\u015f\u0131ndaki kad\u0131n, \u015fiddet g\u00f6rd\u00fc\u011f\u00fc kocas\u0131na bo\u015fanma davas\u0131 a\u00e7\u0131nca, aile meclisi \u00f6l\u00fcm karar\u0131 verdi.<\/p>\n<p style=\"text-align: justify;\">D\u0130YARBAKIR &#8211; Bitlis\u2019in Adilcevaz \u0130l\u00e7esi\u2019nde ya\u015fayan Demet Toprak, 14 ya\u015f\u0131ndayken amcas\u0131n\u0131n o\u011flu Metin Toprak ile r\u0131zas\u0131 olmadan evlendirildi. Evlendikten sonra e\u015finin ailesinin <\/p>\n","protected":false},"author":1,"featured_media":0,"comment_status":"open","ping_status":"open","sticky":false,"template":"","format":"standard","meta":{"footnotes":""},"categories":[105],"tags":[],"class_list":["post-39366","post","type-post","status-publish","format-standard","hentry","category-gundem","odd"],"_links":{"self":[{"href":"http:\/\/www.korhanyilmaz.com\/index.php?rest_route=\/wp\/v2\/posts\/39366","targetHints":{"allow":["GET"]}}],"collection":[{"href":"http:\/\/www.korhanyilmaz.com\/index.php?rest_route=\/wp\/v2\/posts"}],"about":[{"href":"http:\/\/www.korhanyilmaz.com\/index.php?rest_route=\/wp\/v2\/types\/post"}],"author":[{"embeddable":true,"href":"http:\/\/www.korhanyilmaz.com\/index.php?rest_route=\/wp\/v2\/users\/1"}],"replies":[{"embeddable":true,"href":"http:\/\/www.korhanyilmaz.com\/index.php?rest_route=%2Fwp%2Fv2%2Fcomments&post=39366"}],"version-history":[{"count":0,"href":"http:\/\/www.korhanyilmaz.com\/index.php?rest_route=\/wp\/v2\/posts\/39366\/revisions"}],"wp:attachment":[{"href":"http:\/\/www.korhanyilmaz.com\/index.php?rest_route=%2Fwp%2Fv2%2Fmedia&parent=39366"}],"wp:term":[{"taxonomy":"category","embeddable":true,"href":"http:\/\/www.korhanyilmaz.com\/index.php?rest_route=%2Fwp%2Fv2%2Fcategories&post=39366"},{"taxonomy":"post_tag","embeddable":true,"href":"http:\/\/www.korhanyilmaz.com\/index.php?rest_route=%2Fwp%2Fv2%2Ftags&post=39366"}],"curies":[{"name":"wp","href":"https:\/\/api.w.org\/{rel}","templated":true}]}}