{"id":39362,"date":"2011-08-30T17:16:41","date_gmt":"2011-08-30T14:16:41","guid":{"rendered":"http:\/\/www.korhanyilmaz.com\/?p=39362"},"modified":"2011-08-31T08:02:53","modified_gmt":"2011-08-31T05:02:53","slug":"amaci-perdelemek","status":"publish","type":"post","link":"http:\/\/www.korhanyilmaz.com\/?p=39362","title":{"rendered":"Amac\u0131 perdelemek"},"content":{"rendered":"<p style=\"text-align: center;\"><a href=\"http:\/\/www.korhanyilmaz.com\/wp-content\/uploads\/2011\/08\/8014.jpg\"  class=\"lightview\"><img loading=\"lazy\" decoding=\"async\" class=\"aligncenter size-full wp-image-39363\" src=\"http:\/\/www.korhanyilmaz.com\/wp-content\/uploads\/2011\/08\/8014.jpg\" alt=\"\" width=\"462\" height=\"210\" \/><\/a><\/p>\n<p style=\"text-align: justify;\">CHP lideri&#8217;nin Deniz Feneri davas\u0131yla ilgili Ba\u015fbakan&#8217;a y\u00f6nelik su\u00e7lamalar\u0131na Adalet Bakan\u0131 Ergin yan\u0131t verdi.<\/p>\n<p style=\"text-align: justify;\">HATAY &#8211; Deniz Feneri davas\u0131 savc\u0131lar\u0131n\u0131n g\u00f6revden al\u0131nmas\u0131yla ilgili h\u00fck\u00fcmeti sorumlu tutarak \u00e7ok say\u0131da soru y\u00f6nelten CHP lideri Kemal K\u0131l\u0131\u00e7daro\u011flu&#8217;na yan\u0131t Adalet Bakan\u0131 Sadullah Ergin&#8217;den geldi.\u00a0<!--more--><\/p>\n<p style=\"text-align: justify;\">Savc\u0131lar\u0131n al\u0131nan bir karar\u0131 tahrif ettikleri iddias\u0131 nedeniyle g\u00f6revden al\u0131nd\u0131\u011f\u0131n\u0131 a\u00e7\u0131klayan Bakan Ergin, Ba\u015fbakan&#8217;a y\u00f6nelik su\u00e7lamara kar\u015f\u0131l\u0131k verdi.<\/p>\n<p style=\"text-align: justify;\">CHP liderinin partisindeki yolsuzluk iddialar\u0131n\u0131 perdelemek i\u00e7in bu konunun \u00fczerine gitti\u011fini savunan Bakan Ergin&#8217;den de K\u0131l\u0131\u00e7daro\u011flu&#8217;na &#8220;Soru\u015fturman\u0131n i\u00e7eri\u011fini nas\u0131l bildi\u011fi&#8221; ba\u015fta olmak \u00fczere \u00e7ok say\u0131da soru geldi.<\/p>\n<p style=\"text-align: justify;\">Deniz Feneri tart\u0131\u015fmalar\u0131n\u0131n hedefindeki isimlerden Bakan Ergin Hatay&#8217;da konu\u015ftu. Ergin Deniz Feneri savc\u0131lar\u0131n\u0131n g\u00f6revden al\u0131nmas\u0131yla ilgili \u015fu ayr\u0131nt\u0131l\u0131 a\u00e7\u0131klamay\u0131 yapt\u0131:<\/p>\n<p style=\"text-align: justify;\">&#8221;Soru\u015fturulan ki\u015filerin avukatlar\u0131 HSYK&#8217;ya soru\u015fturma savc\u0131lar\u0131n\u0131 \u015fikayet etti. Bu \u015fikayet i\u00e7erisinde kayda de\u011fer bulunan husus, Ankara 3. Sulh Ceza Mahkemesi&#8217;nin vermi\u015f oldu\u011fu bir karar\u0131n, soru\u015fturma savc\u0131lar\u0131 taraf\u0131ndan de\u011fi\u015ftirildi\u011fi, tahrifat yap\u0131ld\u0131\u011f\u0131 ve bu tahrifatla i\u015flem yap\u0131ld\u0131\u011f\u0131 iddias\u0131. Bunun \u00fczerine HSYK konunun incelenmesini ve gerek g\u00f6r\u00fclmesi halinde soru\u015fturulmas\u0131n\u0131 i\u00e7eren bir karar ald\u0131. Ben de Adalet Bakan\u0131 olarak, HSYK ba\u015fkan\u0131 s\u0131fat\u0131yla bu soru\u015fturma karar\u0131na onay verdim.&#8221;<\/p>\n<p style=\"text-align: justify;\"><strong>ADALET BAKANI BURNUNU NEDEN SOKTU?<\/strong><\/p>\n<p style=\"text-align: justify;\">Bakan Ergin, CHP lideri K\u0131l\u0131\u00e7daro\u011flu&#8217;nun, &#8221;Say\u0131n Ba\u015fbakan ve Adalet Bakan\u0131 bu soru\u015fturmaya burunlar\u0131n\u0131 ni\u00e7in sokmu\u015flard\u0131r&#8221; sorusunu da kendisi hat\u0131rlatarak \u015fu yan\u0131t\u0131 verdi:<\/p>\n<p style=\"text-align: justify;\">&#8221;Adalet Bakan\u0131, Anayasa gere\u011fi soru\u015fturma karar\u0131na onay veren makamd\u0131r ve m\u00fcdahalesi bununla s\u0131n\u0131rl\u0131d\u0131r. Say\u0131n Ba\u015fbakan\u0131m\u0131z\u0131n en ufak bir dahli s\u00f6z konusu de\u011fildir olamaz zaten.&#8221;<\/p>\n<p style=\"text-align: justify;\"><strong>ERG\u0130N&#8217;DEN KILI\u00c7DARO\u011eLU&#8217;NA &#8216;NASIL G\u00d6RD\u00dcN&#8217;<\/strong><\/p>\n<p style=\"text-align: justify;\">Soru\u015fturmayla ilgisini bu s\u00f6zlerle anlatan Bakan Ergin bu kez K\u0131l\u0131\u00e7daro\u011flu&#8217;na bir\u00e7ok soru y\u00f6neltti. K\u0131l\u0131\u00e7daro\u011flu&#8217;nun &#8216;Ben bu dosyay\u0131 inceledim. \u0130\u00e7erisinde \u00e7ok ciddi deliller var. Onun i\u00e7in ciddi bir dosyad\u0131r&#8221; s\u00f6zlerini hat\u0131rlatan Ergin&#8217;in sorular\u0131 \u015f\u00f6yle:<\/p>\n<p style=\"text-align: justify;\">&#8211; Soru\u015fturulan ki\u015filerin kendilerinin bilmedi\u011fi, delil ve iddialar soru\u015fturmaya muhatap olan ki\u015filerin avukatlar\u0131ndan saklanan belgeleri ve dosya i\u00e7eri\u011fini say\u0131n K\u0131l\u0131\u00e7daro\u011flu nas\u0131l g\u00f6rm\u00fc\u015ft\u00fcr? Nas\u0131l bunlar\u0131 incelemi\u015ftir ve bunlar\u0131n ciddi delil oldu\u011funa nas\u0131l kanaat getirmi\u015ftir?<\/p>\n<p style=\"text-align: justify;\">&#8211; Bu dosya i\u00e7erisinden say\u0131n K\u0131l\u0131\u00e7daro\u011flu&#8217;na servis mi yap\u0131lmaktad\u0131r, yoksa ger\u00e7ekten K\u0131l\u0131\u00e7daro\u011flu, bu dosyan\u0131n i\u00e7eri\u011fini bilmemekle beraber kamuoyu olu\u015fturmak amac\u0131yla ger\u00e7e\u011fe ayk\u0131r\u0131 beyanda m\u0131 bulunmu\u015ftur?<\/p>\n<p style=\"text-align: justify;\"><strong>&#8216;PART\u0130S\u0130NDEK\u0130 YOLSUZLU\u011eU PERDEL\u0130YOR&#8217;<\/strong><\/p>\n<p style=\"text-align: justify;\">Ana muhalefet partisinin s\u0131k s\u0131k &#8220;soru\u015fturmalara m\u00fcdahil olmay\u0131n&#8221; uyar\u0131lar\u0131na kar\u015f\u0131n tersini yapt\u0131\u011f\u0131n\u0131 \u00f6rneklerle anlatan Bakan Ergin \u00f6zele\u015ftiri yapmalar\u0131n\u0131 istedi.<\/p>\n<p style=\"text-align: justify;\">K\u0131l\u0131\u00e7daro\u011flu&#8217;nun bas\u0131n a\u00e7\u0131klamas\u0131 yapt\u0131\u011f\u0131 toplant\u0131da soru almamas\u0131n\u0131 da manidar bulan Bakan Ergin, Ankara il ba\u015fkan\u0131n\u0131n istifas\u0131na neden olan yolsuzluk iddias\u0131n\u0131 hat\u0131rlatt\u0131, o olay\u0131n perdelenmek istendi\u011fini savundu.<\/p>\n<p style=\"text-align: justify;\"><strong>KILI\u00c7DARO\u011eLU S\u00dcRE VERM\u0130\u015eT\u0130<\/strong><\/p>\n<p style=\"text-align: justify;\">Deniz Feneri e.V. davas\u0131nda savc\u0131lar\u0131n g\u00f6revden al\u0131nmas\u0131na tepki g\u00f6steren CHP lideri Kemal K\u0131l\u0131\u00e7daro\u011flu yapt\u0131\u011f\u0131 a\u00e7\u0131klamada Ba\u015fbakan Erdo\u011fan&#8217;a sorular y\u00f6neltmi\u015f, 48 saat i\u00e7inde yan\u0131t alamay\u0131nca bu kez yaz\u0131l\u0131 bir a\u00e7\u0131klama ile o sorular\u0131 tekrarlam\u0131\u015ft\u0131. K\u0131l\u0131\u00e7daro\u011flu sorulara istedi\u011fi yan\u0131tlar\u0131 alana kadar 48 saatte bir tekrarlayacak.<\/p>\n<p style=\"text-align: justify;\"><a href=\"http:\/\/www.gazeteport.com.tr\/haber\/49884\/amaci_perdelemek\" target=\"_blank\">Kaynak : GAZETEPORT<\/a><\/p>\n","protected":false},"excerpt":{"rendered":"<p style=\"text-align: center;\">\n<p style=\"text-align: justify;\">CHP lideri&#8217;nin Deniz Feneri davas\u0131yla ilgili Ba\u015fbakan&#8217;a y\u00f6nelik su\u00e7lamalar\u0131na Adalet Bakan\u0131 Ergin yan\u0131t verdi.<\/p>\n<p style=\"text-align: justify;\">HATAY &#8211; Deniz Feneri davas\u0131 savc\u0131lar\u0131n\u0131n g\u00f6revden al\u0131nmas\u0131yla ilgili h\u00fck\u00fcmeti sorumlu tutarak \u00e7ok say\u0131da soru y\u00f6nelten CHP lideri Kemal K\u0131l\u0131\u00e7daro\u011flu&#8217;na yan\u0131t Adalet Bakan\u0131 Sadullah Ergin&#8217;den geldi. <\/p>\n","protected":false},"author":1,"featured_media":0,"comment_status":"open","ping_status":"open","sticky":false,"template":"","format":"standard","meta":{"footnotes":""},"categories":[105],"tags":[],"class_list":["post-39362","post","type-post","status-publish","format-standard","hentry","category-gundem","odd"],"_links":{"self":[{"href":"http:\/\/www.korhanyilmaz.com\/index.php?rest_route=\/wp\/v2\/posts\/39362","targetHints":{"allow":["GET"]}}],"collection":[{"href":"http:\/\/www.korhanyilmaz.com\/index.php?rest_route=\/wp\/v2\/posts"}],"about":[{"href":"http:\/\/www.korhanyilmaz.com\/index.php?rest_route=\/wp\/v2\/types\/post"}],"author":[{"embeddable":true,"href":"http:\/\/www.korhanyilmaz.com\/index.php?rest_route=\/wp\/v2\/users\/1"}],"replies":[{"embeddable":true,"href":"http:\/\/www.korhanyilmaz.com\/index.php?rest_route=%2Fwp%2Fv2%2Fcomments&post=39362"}],"version-history":[{"count":0,"href":"http:\/\/www.korhanyilmaz.com\/index.php?rest_route=\/wp\/v2\/posts\/39362\/revisions"}],"wp:attachment":[{"href":"http:\/\/www.korhanyilmaz.com\/index.php?rest_route=%2Fwp%2Fv2%2Fmedia&parent=39362"}],"wp:term":[{"taxonomy":"category","embeddable":true,"href":"http:\/\/www.korhanyilmaz.com\/index.php?rest_route=%2Fwp%2Fv2%2Fcategories&post=39362"},{"taxonomy":"post_tag","embeddable":true,"href":"http:\/\/www.korhanyilmaz.com\/index.php?rest_route=%2Fwp%2Fv2%2Ftags&post=39362"}],"curies":[{"name":"wp","href":"https:\/\/api.w.org\/{rel}","templated":true}]}}