{"id":39357,"date":"2011-08-30T17:16:53","date_gmt":"2011-08-30T14:16:53","guid":{"rendered":"http:\/\/www.korhanyilmaz.com\/?p=39357"},"modified":"2011-08-31T02:23:43","modified_gmt":"2011-08-30T23:23:43","slug":"30-agustosta-bir-ilk-yasandi","status":"publish","type":"post","link":"http:\/\/www.korhanyilmaz.com\/?p=39357","title":{"rendered":"30 A\u011fustos&#8217;ta bir ilk ya\u015fand\u0131"},"content":{"rendered":"<p style=\"text-align: center;\"><a href=\"http:\/\/www.korhanyilmaz.com\/wp-content\/uploads\/2011\/08\/8013.jpg\"  class=\"lightview\"><img loading=\"lazy\" decoding=\"async\" class=\"aligncenter size-full wp-image-39358\" src=\"http:\/\/www.korhanyilmaz.com\/wp-content\/uploads\/2011\/08\/8013.jpg\" alt=\"\" width=\"322\" height=\"241\" \/><\/a><\/p>\n<p style=\"text-align: justify;\">Cumhurba\u015fkan\u0131 Abdullah G\u00fcl, 30 A\u011fustos Zafer Bayram\u0131 ve T\u00fcrk Silahl\u0131 Kuvvetleri G\u00fcn\u00fc dolay\u0131s\u0131yla Genelkurmay Karargah\u0131&#8217;nda d\u00fczenlenen t\u00f6rende tebrikleri kabul ederek, &#8221;Ba\u015fkomutan&#8221; s\u0131fat\u0131yla kutlamalar\u0131 kabul eden ilk cumhurba\u015fkan\u0131 oldu.<\/p>\n<div>\n<p style=\"text-align: justify;\">\u00a0T\u00f6ren, Genelkurmay Ba\u015fkan\u0131 Orgeneral\u00a0<strong>Necdet \u00d6zel<\/strong>, Kara Kuvvetleri Komutan\u0131 Orgeneral<strong>Hayri K\u0131vr\u0131ko\u011flu<\/strong>, Hava Kuvvetleri Komutan\u0131 Orgeneral\u00a0<strong>Mehmet Erten<\/strong>, Deniz Kuvvetleri Komutan\u0131 Oramiral\u00a0<strong>Murat Birgel<\/strong>, Jandarma Genel Komutan\u0131 Orgeneral\u00a0<strong>Bekir Kalyoncu<\/strong>, Genelkurmay 2. Ba\u015fkan\u0131 Orgeneral\u00a0<strong>Hulusi Akar\u00a0<\/strong>ve di\u011fer askeri erkan\u0131n Aslanl\u0131 Yol&#8217;dan y\u00fcr\u00fcy\u00fc\u015f\u00fcyle ba\u015flad\u0131.\u00a0<!--more--><\/p>\n<p style=\"text-align: justify;\">Orgeneral \u00d6zel, Atat\u00fcrk&#8217;\u00fcn mozolesine, \u00fczerinde<strong>\u00a0&#8221;T\u00fcrk Silahl\u0131 Kuvvetleri&#8221;\u00a0<\/strong>yaz\u0131l\u0131 k\u0131rm\u0131z\u0131 ve beyaz karanfillerden olu\u015fan \u00e7elenk koydu. Sayg\u0131 duru\u015funda bulunulmas\u0131n\u0131n ard\u0131ndan \u0130stiklal Mar\u015f\u0131 okundu. Orgeneral \u00d6zel ve T\u00fcrk Silahl\u0131 Kuvvetleri&#8217;nin yeni komuta kademesi An\u0131tkabir merdivenlerinde hat\u0131ra foto\u011fraf\u0131 \u00e7ektirdi.<\/p>\n<p style=\"text-align: justify;\">Daha sonra Misak-\u0131 Milli Kulesi&#8217;ne ge\u00e7en Orgeneral \u00d6zel, An\u0131tkabir \u00d6zel Defteri&#8217;ni imzalad\u0131 ve deftere yazd\u0131\u011f\u0131 metni y\u00fcksek sesle okudu. Deftere yazd\u0131klar\u0131n\u0131 okuduktan sonra t\u00f6reni izleyen bas\u0131n mensuplar\u0131n\u0131n bayram\u0131n\u0131 kutlayan Orgeneral \u00d6zel, Misak-\u0131 Milli Kulesi&#8217;nden ayr\u0131l\u0131rken de Kore Gazisi\u00a0<strong>Ramazan Durak\u00a0<\/strong>ile bayramla\u015farak bir s\u00fcre sohbet etti.<\/p>\n<p style=\"text-align: justify;\"><strong>G\u00fcl, &#8216;Ba\u015fkomutan&#8217; s\u0131fat\u0131yla kutlamalar\u0131 kabul eden ilk cumhurba\u015fkan\u0131 oldu\u00a0<\/strong><\/p>\n<p style=\"text-align: justify;\">Cumhurba\u015fkan\u0131\u00a0<strong>Abdullah G\u00fcl<\/strong>, 30 A\u011fustos Zafer Bayram\u0131 ve T\u00fcrk Silahl\u0131 Kuvvetleri G\u00fcn\u00fc dolay\u0131s\u0131yla Genelkurmay Karargah\u0131&#8217;nda d\u00fczenlenen t\u00f6rende tebrikleri kabul ederek,\u00a0<strong>&#8221;Ba\u015fkomutan&#8221;\u00a0<\/strong>s\u0131fat\u0131yla kutlamalar\u0131 kabul eden ilk cumhurba\u015fkan\u0131 oldu. Cumhurba\u015fkan\u0131 G\u00fcl&#8217;\u00fc, Genelkurmay Ba\u015fkanl\u0131\u011f\u0131 Karargah\u0131 \u015eeref Salonu&#8217;ndaki t\u00f6rende, TBMM Ba\u015fkan\u0131\u00a0<strong>Cemil \u00c7i\u00e7ek<\/strong>, Ba\u015fbakan\u00a0<strong>Recep Tayyip Erdo\u011fan<\/strong>, Genelkurmay Ba\u015fkan\u0131 Orgeneral\u00a0<strong>Necdet \u00d6zel<\/strong>, CHP Genel Ba\u015fkan\u0131\u00a0<strong>Kemal K\u0131l\u0131\u00e7daro\u011flu<\/strong>, y\u00fcksek yarg\u0131 organlar\u0131n\u0131n ba\u015fkanlar\u0131, Bakanlar Kurulu \u00fcyeleri, kuvvet komutanlar\u0131, Cumhurba\u015fkanl\u0131\u011f\u0131 Genel Sekreteri\u00a0<strong>Mustafa \u0130sen<\/strong>, Ba\u015fbakanl\u0131k M\u00fcste\u015far\u0131\u00a0<strong>Efkan Ala<\/strong>, Ankara Valisi\u00a0<strong>Alaaddin Y\u00fcksel<\/strong>, Ankara B\u00fcy\u00fck\u015fehir Belediye Ba\u015fkan\u0131 Melih G\u00f6k\u00e7ek, konfederasyon, sendika ve \u00e7e\u015fitli sivil toplum kurulu\u015flar\u0131n\u0131n temsilcileri, Anadolu Ajans\u0131 Y\u00f6netim Kurulu Ba\u015fkan\u0131 ve Genel M\u00fcd\u00fcr\u00fc\u00a0<strong>Kemal \u00d6zt\u00fcrk<\/strong>, Bas\u0131n-Yay\u0131n ve Enformasyon Genel M\u00fcd\u00fcr\u00fc\u00a0<strong>Murat Karakaya<\/strong>, orgeneraller, oramiraller ve T\u00fcrk Silahl\u0131 Kuvvetlerinin di\u011fer mensuplar\u0131, b\u00fcrokratlar ve yabanc\u0131 askeri ata\u015feler ile di\u011fer baz\u0131 kurum ve kurulu\u015flar\u0131n temsilcileri tebrik etti.<\/p>\n<p style=\"text-align: justify;\">\u015eeref Salonu&#8217;nda, \u00f6nceki y\u0131llarda d\u00fczenlenen tebrik t\u00f6renlerinde Genelkurmay Ba\u015fkan\u0131 ve kuvvet komutanlar\u0131 kutlamalar\u0131 kabul ediyordu. Cumhurba\u015fkan\u0131 G\u00fcl, ilk kez ger\u00e7ekle\u015fen uygulamaya ili\u015fkin olarak<strong>, &#8221;Bu 30 A\u011fustos&#8217;ta ba\u015fkomutan olarak b\u00fct\u00fcn kutlamalar\u0131 ben kabul edece\u011fim. Genelkurmay Ba\u015fkan\u0131m\u0131z, Ba\u015fbakan\u0131m\u0131z Milli G\u00fcvenlik Kurulundan \u00f6nce yapt\u0131\u011f\u0131m\u0131z bir konu\u015fmada Genelkurmay Ba\u015fkan\u0131&#8217;n\u0131n getirdi\u011fi bir d\u00fc\u015f\u00fcnceydi. Biz de \u00e7ok do\u011fru bulduk. Uygulama bundan sonra b\u00f6yle olacakt\u0131r&#8221;\u00a0<\/strong>demi\u015fti. Cumhurba\u015fkan\u0131 G\u00fcl, kutlamalar\u0131 kabul ederken iki yan\u0131nda T\u00fcrk bayraklar\u0131 yer ald\u0131. Bayraklardan birinde Cumhurba\u015fkanl\u0131\u011f\u0131 forsu bulundu\u011fu g\u00f6r\u00fcld\u00fc.<\/p>\n<p style=\"text-align: justify;\"><strong>Atat\u00fcrk an\u0131t\u0131na \u00e7elenk konuldu\u00a0<\/strong><\/p>\n<p style=\"text-align: justify;\">30 A\u011fustos Zafer Bayram\u0131 kutlamalar\u0131, \u00e7e\u015fitli t\u00f6renlerle devam ediyor. Ankara&#8217;daki kutlamalar \u00e7er\u00e7evesinde, Ulus&#8217;taki Atat\u00fcrk an\u0131t\u0131na \u00e7elenk konuldu. B\u00fcy\u00fck taarruzun 89. y\u0131l d\u00f6n\u00fcm\u00fc kutlamalar\u0131, yurdun b\u00fct\u00fcn b\u00f6lgelerinde d\u00fczenlenen t\u00f6renlerle kutlan\u0131rken, Ankara&#8217;daki kutlamalarda da Atat\u00fcrk an\u0131t\u0131 \u00f6n\u00fcnde toplanan Ankara Valili\u011fi, B\u00fcy\u00fck\u015fehir Belediyesi Ba\u015fkanl\u0131\u011f\u0131, Askeri Garnizon ve di\u011fer yetkililer, Atat\u00fcrk an\u0131t\u0131na \u00e7elenk koyarak, sayg\u0131 duru\u015funda bulundu.<\/p>\n<p style=\"text-align: justify;\">An\u0131ta ilk \u00e7elengi Ankara Valisi\u00a0<strong>Alaaddin Y\u00fcksel\u00a0<\/strong>koydu. Y\u00fcksel&#8217;in ard\u0131ndan, an\u0131ta s\u0131ras\u0131yla B\u00fcy\u00fck\u015fehir Belediyesi, Cumhuriyet Ba\u015fsavc\u0131s\u0131, B\u00f6lge \u0130dare Mahkemesi, Gazi \u00dcniversitesi, Y\u0131ld\u0131z \u00dcniversitesi, Ankara Barosu, AKP Ankara \u0130l Ba\u015fkanl\u0131\u011f\u0131 ve bankalar\u0131n \u00e7elenkleri yerle\u015ftirildi. Daha sonra, \u015fehitler i\u00e7in bir dakikal\u0131k sayg\u0131 duru\u015funa ge\u00e7ildi. T\u00f6ren, \u0130stiklal Mar\u015f\u0131&#8217;n\u0131n okunmas\u0131yla sona erdi. \u0130stiklal Mar\u015f\u0131&#8217;n\u0131n okunmas\u0131 s\u0131ras\u0131nda \u00fc\u00e7 asker de g\u00f6ndere bayrak \u00e7ekti.<\/p>\n<p style=\"text-align: justify;\">T\u00f6renin bitiminin ard\u0131ndan, Vali Y\u00fcksel kat\u0131l\u0131mc\u0131lar\u0131n bayram\u0131n\u0131 kutlad\u0131. T\u00f6rene kat\u0131lanlar birbiriyle bayramla\u015ft\u0131ktan sonra da\u011f\u0131ld\u0131. Ankara Valisi Y\u00fcksel, arac\u0131na binmeden \u00f6nce, \u00e7evrede toplanarak t\u00f6reni izleyen halkla tek tek tokala\u015farak, hem Zafer Bayramlar\u0131n\u0131 hem de \u015eeker Bayramlar\u0131n\u0131 kutlad\u0131.<\/p>\n<p style=\"text-align: justify;\"><strong>AKM t\u00f6ren alan\u0131nda resmi ge\u00e7it d\u00fczenlendi<br \/>\n<\/strong><\/p>\n<p style=\"text-align: justify;\">30 A\u011fustos Zafer Bayram\u0131 ve T\u00fcrk Silahl\u0131 Kuvvetleri G\u00fcn\u00fc dolay\u0131s\u0131yla, Atat\u00fcrk K\u00fclt\u00fcr Merkezi (AKM) t\u00f6ren alan\u0131nda resmi ge\u00e7it t\u00f6reni d\u00fczenlendi. Cumhurba\u015fkan\u0131 Abdullah G\u00fcl&#8217;\u00fcn \u015feref trib\u00fcn\u00fcndeki yerini almas\u0131 ve \u0130stiklal Mar\u015f\u0131&#8217;n\u0131n okunmas\u0131yla ba\u015flayan t\u00f6rene, TBMM Ba\u015fkan\u0131 Cemil \u00c7i\u00e7ek, Ba\u015fbakan Recep Tayyip Erdo\u011fan, Genelkurmay Ba\u015fkan\u0131 Orgeneral Necdet \u00d6zel, Anayasa Mahkemesi Ba\u015fkan\u0131 Ha\u015fim K\u0131l\u0131\u00e7, CHP Genel Ba\u015fkan\u0131 Kemal K\u0131l\u0131\u00e7daro\u011flu, Ba\u015fbakan yard\u0131mc\u0131lar\u0131 B\u00fclent Ar\u0131n\u00e7 ve Bekir Bozda\u011f, \u0130\u00e7i\u015fleri Bakan\u0131 \u0130dris Naim \u015eahin, Milli Savunma Bakan\u0131 \u0130smet Y\u0131lmaz, Avrupa Birli\u011fi Bakan\u0131 Egemen Ba\u011f\u0131\u015f, \u00c7evre ve Orman Bakan\u0131 Veysel Ero\u011flu, Yarg\u0131tay Ba\u015fkan\u0131 Naz\u0131m Kaynak, Dan\u0131\u015ftay Ba\u015fkan\u0131 H\u00fcseyin Karakulluk\u00e7u, Kara Kuvvetleri Komutan\u0131 Orgeneral Hayri K\u0131vr\u0131ko\u011flu, Deniz Kuvvetleri Komutan\u0131 Oramiral Emin Murat Birgel, Hava Kuvvetleri Komutan\u0131 Orgeneral Mehmet Erten, Jandarma Genel Komutan\u0131 Orgeneral Bekir Kalyoncu ve di\u011fer yetkililer kat\u0131ld\u0131. T\u00f6reni, ayr\u0131ca yabanc\u0131 misyon \u015fefleri, subay ve astsubaylar ile \u00e7ok say\u0131da vatanda\u015f izledi.<\/p>\n<p style=\"text-align: justify;\"><strong>Gen\u00e7 subaylar\u0131n konu\u015fmas\u0131<br \/>\n<\/strong><br \/>\nT\u00f6rende, Kara Harp Okulu&#8217;ndan mezun olarak bug\u00fcn TSK saflar\u0131nda g\u00f6reve ba\u015flayan Bak\u0131m Te\u011fmen<strong>\u00a0Emre Baran<\/strong>\u00a0ile Top\u00e7u Te\u011fmen\u00a0<strong>Ayb\u00fcke Bulut, &#8221;en gen\u00e7 subaylar&#8221;\u00a0<\/strong>ad\u0131na konu\u015fma yapt\u0131lar. Baran ve Bulut, yapt\u0131klar\u0131 konu\u015fmada, Cumhuriyetin kurulmas\u0131n\u0131 takip eden y\u0131llarda birbiri ard\u0131na yap\u0131lan devrimler ve ger\u00e7ekle\u015ftirilen ekonomik, sosyal ve hukuksal reformlarla bir ulusun yeniden do\u011fu\u015funun sa\u011fland\u0131\u011f\u0131n\u0131 bildirdiler. Te\u011fmenler, T\u00fcrkiye Cumhuriyeti Devleti&#8217;nin \u00fclkesi ve milletiyle b\u00f6l\u00fcnmez b\u00fct\u00fcnl\u00fc\u011f\u00fcne y\u00f6neltilecek her t\u00fcrl\u00fc te\u015febb\u00fcs\u00fcn T\u00fcrk ordusunun azim ve iradesi kar\u015f\u0131s\u0131nda mutlaka h\u00fcsrana u\u011frayaca\u011f\u0131n\u0131 belirterek, vatan, cumhuriyet ve vazife u\u011fruna gerekti\u011finde canlar\u0131n\u0131 seve seve vermeye haz\u0131r olduklar\u0131n\u0131 hayk\u0131rd\u0131klar\u0131n\u0131 s\u00f6ylediler.<\/p>\n<p style=\"text-align: justify;\"><strong>T\u00fcmgeneral Bal&#8217;\u0131n konu\u015fmas\u0131\u00a0<\/strong><\/p>\n<p style=\"text-align: justify;\">T\u00f6ren K\u0131ta Komutan\u0131 olan Z\u0131rhl\u0131 Birlikler Okulu ve E\u011fitim T\u00fcmen Komutan\u0131 T\u00fcmgeneral Ya\u015far Bal da konu\u015fmas\u0131na,\u00a0<strong>&#8221;Bug\u00fcn y\u00fcce T\u00fcrk ulusu ve onun ba\u011fr\u0131ndan \u00e7\u0131kan kahraman T\u00fcrk Ordusu&#8217;nun ebedi Ba\u015fkomutan\u0131 Mustafa Kemal Atat\u00fcrk&#8217;\u00fcn liderli\u011finde el ele, omuz omuza vererek, yapt\u0131\u011f\u0131 Ulusal Kurtulu\u015f m\u00fccadelesinden, destans\u0131 bir zaferle \u00e7\u0131k\u0131\u015f\u0131n\u0131n 89. y\u0131l d\u00f6n\u00fcm\u00fcn\u00fc kutlaman\u0131n gurur ve heyecan\u0131 i\u00e7erisinde olduklar\u0131n\u0131&#8221;<\/strong>\u00a0dile getirdi.<\/p>\n<p style=\"text-align: justify;\"><strong>TSK Para\u015f\u00fct Timi&#8217;nin g\u00f6sterisi\u00a0<\/strong><\/p>\n<p style=\"text-align: justify;\">Ge\u00e7it t\u00f6reni, 3 bin metreden yap\u0131lan para\u015f\u00fct atlay\u0131\u015flar\u0131 ile ba\u015flad\u0131. Para\u015f\u00fct\u00e7\u00fcler, atlay\u0131\u015flar\u0131nda ta\u015f\u0131d\u0131klar\u0131 T\u00fcrk Bayra\u011f\u0131 ve Atat\u00fcrk posterinin ini\u015fi s\u0131ras\u0131nda vatanda\u015flar b\u00fcy\u00fck sevgi g\u00f6sterisinde bulundu. Atlay\u0131\u015flar\u0131n tamamlanmas\u0131n\u0131n ard\u0131ndan para\u015f\u00fct\u00e7\u00fcler, T\u00fcrk Bayra\u011f\u0131 ile Atat\u00fcrk posterini \u015feref trib\u00fcn\u00fcn\u00fcn \u00f6n\u00fcne gelerek a\u00e7t\u0131. T\u00f6ren, TSK Armoni M\u0131z\u0131kas\u0131 ve Karma Bando&#8217;nun ge\u00e7i\u015f i\u00e7in pistte yerini almas\u0131yla devam etti. Bandonun hemen ard\u0131ndan T\u00f6ren K\u0131ta Komutan\u0131 ve karargah askerleri, gaziler ile Silahl\u0131 Kuvvetler Onur Taburu, \u015feref trib\u00fcn\u00fc \u00f6n\u00fcnden resmi ge\u00e7i\u015f yapt\u0131. Poster Grubu sancaklar\u0131, Atat\u00fcrk&#8217;\u00fcn posterini ta\u015f\u0131d\u0131. Ge\u00e7it resmi, Kara Harp Okulu Boru Trompet Tak\u0131m\u0131 ile Kara, Deniz, Hava Harp okullar\u0131 ile taburlar\u0131 ve GATA \u00f6\u011frencilerinin ge\u00e7i\u015fiyle devam etti. T\u00f6rende, Cumhurba\u015fkanl\u0131\u011f\u0131 Muhaf\u0131z Alay\u0131 ve Bar\u0131\u015f G\u00fcc\u00fc askerlerinin olu\u015fturdu\u011fu taburu \u00c7anakkale Sava\u015f\u0131, Kurtulu\u015f Sava\u015f\u0131, Kore Sava\u015f\u0131 ve K\u0131br\u0131s Bar\u0131\u015f Harekat\u0131 gazilerini temsil eden askerlerin yer ald\u0131\u011f\u0131 &#8221;Tarihi B\u00f6l\u00fck&#8221;\u00fcn ge\u00e7i\u015fi izledi. Cumhurba\u015fkan\u0131 G\u00fcl ve Genelkurmay Ba\u015fkan\u0131 \u00d6zel, sancaklar ile T\u00fcrk bayra\u011f\u0131 ge\u00e7i\u015fini ayakta izledi. Atl\u0131 T\u00f6ren K\u0131tas\u0131&#8217;n\u0131n ge\u00e7i\u015fi ile devam eden ge\u00e7it t\u00f6reni, Mehteran B\u00f6l\u00fc\u011f\u00fcn\u00fcn ge\u00e7i\u015fiyle s\u00fcrd\u00fc. Mehteran B\u00f6l\u00fc\u011f\u00fc, izleyicilerden b\u00fcy\u00fck alk\u0131\u015f ald\u0131.<\/p>\n<p style=\"text-align: justify;\"><strong>Helikopter ve u\u00e7ak g\u00f6sterileri<br \/>\n<\/strong><br \/>\nT\u00f6rende, TSK&#8217;ya ait helikopterler, e\u015f zamanl\u0131 olarak Hipodrom \u00fczerinde u\u00e7arken, birliklerin ge\u00e7i\u015fi de s\u00fcrd\u00fc. T\u00fcrk Hava Kuvvetlerine ba\u011fl\u0131 F-16 ve F-4 u\u00e7aklar\u0131 da g\u00f6steri u\u00e7u\u015fu yapt\u0131.<br \/>\nHelikopter ve u\u00e7aklar\u0131n g\u00f6sterisi s\u0131ras\u0131nda yerli imkanlarla \u00fcretilen hava savunma sistemi &#8221;Z\u0131pk\u0131n&#8221; ve karadan karaya menzilli &#8221;Kas\u0131rga&#8221; isimli roketatar da tan\u0131t\u0131ld\u0131.<\/p>\n<p style=\"text-align: justify;\"><strong>T\u00fcrk y\u0131ld\u0131zlar\u0131<\/strong><\/p>\n<p style=\"text-align: justify;\">Resmi ge\u00e7it, devlet erkan\u0131 ve vatanda\u015flar taraf\u0131ndan be\u011feniyle izlenen Binba\u015f\u0131 Murat Kele\u015f&#8217;in kulland\u0131\u011f\u0131 &#8221;Solo T\u00fcrk&#8221; ve T\u00fcrk Hava Kuvvetleri Akrobasi Timi &#8221;T\u00fcrk Y\u0131ld\u0131zlar\u0131&#8221;n\u0131n g\u00f6sterisiyle sona erdi. Bu u\u00e7aklar\u0131n g\u00f6sterileri, \u015eeref Trib\u00fcn\u00fc ve t\u00f6reni izleyen yurtta\u015flarca uzun s\u00fcre alk\u0131\u015fland\u0131.<\/p>\n<p style=\"text-align: justify;\"><strong>\u0130stanbul<\/strong><\/p>\n<p style=\"text-align: justify;\">30 A\u011fustos Zafer Bayram\u0131 ve T\u00fcrk Silahl\u0131 Kuvvetleri G\u00fcn\u00fc dolay\u0131s\u0131yla Taksim Cumhuriyet An\u0131t\u0131&#8217;nda t\u00f6ren d\u00fczenlendi. T\u00f6ren, \u0130stanbul Valisi\u00a0<strong>H\u00fcseyin Avni Mutlu<\/strong>, 1. Ordu Komutan\u0131 Orgeneral\u00a0<strong>Yal\u00e7\u0131n Ataman<\/strong>, B\u00fcy\u00fck\u015fehir Belediye Ba\u015fkan\u0131\u00a0<strong>Kadir Topba\u015f<\/strong>, \u00fcniversiteler, siyas\u0131 partiler, yarg\u0131 organlar\u0131 ve \u00e7e\u015fitli sivil toplum kurulu\u015flar\u0131 temsilcilerinin an\u0131ta \u00e7elenk koymas\u0131yla ba\u015flad\u0131.<\/p>\n<p style=\"text-align: justify;\">Sayg\u0131 duru\u015funda bulunulmas\u0131 ve \u0130stiklal Mar\u015f\u0131&#8217;n\u0131n okunmas\u0131n\u0131n ard\u0131ndan An\u0131t \u015eeref Defteri&#8217;ni imzalayan Orgeneral Ataman, deftere \u015funlar\u0131 yazd\u0131:<strong>\u00a0&#8221;Milletimizin b\u00f6l\u00fcnmez b\u00fct\u00fcnl\u00fc\u011f\u00fc ve bekas\u0131 ad\u0131na i\u00e7ti\u011fi anda ba\u011fla kalan, \u00e7a\u011fda\u015f de\u011ferleri benimseyen T\u00fcrk Silahl\u0131 Kuvvetleri, ge\u00e7mi\u015fte oldu\u011fu gibi bundan sonra da Atat\u00fcrk&#8217;\u00fcn d\u00fc\u015f\u00fcnce sistemi do\u011frultusunda ilke ve devrimlerden ald\u0131\u011f\u0131 g\u00fc\u00e7le, \u015fehit kanlar\u0131yla sulanarak temeli at\u0131lan demokratik, laik ve sosyal bir hukuk devleti olan T\u00fcrkiye Cumhuriyeti&#8217;nin temel niteliklerini, kutsal vatan\u0131m\u0131z\u0131n b\u00f6l\u00fcnmez b\u00fct\u00fcnl\u00fc\u011f\u00fcn\u00fc ve ulusal menfaatlerimizi koruma ve kollama kararl\u0131l\u0131\u011f\u0131ndad\u0131r.&#8221;<\/strong><\/p>\n<p style=\"text-align: justify;\"><strong>Vatan Caddesi&#8217;nde resmi ge\u00e7it t\u00f6reni\u00a0<\/strong><\/p>\n<p style=\"text-align: justify;\">30 A\u011fustos Zafer Bayram\u0131 ve T\u00fcrk Silahl\u0131 Kuvvetleri G\u00fcn\u00fc kutlamalar\u0131 \u00e7er\u00e7evesinde \u0130stanbul Vatan Caddesi&#8217;nde resmi ge\u00e7it t\u00f6reni yap\u0131ld\u0131. T\u00f6ren, \u0130stanbul Valisi H\u00fcseyin Avni Mutlu, 1. Ordu Komutan\u0131 Orgeneral Yal\u00e7\u0131n Ataman ve B\u00fcy\u00fck\u015fehir Belediye Ba\u015fkan\u0131 Kadir Topba\u015f&#8217;\u0131n t\u00f6ren arac\u0131n\u0131n \u00fczerinden vatanda\u015flar\u0131n bayram\u0131n\u0131 kutlamas\u0131yla ba\u015flad\u0131.<br \/>\nT\u00f6rende daha sonra \u0130stiklal Mar\u015f\u0131 e\u015fli\u011finde g\u00f6ndere T\u00fcrk bayra\u011f\u0131 \u00e7ekildi. T\u00f6ren komutan\u0131 Tu\u011fgeneral Mehmet Di\u015fli, T\u00fcrk Silahl\u0131 Kuvvetleri ad\u0131na g\u00fcn\u00fcn anlam ve \u00f6nemini belirten konu\u015fmas\u0131n\u0131 tank \u00fczerinden yapt\u0131.<\/p>\n<p style=\"text-align: justify;\">Tu\u011fgeneral Di\u015fli, bug\u00fcn T\u00fcrk Silahl\u0131 Kuvvetleri&#8217;nin ebedi ba\u015fkomutan\u0131 Gazi Mustafa Kemal Atat\u00fcrk \u00f6nderli\u011finde ger\u00e7ekle\u015ftirilen ba\u011f\u0131ms\u0131zl\u0131k m\u00fccadelesinden ulus\u00e7a zaferle \u00e7\u0131k\u0131\u015f\u0131n 89. y\u0131l d\u00f6n\u00fcm\u00fcn\u00fc kutlaman\u0131n gurur ve heyecan\u0131 i\u00e7inde olduklar\u0131n\u0131 s\u00f6yledi. T\u00f6ren, motorlu ve yaya birliklerinin ge\u00e7i\u015fi ile hava ara\u00e7lar\u0131n\u0131n g\u00f6steri u\u00e7u\u015flar\u0131yla tamamland\u0131. \u0130stanbullular, Vatan Caddesi&#8217;ndeki resmi ge\u00e7it t\u00f6renini co\u015fkuyla izledi.<\/p>\n<p style=\"text-align: justify;\"><strong>\u0130zmir\u00a0<\/strong><\/p>\n<p style=\"text-align: justify;\">30 A\u011fustos Zafer Bayram\u0131&#8217;n\u0131n 89. y\u0131ld\u00f6n\u00fcm\u00fcnde \u0130zmir Cumhuriyet Meydan\u0131&#8217;ndaki Atat\u00fcrk An\u0131t\u0131&#8217;na \u00e7elenk konuldu. T\u00f6ren ba\u015flamadan \u00f6nce alana \u0130zmir Valisi\u00a0<strong>Cahit K\u0131ra\u00e7<\/strong>\u00a0ile birlikte gelen K\u00fclt\u00fcr ve Turizm Bakan\u0131\u00a0<strong>Ertu\u011frul G\u00fcnay<\/strong>, prokol \u00fcyeleriyle tek tek tokala\u015farak bayramlar\u0131n\u0131 kutlad\u0131. Daha sonra d\u00fczenlenen t\u00f6rende K\u00fclt\u00fcr ve Turizm Bakan\u0131 G\u00fcnay, \u0130zmir Valisi Cahit K\u0131ra\u00e7, Ege Ordusu ve Garnizon Komutan\u0131 Orgeneral\u00a0<strong>Abdullah Atay<\/strong>, \u0130zmir B\u00fcy\u00fck\u015fehir Belediye Ba\u015fkan\u0131<strong>\u00a0Aziz Kocao\u011flu,<\/strong>Cumhuriyet Ba\u015fsavc\u0131s\u0131, B\u00f6lge \u0130dare Mahkemesi, siyasi partiler, \u00fcniversiteler, mesleki kurulu\u015flar ve sivil toplum kurulu\u015flar\u0131 Atat\u00fcrk An\u0131t\u0131&#8217;na \u00e7elenk koydu. \u015eehitler i\u00e7in bir dakikal\u0131k sayg\u0131 duru\u015funda bulunulmas\u0131n\u0131n ard\u0131ndan \u0130stiklal Mar\u015f\u0131 okundu.<\/p>\n<p style=\"text-align: justify;\">An\u0131 \u015feref defterini imzalayarak yazd\u0131klar\u0131n\u0131 okuyan Ege Ordusu ve Garnizon Komutan\u0131 Orgeneral Atay, 30 A\u011fustos Zafer Bayram\u0131&#8217;n\u0131n 89. y\u0131l\u0131n\u0131n ulus\u00e7a, co\u015fkuyla kutlaman\u0131n hakl\u0131 gurur ve heyecan\u0131n\u0131 ya\u015fad\u0131klar\u0131n\u0131 s\u00f6yledi. \u0130zmir&#8217;de, Kordon Orduevi&#8217;ndeki t\u00f6renin ard\u0131ndan Vali Cahit K\u0131ra\u00e7, Ege Ordusu ve Garnizon Komutan\u0131 Orgeneral Abdullah Atay, \u0130zmir B\u00fcy\u00fck\u015fehir Belediye Ba\u015fkan\u0131 Aziz Kocao\u011flu, Cumhuriyet Meydan\u0131&#8217;nda t\u00f6ren arac\u0131na binerek vatanda\u015flar\u0131n bayram\u0131n\u0131 kutlad\u0131. Sayg\u0131 duru\u015fu ve \u0130stiklal Mar\u015f\u0131&#8217;n\u0131n okunmas\u0131n\u0131n ard\u0131ndan g\u00fcn\u00fcn anlam ve \u00f6nemini anlatan konu\u015fma yapan Piyade Albay Yusuf Ersin B\u00fcy\u00fckan, 30 A\u011fustos zaferinin<strong>\u00a0&#8221;T\u00fcrk&#8217;\u00fcn ba\u011fr\u0131na dayanan han\u00e7erin millet\u00e7e s\u00f6k\u00fclerek \u00fclkenin kurtulu\u015fu destan\u0131&#8221;\u00a0<\/strong>oldu\u011funu belirtti.\u00a0Konu\u015fman\u0131n ard\u0131ndan askeri ge\u00e7i\u015f t\u00f6reni yap\u0131ld\u0131. Kordonda 21 pare top at\u0131\u015f\u0131 ger\u00e7ekle\u015ftirildi. T\u00f6ren sonras\u0131nda K\u00fclt\u00fcr ve Turizm Bakan\u0131 Ertu\u011frul G\u00fcnay, \u0130zmir Valisi Cahit K\u0131ra\u00e7, Ege Ordusu ve Garnizon Komutan\u0131 Orgeneral Abdullah Atay, \u0130zmir B\u00fcy\u00fck\u015fehir Belediye Ba\u015fkan\u0131 Aziz Kocao\u011flu ve protokol \u00fcyeleri Kordon&#8217;da kahvalt\u0131 yapt\u0131.<\/p>\n<p style=\"text-align: justify;\"><strong>Mersin\u00a0<\/strong><\/p>\n<p style=\"text-align: justify;\">30 A\u011fustos Zafer Bayram\u0131, Mersin&#8217;de Ekonomi Bakan\u0131\u00a0<strong>Zafer \u00c7a\u011flayan<\/strong>&#8216;\u0131n da kat\u0131l\u0131m\u0131yla d\u00fczenlenen t\u00f6renle kutland\u0131. Cumhuriyet Meydan\u0131&#8217;nda d\u00fczenlenen t\u00f6ren, Bakan \u00c7a\u011flayan ve kamu kurumlar\u0131n\u0131n temsilcilerinin Atat\u00fcrk An\u0131t\u0131&#8217;na \u00e7elenk koymas\u0131yla ba\u015flad\u0131. G\u00fcn\u00fcn anlam ve \u00f6nemine ili\u015fkin a\u00e7\u0131klaman\u0131n okundu\u011fu t\u00f6rende, resmige\u00e7it yap\u0131ld\u0131.<\/p>\n<p style=\"text-align: justify;\">Vali\u00a0<strong>Hasan Basri G\u00fczelo\u011flu<\/strong>, B\u00fcy\u00fck\u015fehir Belediye Ba\u015fkan Vekili\u00a0<strong>Kemal S\u0131\u011f\u0131rc\u0131ko\u011flu<\/strong>\u00a0ve Akdeniz B\u00f6lge ve Garnizon Komutan\u0131 Tu\u011famiral\u00a0<strong>Hayrettin \u0130mren<\/strong>&#8216;in de kat\u0131ld\u0131\u011f\u0131 t\u00f6ren, k\u00fclt\u00fcr merkezinde protokol\u00fcn kabul\u00fcyle sona erdi.<\/p>\n<p style=\"text-align: justify;\">\u00d6te yandan, d\u00fcnk\u00fc \u015fehitlik ziyareti s\u0131ras\u0131nda CHP Mersin Milletvekili \u0130sa G\u00f6k&#8217;\u00fcn Atat\u00fcrk ve silah arkada\u015flar\u0131na dua etmedi\u011fini ileri s\u00fcrd\u00fc\u011f\u00fc \u0130l M\u00fcft\u00fcs\u00fc Ali Melek, gazetecilerin olay\u0131 hat\u0131rlatmas\u0131 \u00fczerine, \u015funlar\u0131 kaydetti:<strong>\u00a0&#8221;Say\u0131n vekilimizin tam olarak neler s\u00f6yledi\u011fini bilmiyorum, sadece duydum. D\u00fcn \u015fehitlerimizin ve gazilerimizin ruhuna Kur&#8217;an-\u0131 Kerim okundu. S\u00f6ylendi\u011fi gibi olayda maksat s\u00f6z konusu de\u011fildir. \u00d6zellikle duan\u0131n i\u00e7erisine al\u0131nmam\u0131\u015f olmas\u0131 s\u00f6z konusu de\u011fil. Daha \u00f6nceki dualar\u0131m\u0131zda her zaman telaffuz ediyoruz. Bir dua ediyorsunuz ve o atmosferde baz\u0131 \u015feyleri o anda telaffuz etmemi\u015f olabilirsiniz ama bu durum, kas\u0131tl\u0131 olarak telaffuz edilmemi\u015f diye yorumlanmamal\u0131.&#8221;<\/strong><\/p>\n<p style=\"text-align: justify;\"><strong>Rize\u00a0<\/strong><\/p>\n<p style=\"text-align: justify;\">30 A\u011fustos Zafer Bayram\u0131 ve T\u00fcrk Silahl\u0131 Kuvvetleri G\u00fcn\u00fc, Rize&#8217;de G\u00fcmr\u00fck ve Ticaret Bakan\u0131\u00a0<strong>Hayati Yaz\u0131c\u0131<\/strong>&#8216;n\u0131n da kat\u0131ld\u0131\u011f\u0131 t\u00f6renlerle kutland\u0131. Rize&#8217;deki kutlamalar, Bakan Yaz\u0131c\u0131 ve \u00e7e\u015fitli kurulu\u015flar\u0131n temsilcilerinin Atat\u00fcrk An\u0131t\u0131&#8217;na \u00e7elenk koymas\u0131yla ba\u015flad\u0131. Cumhuriyet Meydan\u0131&#8217;nda devam eden t\u00f6rende, Rize Valisi\u00a0<strong>Seyfullah Hac\u0131m\u00fcft\u00fco\u011flu<\/strong>, Belediye Ba\u015fkan\u0131\u00a0<strong>Halil Bak\u0131rc\u0131\u00a0<\/strong>ve \u0130l Jandarma Komutan\u0131 K\u0131demli Albay\u00a0<strong>Turhan Talu<\/strong>, halk\u0131n ve askerlerin bayram\u0131n\u0131 kutlad\u0131. G\u00fcn\u00fcn anlam ve \u00f6nemiyle ilgili konu\u015fmalar\u0131n ard\u0131ndan \u00f6\u011frencilerin \u015fiir okudu\u011fu t\u00f6ren, halk oyunu g\u00f6sterisi ve resmige\u00e7itle sona erdi.<\/p>\n<p style=\"text-align: justify;\">Bu arada, t\u00f6reni izleyen\u00a0<strong>H\u0131z\u0131r Hardal\u00a0<\/strong>(64) isimli vatanda\u015f\u0131n \u00fczerindeki\u00a0<strong>&#8221;Sivil bir anayasa, egemenlik milletindir&#8221;\u00a0<\/strong>yaz\u0131l\u0131 k\u0131rm\u0131z\u0131 beyaz renkli ti\u015f\u00f6rt dikkati \u00e7ekti. Hardal, gazetecilere yapt\u0131\u011f\u0131 a\u00e7\u0131klamada,\u00a0<strong>&#8221;Yurdumuzun bir anayasaya ihtiyac\u0131 var. Askerimize sayg\u0131 duyuyoruz. Ancak onlar i\u015fini yaps\u0131n, millet de anayasa yaps\u0131n. Kim yaps\u0131n, parlamento, milletin kendisi sivil bir anayasa yaps\u0131n. Milletin sivil bir anayasaya ihtiyac\u0131 var&#8221;\u00a0<\/strong>dedi. Hardal, daha sonra Bakan Yaz\u0131c\u0131&#8217;yla tokala\u015ft\u0131. Yaz\u0131c\u0131 da Hardal ve halk oyunu ekibiyle hat\u0131ra foto\u011fraf\u0131 \u00e7ektirdi.<\/p>\n<p style=\"text-align: justify;\"><strong>Adana<\/strong><\/p>\n<p style=\"text-align: justify;\">30 A\u011fustos Zafer Bayram\u0131 ve T\u00fcrk Silahl\u0131 Kuvvetleri G\u00fcn\u00fc nedeniyle Adana&#8217;daki U\u011fur Mumcu Meydan\u0131nda kutlama t\u00f6reni d\u00fczenlendi. T\u00f6ren, Vali Vekili\u00a0<strong>Fikret Deniz<\/strong>, Garnizon Komutan Vekili ve Jandarma B\u00f6lge Komutan\u0131 T\u00fcmgeneral\u00a0<strong>\u00dcnal Karaosmano\u011flu<\/strong>\u00a0ve Adana B\u00fcy\u00fck\u015fehir Belediyesi Ba\u015fkan\u0131 Vekili\u00a0<strong>Zihni Ald\u0131rmaz<\/strong>&#8216;\u0131n askeri ara\u00e7 \u00fczerinde vatanda\u015flar\u0131 selamlamas\u0131yla ba\u015flad\u0131. Tank\u00e7\u0131 Kurmay Binba\u015f\u0131<strong>Osman \u00c7etin<\/strong>, t\u00f6rendeki konu\u015fmas\u0131nda, T\u00fcrk Kurtulu\u015f Sava\u015f\u0131n\u0131n, her \u015feyin bitti\u011finin san\u0131ld\u0131\u011f\u0131 bir d\u00f6nemde, d\u00f6nemin en g\u00fc\u00e7l\u00fc devletlerine ve onlara hizmet edenlere kar\u015f\u0131 kazan\u0131lan gururlu ve e\u015fsiz bir zafer oldu\u011funu s\u00f6yledi.<\/p>\n<p style=\"text-align: justify;\">Konu\u015fman\u0131n ard\u0131ndan ise Abdulkadir Paksoy Lisesi \u00f6rencilerinden\u00a0<strong>Hilal Kuzu<\/strong>\u00a0ve<strong>Ferhat Erdo\u011fan\u00a0<\/strong>\u015fiirler okudu, Adana B\u00fcy\u00fck\u015fehir Belediyesi Halk Oyunlar\u0131 ekibi bir g\u00f6steri sundu. Askeri bandonun yerini almas\u0131ndan sonra, z\u0131rhl\u0131 ve askeri birlikler ile gaziler, vatanda\u015flar\u0131n alk\u0131\u015flar\u0131 aras\u0131nda ge\u00e7it t\u00f6renini ger\u00e7ekle\u015ftirdi. T\u00f6rene, AKP Adana milletvekilleri\u00a0<strong>Necdet \u00dcn\u00fcvar\u00a0<\/strong>ve\u00a0<strong>Mehmet \u015e\u00fckr\u00fc Erdin\u00e7<\/strong>, CHP Adana Milletvekili\u00a0<strong>\u00dcmit \u00d6zg\u00fcm\u00fc\u015f<\/strong>\u00a0ile di\u011fer ilgililer de kat\u0131ld\u0131.<\/p>\n<p style=\"text-align: justify;\"><strong>D\u00fczce<\/strong><\/p>\n<p style=\"text-align: justify;\">D\u00fczce 30 A\u011fustos Zafer Bayram\u0131 ve T\u00fcrk Silahl\u0131 Kuvvetleri G\u00fcn\u00fc dolay\u0131s\u0131yla An\u0131tpark Meydan\u0131&#8217;nda t\u00f6ren d\u00fczenlendi. T\u00f6ren, D\u00fczce Valisi<strong>\u00a0Vasip \u015eahin<\/strong>, Garnizon Komutan\u0131 K\u0131demli Albay\u00a0<strong>Turhan Yaz\u0131c\u0131<\/strong>, Belediye Ba\u015fkan\u0131\u00a0<strong>\u0130smail Bayram<\/strong>, Ba\u015fsavc\u0131 vekili<strong>Cesur Aykul<\/strong>, D\u00fczce \u00dcniversitesi Rekt\u00f6r Yard\u0131mc\u0131s\u0131\u00a0<strong>Safinaz Atao\u011flu,<\/strong>\u00a0Baro Ba\u015fkan\u0131<strong>Ali Dilber<\/strong>, AKP Milletvekili\u00a0<strong>Fevai Arslan<\/strong>, Siyasi Parti \u0130l ba\u015fkanlar\u0131 ve daire m\u00fcd\u00fcrleri kat\u0131ld\u0131. Buradaki t\u00f6ren Valilik, Ganizon komutanl\u0131\u011f\u0131, Belediye ba\u015fkanl\u0131\u011f\u0131, Cumhuriyet Ba\u015fsavc\u0131l\u0131\u011f\u0131, D\u00fczce \u00dcniversitesi Rekt\u00f6rl\u00fc\u011f\u00fc ve Baro Ba\u015fkanl\u0131\u011f\u0131&#8217;n\u0131n tek tek \u00e7elenk sunmas\u0131n\u0131n ard\u0131ndan t\u00f6ren sayg\u0131 duru\u015fu ve istiklal mar\u015f\u0131n\u0131n okunmas\u0131 ile son buldu.<\/p>\n<p style=\"text-align: justify;\">T\u00f6renin ard\u0131ndan, Vali \u015eahin ve Garnizon komutan\u0131 Yaz\u0131c\u0131, Alay Komutanl\u0131\u011f\u0131 gazinosunda kutlamalar\u0131 kabul etti. An\u0131tpark Meydan\u0131ndaki kutlama program\u0131 Vali Vasip \u015eahin, Garnizon Komutan\u0131 K\u0131demli Albay Turhan Yaz\u0131c\u0131 ve Belediye Ba\u015fkan\u0131 \u0130smail Bayram&#8217;\u0131n protokol\u00fcn ve askeri briliklerin bayramlar\u0131n\u0131 kutlamas\u0131 ile ba\u015flad\u0131. Burada bir konu\u015fma yapan Jandarma Y\u00fczba\u015f\u0131\u00a0<strong>Mustafa Duru<\/strong>,\u00a0<strong>&#8221;30 A\u011fustos Zaferi y\u00fcce milletimizin ve ordumuzun o g\u00fcnlerin zor \u015fartlar\u0131 ile tarihe alt\u0131n harflerle yaz\u0131lan milli bir destand\u0131r&#8221;<\/strong>\u00a0diyerek, 30 A\u011fustos&#8217;un T\u00fcrkiye&#8217;nin ayd\u0131n gelece\u011fe y\u00fcr\u00fcy\u00fc\u015f\u00fcn\u00fc de bir ba\u015flang\u0131c\u0131 oldu\u011funu belirtti. T\u00f6ren, Anadolu \u0130mam Hatip Lisesi \u00d6\u011frencisi\u00a0<strong>Ayhan Kasapo\u011flu<\/strong>&#8216;nun 30 A\u011fustos \u015fiirini okumas\u0131n\u0131n ard\u0131ndan askeri birliklerin t\u00f6ren ge\u00e7i\u015fiyle son buldu.<\/p>\n<p style=\"text-align: justify;\">30 A\u011fustos Zafer Bayram\u0131 ve T\u00fcrk Silahl\u0131 Kuvvetleri G\u00fcn\u00fc, yurdun de\u011fi\u015fik yerlerinde d\u00fczenlenen t\u00f6renlerle kutland\u0131. U\u015fak&#8217;ta, U\u015fak Valisi\u00a0<strong>\u00d6zdemir \u00c7akacak<\/strong>, Garnizon Komutan\u0131 Jandarma Albay\u00a0<strong>\u0130smail \u00d6zcan<\/strong>\u00a0ve Belediye Ba\u015fkan\u0131\u00a0<strong>Ali Erdo\u011fan<\/strong>&#8216;\u0131n halk\u0131n bayram\u0131n\u0131 kutlamas\u0131yla ba\u015flayan t\u00f6rende, sayg\u0131 duru\u015funda bulunularak \u0130stiklal Mar\u015f\u0131 okundu. Genelkurmay Ba\u015fkan\u0131 Orgeneral Necdet \u00d6zel&#8217;in 30 A\u011fustos Zafer Bayram\u0131 i\u00e7in yay\u0131mlad\u0131\u011f\u0131 mesaj\u0131n okundu\u011fu t\u00f6rende, U\u015fak \u0130l Jandarma Komutanl\u0131\u011f\u0131 Merkez \u0130l\u00e7e Jandarma Komutan\u0131 \u00dcste\u011fmen\u00a0<strong>Umut \u00dczerdik<\/strong>, g\u00fcn\u00fcn anlam ve \u00f6nemine de\u011finen bir konu\u015fma yapt\u0131.<\/p>\n<p style=\"text-align: justify;\">\u00dcste\u011fmen \u00dczerdik, konu\u015fmas\u0131nda 30 A\u011fustos Zafer Bayram\u0131&#8217;n\u0131n hangi \u015fartlarda ger\u00e7ekle\u015ftirildi\u011finin iyi tahlil edilmesi gerekti\u011fini ifade ederek, &#8216;<strong>&#8216;Kurtulu\u015f sava\u015f\u0131 sadece i\u015fgal ordusuna kar\u015f\u0131 de\u011fil, ayn\u0131 zamanda fakirli\u011fe, imkans\u0131zl\u0131klara, hastal\u0131\u011fa ve a\u00e7l\u0131\u011fa kar\u015f\u0131 kazan\u0131lm\u0131\u015ft\u0131r. S\u00fcrd\u00fcr\u00fclen \u015fanl\u0131 m\u00fccadele zaferle sonu\u00e7lanm\u0131\u015ft\u0131r&#8221;\u00a0<\/strong>dedi. T\u00f6ren, \u00f6\u011frencilerin okudu\u011fu \u015fiirlerin ard\u0131ndan askeri birliklerin ge\u00e7it resmi ile sona erdi.<\/p>\n<p style=\"text-align: justify;\"><strong>Sivas<\/strong><\/p>\n<p style=\"text-align: justify;\">Sivas&#8217;taki ilk t\u00f6ren, Atat\u00fcrk An\u0131t\u0131&#8217;na Valilik, Garnizon Komutanl\u0131\u011f\u0131, Belediye ve di\u011fer kurulu\u015flar\u0131n \u00e7elenklerinin sunulmas\u0131yla ba\u015flad\u0131. Sayg\u0131 duru\u015fu ve \u0130stiklal Mar\u015f\u0131&#8217;n\u0131n okunmas\u0131n\u0131n ard\u0131ndan Cumhuriyet Meydan\u0131&#8217;nda d\u00fczenlenen t\u00f6renlere ge\u00e7ildi. Burada Sivas Valisi\u00a0<strong>Ali Kolat<\/strong>, Garnizon Komutan\u0131 Tu\u011fgeneral\u00a0<strong>Mustafa \u0130lter\u00a0<\/strong>ile Belediye Ba\u015fkan\u0131\u00a0<strong>Do\u011fan \u00dcrg\u00fcp<\/strong>, halk\u0131n bayram\u0131n\u0131 kutlad\u0131. Bilim ve Sanat Merkezi M\u00fcd\u00fcr\u00fc \u0130brahim K\u0131l\u0131n\u00e7, 30 A\u011fustos Zaferi&#8217;nin T\u00fcrk milleti i\u00e7in \u00f6nemine de\u011finerek, bu zaferle d\u00fcnyaya Anadolu&#8217;nun T\u00fcrk yurdu olarak kalaca\u011f\u0131n\u0131n ispatland\u0131\u011f\u0131n\u0131 s\u00f6yledi.<\/p>\n<p style=\"text-align: justify;\">Garnizon komutanl\u0131\u011f\u0131 ad\u0131na konu\u015fan piyade y\u00fczba\u015f\u0131 \u00c7a\u011ftay F\u0131r\u0131nc\u0131 ise 30 A\u011fustos&#8217;un d\u00fcnyada e\u015fi g\u00f6r\u00fclmemi\u015f bir zafer oldu\u011funu belirtti. Sivas Muharip Gaziler Derne\u011fi Ba\u015fkan\u0131 Fuat Ah\u0131skal\u0131 da, 30 A\u011fustos zaferinin tarihin ak\u0131\u015f\u0131n\u0131 de\u011fi\u015ftirdi\u011fini, T\u00fcrk milleti i\u00e7in bir ba\u015far\u0131 ve kahramanl\u0131k destan\u0131 oldu\u011funu ifade etti. Halk oyunlar\u0131 g\u00f6sterileri ile devam t\u00f6ren, ge\u00e7it t\u00f6reni ile sona erdi.<\/p>\n<p style=\"text-align: justify;\"><strong>Elaz\u0131\u011f<\/strong><\/p>\n<p style=\"text-align: justify;\">Valilik \u00f6n\u00fcndeki ilk t\u00f6rende Vali Muammer Erol, 8. Kolordu Komutan\u0131 Korgeneral<strong>Galip Mendi<\/strong>, Belediye Ba\u015fkan\u0131\u00a0<strong>S\u00fcleyman Selmano\u011flu<\/strong>\u00a0ile ilgililer Atat\u00fcrk An\u0131t\u0131&#8217;na \u00e7elenk koydu, sayg\u0131 duru\u015funda bulundu, \u0130stiklal Mar\u015f\u0131 okundu. T\u00f6renin ard\u0131ndan Korgeneral Mendi, bas\u0131na kapal\u0131 ger\u00e7ekle\u015fen t\u00f6rende 8. Kolordu Karargah\u0131nda tebrikleri kabul etti. Kutlamalar Valilik \u00f6n\u00fcndeki Z\u00fcbeyde Han\u0131m Caddesi&#8217;nde devam etti. Vali Erol, Korgeneral Mendi ile Belediye Ba\u015fkan\u0131 Selmano\u011flu t\u00f6rene kat\u0131lanlar\u0131n 30 A\u011fustos Zafer Bayram\u0131 ile Ramazan Bayram\u0131n\u0131 kutlad\u0131.<\/p>\n<p style=\"text-align: justify;\">T\u00fcrk Silahl\u0131 Kuvvetleri ad\u0131na konu\u015fan Kurmay Y\u00fczba\u015f\u0131\u00a0<strong>Murat \u00d6zcan<\/strong>, T\u00fcrk ulusunun Gazi Mustafa Kemal Atat\u00fcrk&#8217;\u00fcn \u00f6nderli\u011finde asil ge\u00e7mi\u015fine sahip \u00e7\u0131kt\u0131\u011f\u0131 30 A\u011fustos Zaferi&#8217;nin 89. y\u0131l d\u00f6n\u00fcm\u00fcn\u00fc kutlaman\u0131n gurur ve heyecan\u0131 i\u00e7erisinde olduklar\u0131n\u0131 s\u00f6yledi. \u00d6zcan, 30 A\u011fustos Zaferi&#8217;nin T\u00fcrk milleti a\u00e7\u0131s\u0131ndan varolu\u015f, dirili\u015f ve \u00f6zg\u00fcrl\u00fc\u011f\u00fcn\u00fc devam ettirme y\u00f6nlerinin yan\u0131s\u0131ra zaferle T\u00fcrkiye&#8217;nin bir k\u00fclt\u00fcr devrimi yaparak, \u00e7a\u011fda\u015f d\u00fcnyaya kararl\u0131 ad\u0131mlarla y\u00fcr\u00fcmeye ba\u015flad\u0131\u011f\u0131n\u0131, bu zafere m\u00fcteakip kurulan T\u00fcrkiye Cumhuriyeti&#8217;nin Atat\u00fcrk \u00f6nderli\u011finde laik ulus devletine d\u00f6n\u00fc\u015f\u00fcm\u00fc sa\u011flayarak bir devrim ger\u00e7ekle\u015ftirdi\u011fini ifade etti. T\u00f6ren, gaziler ve askeri birliklerin kat\u0131ld\u0131\u011f\u0131 ge\u00e7it t\u00f6reni ile sona erdi.<\/p>\n<p style=\"text-align: justify;\"><strong>Tokat<\/strong><\/p>\n<p style=\"text-align: justify;\">Tokat&#8217;ta Atat\u00fcrk An\u0131t\u0131&#8217;na \u00e7elenk sunulmas\u0131yla ba\u015flayan t\u00f6renin ard\u0131ndan Tokat Valisi \u015eerif Y\u0131lmaz ve Garnizon Komutan\u0131 Tu\u011fgeneral\u00a0<strong>Ali \u00d6zkara\u00a0<\/strong>Orduevi&#8217;nde tebrikleri kabul etti.<br \/>\nCumhuriyet Meydan\u0131&#8217;nda d\u00fczenlenen t\u00f6rende, Vali Y\u0131lmaz, Garnizon Komutan\u0131 \u00d6zkara ve Belediye Ba\u015fkan Vekili\u00a0<strong>Sami Duto\u011flu<\/strong>\u00a0halk\u0131n ve t\u00f6ren birliklerinin bayram\u0131n\u0131 kutlad\u0131.<br \/>\nG\u00fcn\u00fcn anlam ve \u00f6nemini belirten \u015fiirlerin okundu\u011fu t\u00f6rende, d\u00fczenlenen yar\u0131\u015fmalarda dereceye girenlere \u00f6d\u00fclleri verildi. Bu arada \u00e7ocuklar \u015eeker Bayram\u0131 nedeniyle toplad\u0131klar\u0131 \u015fekerleri askerlere da\u011f\u0131tt\u0131.<\/p>\n<p style=\"text-align: justify;\"><strong>Yalova<\/strong><\/p>\n<p style=\"text-align: justify;\">Yalova Cumhuriyet Meydan\u0131&#8217;ndaki t\u00f6rene, Yalova Valisi\u00a0<strong>Eseng\u00fcl Civelek<\/strong>, Belediye Ba\u015fkan\u0131\u00a0<strong>Yakup Ko\u00e7al<\/strong>, Karam\u00fcrselbey E\u011fitim Merkezi Komutan\u0131 Deniz Kurmay K\u0131demli Albay\u00a0<strong>Meftun D\u0131rman<\/strong>, CHP Grup Ba\u015fkanvekili\u00a0<strong>Muharrem \u0130nce\u00a0<\/strong>ve AKP Yalova Milletvekili\u00a0<strong>Temel Co\u015fkun<\/strong>\u00a0ile \u00e7ok say\u0131da vatanda\u015f kat\u0131ld\u0131. Cumhuriyet Meydan\u0131&#8217;nda Atat\u00fcrk An\u0131t\u0131&#8217;n\u0131 \u00e7elenk sunulmas\u0131n\u0131n ard\u0131ndan, sayg\u0131 duru\u015funda bulunuldu ve \u0130stiklal Mar\u015f\u0131 okundu.<\/p>\n<p style=\"text-align: justify;\">T\u00fcrk Silahl\u0131 Kuvvetleri ad\u0131na bir konu\u015fma yapan Deniz Te\u011fmen\u00a0<strong>Mehmet \u00c7akal<\/strong>, 30 A\u011fustos Zaferi ile T\u00fcrk ulusunun, tarihindeki en uzun bar\u0131\u015f d\u00f6nemini ger\u00e7ekle\u015ftirerek, ya\u015fama ge\u00e7irdi\u011fini, T\u00fcrk ordusunun, ulusu ile b\u00fct\u00fcnle\u015ferek d\u00fcnyaya<strong>\u00a0&#8221;T\u00fcrk esir edilemez, anavatan\u0131 Anadolu i\u015fgal edilemez&#8221;\u00a0<\/strong>mesaj\u0131n\u0131 vererek, g\u00fcc\u00fcn\u00fcn ne oldu\u011funu bir kez daha kan\u0131tlad\u0131\u011f\u0131n\u0131 belirtti.<\/p>\n<p style=\"text-align: justify;\"><strong>Bing\u00f6l<\/strong><\/p>\n<p style=\"text-align: justify;\">30 A\u011fustos Zafer Bayram\u0131 ve T\u00fcrk Silahl\u0131 Kuvvetleri G\u00fcn\u00fc, Bing\u00f6l&#8217;de Kalk\u0131nma Bakan\u0131 Cevdet Y\u0131lmaz&#8217;\u0131n da kat\u0131ld\u0131\u011f\u0131 t\u00f6renlerle kutland\u0131. Bing\u00f6l&#8217;de d\u00fczenlenen ilk t\u00f6ren, saat 09.00&#8217;da, Atat\u00fcrk posterleri ve T\u00fcrk bayraklar\u0131yla donat\u0131lan H\u00fck\u00fcmet Kona\u011f\u0131 Meydan\u0131&#8217;nda yap\u0131ld\u0131. Atat\u00fcrk An\u0131t\u0131&#8217;na \u00e7elenk konulmas\u0131, sayg\u0131 duru\u015funda bulunulmas\u0131 ve \u0130stiklal Mar\u015f\u0131&#8217;n\u0131n okunmas\u0131n\u0131n ard\u0131ndan buradaki t\u00f6ren sona erdi. \u0130kinci t\u00f6ren, Bing\u00f6l \u015eehir Stadyumu&#8217;nda yap\u0131ld\u0131. Buradaki t\u00f6rene, Kalk\u0131nma Bakan\u0131 Cevdet Y\u0131lmaz, Vali Mustafa Hakan G\u00fcven\u00e7er, Garnizon Komutan\u0131 Tu\u011fgeneral Orhan G\u00fcnd\u00fcz, AKP Bing\u00f6l Milletvekili E\u015fref Ta\u015f ve di\u011fer yetkililer kat\u0131ld\u0131. Y\u00fczba\u015f\u0131 Tuncay Temizi\u015fler, g\u00fcn\u00fcn anlam ve \u00f6nemini belirten konu\u015fma yapt\u0131.<\/p>\n<p style=\"text-align: justify;\">T\u00f6renin ard\u0131ndan polisevinden ayr\u0131lan Bakan Y\u0131lmaz, Bing\u00f6l \u015eehit Aileleri Malulleri ve \u0130nsan Haklar\u0131 Derne\u011fini ziyaret etti. Dernek Ba\u015fkan\u0131 Ziya S\u00f6zen&#8217;den \u00e7al\u0131\u015fmalar hakk\u0131nda bilgi alan Y\u0131lmaz, daha sonra s\u0131ras\u0131yla Bing\u00f6l Belediye Ba\u015fkanl\u0131\u011f\u0131, Bing\u00f6l Devlet Hastanesi, \u0130l Jandarma Komutanl\u0131\u011f\u0131 ile \u0130l Emniyet M\u00fcd\u00fcrl\u00fc\u011f\u00fcne de bayram ziyaretinde bulundu.<\/p>\n<p style=\"text-align: justify;\"><strong>Bitlis<\/strong><\/p>\n<p style=\"text-align: justify;\">30 A\u011fustos Zafer Bayram\u0131 ve T\u00fcrk Silahl\u0131 Kuvvetleri G\u00fcn\u00fc dolay\u0131s\u0131yla Bitlis&#8217;te t\u00f6ren d\u00fczenlendi. Bitlis&#8217;teki t\u00f6ren, Atat\u00fcrk An\u0131t\u0131&#8217;na \u00e7elenk konulmas\u0131yla ba\u015flad\u0131. Daha sonra, Bitlis Valisi Nurettin Y\u0131lmaz, \u0130l Jandarma Komutan\u0131 Albay Enver Ayd\u0131n, Bitlis Belediye Ba\u015fkan\u0131 Fehmi Alayd\u0131n t\u00f6ren k\u0131tas\u0131n\u0131 selamlad\u0131. G\u00fcn\u00fcn anlam ve \u00f6nemini belirten konu\u015fmay\u0131 yapan Jandarma Binba\u015f\u0131 \u0130hsan \u00c7anak, T\u00fcrk milletinin b\u00fcy\u00fck bir m\u00fccadelenin ard\u0131ndan ba\u011f\u0131ms\u0131zl\u0131\u011f\u0131na kavu\u015ftu\u011funu belirterek, &#8221;30 A\u011fustos zaferi, yeni T\u00fcrkiye Cumhuriyeti&#8217;nin kurulmas\u0131 i\u00e7in ara\u00e7 olmu\u015ftur. Bundan sonra kalk\u0131nma ve \u00e7a\u011fda\u015fla\u015fma m\u00fccadelesine ge\u00e7ilmi\u015ftir&#8221; dedi. Konu\u015fman\u0131n ard\u0131ndan g\u00fcn\u00fcn anlam ve \u00f6nemini belirten \u015fiirler okundu. Askeri birliklerin t\u00f6ren ge\u00e7i\u015finden sonra, \u0130l Jandarma Komutan\u0131 Enver Ayd\u0131n, Bitlis Askeri Gazino&#8217;da tebrikleri kabul etti.<\/p>\n<p style=\"text-align: justify;\"><strong>\u015eanl\u0131urfa<\/strong><\/p>\n<p style=\"text-align: justify;\">30 A\u011fustos Zafer Bayram\u0131 ve T\u00fcrk Silahl\u0131 Kuvvetleri G\u00fcn\u00fc \u015eanl\u0131urfa&#8217;da, \u00e7e\u015fitli etkinliklerle kutland\u0131. Kentteki ilk t\u00f6ren Atat\u00fcrk Bulvar\u0131&#8217;nda eski Valilik binas\u0131 \u00f6n\u00fcnde yap\u0131ld\u0131. Vali Vekili\u00a0<strong>Bahri Tiryaki<\/strong>, Belediye Ba\u015fkan Vekili\u00a0<strong>Fevzi Y\u00fccetepe<\/strong>, 20. Z\u0131rhl\u0131 Tugay Komutan\u0131 Tu\u011fgeneral\u00a0<strong>Veli Tarak\u00e7\u0131\u00a0<\/strong>ve di\u011fer yetkililer, Atat\u00fcrk an\u0131t\u0131na \u00e7elenk sunarak, sayg\u0131 duru\u015funda bulundu. \u0130stiklal Mar\u015f\u0131&#8217;n\u0131n okunmas\u0131n\u0131n ard\u0131ndan t\u00f6ren sona erdi.<\/p>\n<p style=\"text-align: justify;\">Daha sonra \u015eehitlik \u00c7aml\u0131k Park\u0131na ge\u00e7en yetkililer, buradaki \u015eehitler Abidesi&#8217;ne \u00e7elenk koydu, \u015fehitlerin mezarlar\u0131na karanfil b\u0131rakt\u0131. Atat\u00fcrk Bulvar\u0131&#8217;nda devam eden t\u00f6rende Tank\u00e7\u0131 Binba\u015f\u0131\u00a0<strong>Alper Eken<\/strong>, g\u00fcn\u00fcn anlam ve \u00f6nemini belirten bir konu\u015fma yapt\u0131. Ge\u00e7it t\u00f6reniyle sona eren t\u00f6rene, AKP \u015eanl\u0131urfa milletvekilleri\u00a0<strong>Mahmut Ka\u00e7ar, Emin \u00d6nen, Seyit Ey\u00fcpo\u011flu<\/strong>\u00a0ve\u00a0<strong>Zeynep Karahan Uslu<\/strong>\u00a0ile daire m\u00fcd\u00fcrleri ve askerler kat\u0131ld\u0131.<strong><br \/>\n<\/strong><\/p>\n<p style=\"text-align: justify;\"><strong>K\u0131rklareli<\/strong><\/p>\n<p style=\"text-align: justify;\">K\u0131rklareli&#8217;deki t\u00f6renler, Vali Mustafa Yaman, 55. Mekanize Piyade Tugay Komutan\u0131 Tu\u011fgeneral Sinan Yayla, Belediye Ba\u015fkan\u0131 Cavit \u00c7a\u011flayan, kamu kurumlar\u0131, sivil toplum kurulu\u015flar\u0131 ve siyasi parti temsilcilerinin Vilayet Meydan\u0131&#8217;ndaki Atat\u00fcrk An\u0131t\u0131&#8217;na \u00e7elenk koymas\u0131, sayg\u0131 duru\u015funda bulunulmas\u0131 ve \u0130stiklal Mar\u015f\u0131&#8217;n\u0131n okunmas\u0131yla ba\u015flad\u0131.<br \/>\n\u00c7elenk t\u00f6reninin ard\u0131ndan Tu\u011fgeneral Sinan Yayla, Orduevi&#8217;nde tebrikleri kabul etti.<br \/>\nT\u00f6renler, K\u0131rklareli Vilayet Meydan\u0131&#8217;nda devam etti. Vilayet Meydan\u0131&#8217;ndaki t\u00f6rende, Vali Yaman, Tu\u011fgeneral Yayla ve Belediye Ba\u015fkan\u0131 \u00c7a\u011flayan, halk\u0131n ve t\u00f6ren k\u0131tas\u0131n\u0131n bayram\u0131n\u0131 kutlad\u0131. Sayg\u0131 duru\u015funda bulunulmas\u0131 ve \u0130stiklal Mar\u015f\u0131&#8217;n\u0131n okunmas\u0131n\u0131n ard\u0131ndan, Piyade Kurmay Binba\u015f\u0131 Recep D\u00f6nmez, g\u00fcn\u00fcn anlam ve \u00f6nemini belirten konu\u015fmas\u0131 yapt\u0131. Daha sonra, askeri birlikler ve ara\u00e7lar, askeri bando e\u015fli\u011finde t\u00f6ren ge\u00e7i\u015flerini tamamlad\u0131.<\/p>\n<p style=\"text-align: justify;\"><strong>Sakarya<\/strong><\/p>\n<p style=\"text-align: justify;\">Sakarya&#8217;n\u0131n Adapazar\u0131 il\u00e7esindeki Atat\u00fcrk Bulvar\u0131&#8217;ndaki t\u00f6ren, Sakarya Valisi Mustafa B\u00fcy\u00fck, Sakarya 1. Motorlu Piyade Tugay Komutan\u0131 Tu\u011fgeneral Orhan \u00c7\u0131nar ve Sakarya B\u00fcy\u00fck\u015fehir Belediye Ba\u015fkan\u0131 Zeki To\u00e7o\u011flu&#8217;nun askeri cip \u00fczerinden halk\u0131 selamlamas\u0131yla ba\u015flad\u0131. Sayg\u0131 duru\u015funda bulunulmas\u0131 ve \u0130stiklal Mar\u015f\u0131&#8217;n\u0131n okunmas\u0131n\u0131n ard\u0131ndan konu\u015fan Piyade Kurmay Binba\u015f\u0131 Yener Demir, 30 A\u011fustosun mazisi \u015fan, \u015feref ve destanla dolu y\u00fcce T\u00fcrk milletinin \u015fahlan\u0131\u015f\u0131n\u0131n ve y\u00fckseli\u015finin 89. y\u0131l d\u00f6n\u00fcm\u00fc oldu\u011funu s\u00f6yledi. T\u00f6ren, \u015fiirlerin okunmas\u0131, gaziler ve askeri personelin ge\u00e7i\u015fiyle sona erdi.<\/p>\n<p style=\"text-align: justify;\"><strong>Denizli<\/strong><\/p>\n<p style=\"text-align: justify;\">Denizli&#8217;de, valili\u011fin \u00f6n\u00fcnde t\u00f6ren d\u00fczenlendi. Vali Abd\u00fclkadir Demir, Belediye Ba\u015fkan\u0131 Osman Zolan ve 11. Motorlu Piyade Tugay Komutan\u0131 Tu\u011fgeneral Metin Ke\u015fap, askeri ara\u00e7la vatanda\u015flar\u0131 selamlad\u0131, ard\u0131ndan askeri ge\u00e7i\u015f t\u00f6reni yap\u0131ld\u0131. Valiler Kararnamesi ile Erzincan&#8217;dan Denizli&#8217;ye atanan ve yeni g\u00f6revine bug\u00fcn sabah ba\u015flayan Vali Demir, t\u00f6ren sonras\u0131 gazetecilere yapt\u0131\u011f\u0131 a\u00e7\u0131klamada, Denizli&#8217;de bir bayram g\u00fcn\u00fc g\u00f6reve ba\u015flaman\u0131n mutluluk verici oldu\u011funu s\u00f6yledi. T\u00f6rene, AKP milletvekilleri, Denizli Belediye Ba\u015fkan\u0131 Osman Zolan, daire ve kurum m\u00fcd\u00fcrleri kat\u0131ld\u0131.<\/p>\n<p style=\"text-align: justify;\"><strong>Manisa<\/strong><\/p>\n<p style=\"text-align: justify;\">Manisa&#8217;da kutlamalar, Cumhuriyet Meydan\u0131&#8217;ndaki Atat\u00fcrk ve Milli Egemenlik An\u0131t\u0131&#8217;n\u0131n \u00f6n\u00fcnde d\u00fczenlenen \u00e7elenk koyma t\u00f6reniyle ba\u015flad\u0131. Manisa Valisi Celalettin G\u00fcven\u00e7, Garnizon Komutan\u0131 Tu\u011fgeneral Nehir Ayd\u0131n, Belediye Ba\u015fkan Vekili Nursel Ustamehmeto\u011flu ve CHP Manisa Milletvekili \u00d6zg\u00fcr \u00d6zel ile di\u011fer protokol \u00fcyeleri, askeri ve sivil erkan ile gaziler ve sivil toplum kurulu\u015flar\u0131n\u0131n temsilcilerinin kat\u0131ld\u0131\u011f\u0131 t\u00f6rende an\u0131ta \u00e7elenk konularak sayg\u0131 duru\u015funda bulunuldu ve \u0130stiklal Mar\u015f\u0131 okundu.<\/p>\n<p style=\"text-align: justify;\">Daha sonra, Vali G\u00fcven\u00e7, Tugay Komutan\u0131 Tu\u011fgeneral Ayd\u0131n ve Belediye Ba\u015fkan Vekili Ustamehmeto\u011flu, 1. Er E\u011fitim Tugay Komutanl\u0131\u011f\u0131 Karargah\u0131&#8217;nda tebrikleri kabul etti.<br \/>\nKutlamalara, Manisa Valili\u011finin \u00f6n\u00fcnde d\u00fczenlenen t\u00f6renle devam edildi.<\/p>\n<p style=\"text-align: justify;\">Vali G\u00fcven\u00e7, Garnizon Komutan\u0131 Tu\u011fgeneral Ayd\u0131n ve Belediye Ba\u015fkan Vekili Ustamehmeto\u011flu&#8217;nun halk\u0131 selamlayarak bayramlar\u0131n\u0131 kutlamas\u0131yla ba\u015flayan t\u00f6rende sayg\u0131 duru\u015funda bulunuldu ve \u0130stiklal Mar\u015f\u0131 okundu. Genelkurmay Ba\u015fkan\u0131 Orgeneral Necdet \u00d6zel&#8217;in 30 A\u011fustos Zafer Bayram\u0131 i\u00e7in yay\u0131mlad\u0131\u011f\u0131 kutlama mesaj\u0131n\u0131n da okundu\u011fu t\u00f6ren, askeri birlikler, \u0130l Milli E\u011fitim M\u00fcd\u00fcrl\u00fc\u011f\u00fc \u0130zci Birli\u011fi ile Harp Malul\u00fc Derne\u011fi \u00fcyesi gazilerin kat\u0131l\u0131m\u0131nda ge\u00e7it resmiyle sona erdi. T\u00f6renin ard\u0131ndan, protokol \u00fcyeleri, \u015fehit aileleriyle birlikte Garnizon \u015eehitli\u011fi&#8217;ni ziyaret ederek, \u015fehitlerin mezarlar\u0131na karanfil b\u0131rakt\u0131.<\/p>\n<p style=\"text-align: justify;\"><strong>Ayd\u0131n<\/strong><\/p>\n<p style=\"text-align: justify;\">Ayd\u0131n&#8217;daki kutlamalar, Atat\u00fcrk Meydan\u0131&#8217;ndaki Atat\u00fcrk An\u0131t\u0131&#8217;na \u00e7elenk konulmas\u0131yla ba\u015flad\u0131. Ayd\u0131n Valisi H\u00fcseyin Avni Co\u015f, Garnizon ve Jandarma B\u00f6lge Komutan\u0131 Tu\u011fgeneral \u0130brahim Ayd\u0131n ve Belediye Ba\u015fkan Vekili S\u00fcmran \u00dcnal&#8217;\u0131n an\u0131ta \u00e7elenk koymas\u0131n\u0131n ard\u0131ndan sayg\u0131 duru\u015funda bulunuldu ve \u0130stiklal Mar\u015f\u0131 okundu. Kutlamalara \u0130stasyon Meydan\u0131&#8217;nda devam edildi. Buradaki t\u00f6rene AKP Ayd\u0131n Milletvekili Mehmet Erdem, CHP Ayd\u0131n milletvekilleri B\u00fclent Tezcan ve Metin L\u00fctfi Baydar ile MHP Ayd\u0131n Milletvekili Ali Uzun\u0131rmak, siyasi partilerin il ba\u015fkanlar\u0131, daire m\u00fcd\u00fcrleri ve vatanda\u015flar kat\u0131ld\u0131.<\/p>\n<p style=\"text-align: justify;\">Vali Co\u015f, Garnizon Komutan\u0131 Tu\u011fgeneral Ayd\u0131n ve Belediye Ba\u015fkan Vekili \u00dcnal&#8217;\u0131n halk\u0131 ve t\u00f6ren birliklerini selamlamas\u0131yla ba\u015flayan t\u00f6rende, \u015fehitler i\u00e7in sayg\u0131 duru\u015funda bulunuldu ve \u0130stiklal Mar\u015f\u0131 okundu. Jandarma Albay Hakan Gen\u00e7, t\u00f6rende yapt\u0131\u011f\u0131 konu\u015fmada, 30 A\u011fustos zaferinin, T\u00fcrkiye Cumhuriyeti&#8217;nin do\u011fu\u015fu ve geli\u015fimine yol a\u00e7an zincirin ilk halkas\u0131n\u0131 olu\u015fturdu\u011funa i\u015faret etti. Konu\u015fman\u0131n ard\u0131ndan halk oyunlar\u0131 g\u00f6sterilerinin yap\u0131ld\u0131\u011f\u0131 t\u00f6ren, askeri birliklerin ge\u00e7i\u015fiyle sona erdi.<strong><br \/>\n<\/strong><\/p>\n<p style=\"text-align: justify;\"><strong>Edirne<\/strong><\/p>\n<p style=\"text-align: justify;\">Edirne&#8217;deki t\u00f6renler, Vali G\u00f6khan S\u00f6zer, 54. Mekanize Piyade Tugay Komutan\u0131 Tu\u011fgeneral Cengiz Demirci ve Belediye Ba\u015fkan\u0131 Hamdi Sedef\u00e7i ile \u00e7e\u015fitli kurum ve kurulu\u015flar\u0131n temsilcilerinin Atat\u00fcrk An\u0131t\u0131&#8217;na \u00e7elenk koymas\u0131yla ba\u015flad\u0131. Atat\u00fcrk An\u0131t\u0131&#8217;ndaki t\u00f6rende sayg\u0131 duru\u015funda bulunuldu ve \u0130stiklal Mar\u015f\u0131 e\u015fli\u011finde g\u00f6ndere bayrak \u00e7ekildi. T\u00f6renlere, 54. Mekanize Tugay Karargah\u0131 binas\u0131nda, Vali S\u00f6zer, Tu\u011fgeneral Demirci ve Belediye Ba\u015fkan\u0131 Sedef\u00e7i&#8217;nin tebrikleri kabul etmesinin ard\u0131ndan Talat Pa\u015fa Caddesi&#8217;ndeki t\u00f6ren alan\u0131nda devam edildi.<\/p>\n<p style=\"text-align: justify;\">T\u00f6rende, S\u00f6zer, Demirci ve Sedef\u00e7i, halk\u0131 ve t\u00f6ren k\u0131tas\u0131n\u0131 selamlayarak bayram\u0131n\u0131 kutlad\u0131. 54. Mekanize Piyade Tugay Komutanl\u0131\u011f\u0131nda g\u00f6revli Binba\u015f\u0131 Arif Kenan Erim, t\u00f6rende yapt\u0131\u011f\u0131 konu\u015fmada, 30 A\u011fustos Zafer Bayram\u0131&#8217;n\u0131n tarihe alt\u0131n harflerle yaz\u0131lm\u0131\u015f bir ba\u011f\u0131ms\u0131zl\u0131k m\u00fccadelesinin sonucu oldu\u011funu ifade etti. T\u00f6ren, askeri birlikler ve askeri ara\u00e7lar\u0131n resmige\u00e7itiyle sona erdi.<\/p>\n<p style=\"text-align: justify;\"><strong>Bursa\u00a0<\/strong><\/p>\n<p style=\"text-align: justify;\">30 A\u011fustos Zafer Bayram\u0131, Bursa&#8217;da \u00c7al\u0131\u015fma ve Sosyal G\u00fcvenlik Bakan\u0131 Faruk \u00c7elik&#8217;in da kat\u0131ld\u0131\u011f\u0131 t\u00f6renle kutland\u0131. Heykel&#8217;deki kutlama program\u0131, Atat\u00fcrk An\u0131t\u0131&#8217;na \u00e7elenk konulmas\u0131 ve \u0130stiklal Mar\u015f\u0131&#8217;n\u0131n okunmas\u0131yla ba\u015flad\u0131. Daha sonra, Bursa Valisi \u015eahabettin Harput, Garnizon Komutan\u0131 Tu\u011fgeneral \u00dcmit Y\u0131lmaz ve B\u00fcy\u00fck\u015fehir Belediye Ba\u015fkanvekili Abdullah Karada\u011f ile birlikte \u00fcst\u00fc a\u00e7\u0131k askeri ara\u00e7tan, t\u00f6rene kat\u0131lan vatanda\u015flar\u0131 selamlad\u0131. Askeri birliklerin ge\u00e7i\u015finin ard\u0131ndan t\u00f6ren sona erdi.<\/p>\n<p style=\"text-align: justify;\">\u00d6te yandan, t\u00f6rene, Suudi Arabistan ve Arjantin&#8217;den gelen turistler, ellerinde T\u00fcrk bayraklar\u0131yla kat\u0131ld\u0131. Arap turistler, T\u00fcrkiye&#8217;nin kurtulu\u015f m\u00fccadelesini duyduklar\u0131n\u0131 belirterek, her y\u0131l bunun kutlanmas\u0131n\u0131n T\u00fcrk milleti i\u00e7in gurur verici oldu\u011funu s\u00f6yledi. Arjantinliler ise daha \u00f6nce arkada\u015flar\u0131n\u0131n T\u00fcrkiye&#8217;de benzer bir kutlamay\u0131 izledi\u011fini ve kendilerine anlatt\u0131\u011f\u0131n\u0131 ifade ederek,<strong>\u00a0&#8221;\u00c7ok etkilenmi\u015flerdi. Biz de T\u00fcrk bayraklar\u0131yla t\u00f6rene kat\u0131ld\u0131k. T\u00fcrk milletinin gururunu, bayram\u0131n\u0131, sevincini payla\u015fal\u0131m istedik. Ger\u00e7ekten de etkileyici&#8221;<\/strong>\u00a0dedi.<\/p>\n<p style=\"text-align: justify;\"><strong>\u00c7anakkale<\/strong><\/p>\n<p style=\"text-align: justify;\">\u00c7anakkale&#8217;de 30 A\u011fustos Zafer Bayram\u0131 ve T\u00fcrk Silahl\u0131 Kuvvetleri G\u00fcn\u00fc dolay\u0131s\u0131yla Cumhuriyet Meydan\u0131&#8217;nda t\u00f6ren d\u00fczenlendi. T\u00f6ren, \u00c7anakkale Valisi G\u00fcng\u00f6r Azim Tuna, Bo\u011faz ve Garnizon Komutan\u0131 Tu\u011famiral Hasan Do\u011fan, Belediye Ba\u015fkan Vekili Muharrem Erkek, siyas\u0131 partiler, yarg\u0131 organlar\u0131 ve \u00e7e\u015fitli sivil toplum kurulu\u015flar\u0131 temsilcilerinin Atat\u00fcrk An\u0131t\u0131&#8217;na \u00e7elenk koymas\u0131yla ba\u015flad\u0131. Sayg\u0131 duru\u015funun ard\u0131ndan \u0130stiklal Mar\u015f\u0131 e\u015fli\u011finde T\u00fcrk bayra\u011f\u0131 g\u00f6ndere \u00e7ekildi. Buradaki t\u00f6renin ard\u0131ndan, Vali Tuna ve Tu\u011famiral Do\u011fan, \u00c7imenlik Kalesi&#8217;ndeki Deniz M\u00fczesi&#8217;nde kutlamalar\u0131 kabul etti. Vali Tuna, daha sonra, Tu\u011famiral Do\u011fan ve Erkek&#8217;le Cumhuriyet Meydan\u0131&#8217;nda vatanda\u015flarla askeri birliklerin bayram\u0131n\u0131 kutlad\u0131. Deniz Kurmay Y\u00fczba\u015f\u0131 Ahmet D\u00f6ner, burada d\u00fczenlenen t\u00f6rende yapt\u0131\u011f\u0131 konu\u015fmada, T\u00fcrk tarihinin \u00e7ok b\u00fcy\u00fck ve parlak zaferlerle dolu oldu\u011funu s\u00f6yledi. T\u00f6ren, askeri birliklerin resmige\u00e7itiyle sona erdi.<\/p>\n<p style=\"text-align: justify;\"><strong>Gaziantep<\/strong><\/p>\n<p style=\"text-align: justify;\">30 A\u011fustos Zafer Bayram\u0131 ve T\u00fcrk Silahl\u0131 Kuvvetleri G\u00fcn\u00fc, Gaziantep&#8217;te t\u00f6renlerle kutland\u0131. Demokrasi Meydan\u0131&#8217;nda d\u00fczenlenen ilk t\u00f6rende, Aile ve Sosyal Politikalar Bakan\u0131 Fatma \u015eahin, Gaziantep Valisi Erdal Ata, 5. Z\u0131rhl\u0131 Tugay ve Garnizon Komutan\u0131 Tu\u011fgeneral Kahraman G\u00fcne\u015f, B\u00fcy\u00fck\u015fehir Belediye Ba\u015fkan\u0131 As\u0131m G\u00fczelbey ve protokol\u00fcn Atat\u00fcrk An\u0131t\u0131&#8217;na \u00e7elenk koymas\u0131n\u0131n ard\u0131ndan sayg\u0131 duru\u015funda bulunuldu ve \u0130stiklal Mar\u015f\u0131 okundu.<br \/>\nT\u00f6rene kat\u0131lanlar daha sonra Orduevi&#8217;ne ge\u00e7ti. Buradaki kutlama, bas\u0131na kapal\u0131 ger\u00e7ekle\u015ftirildi. \u0130stasyon Meydan\u0131&#8217;nda d\u00fczenlenen t\u00f6rende, Vali Erdal Ata, 5. Z\u0131rhl\u0131 Tugay Komutan\u0131 Tu\u011fgeneral Kahraman G\u00fcne\u015f, B\u00fcy\u00fck\u015fehir Belediye Ba\u015fkan\u0131 As\u0131m G\u00fczelbey, t\u00f6ren arac\u0131ndan halk\u0131 selamlayarak bayramlar\u0131n\u0131 kutlad\u0131.<\/p>\n<p style=\"text-align: justify;\">Kurmay Binba\u015f\u0131 Serdar Keresteci, T\u00fcrk Silahl\u0131 Kuvvetleri ad\u0131na yapt\u0131\u011f\u0131 konu\u015fmada, bug\u00fcn ebedi ba\u015fkomutan Gazi Mustafa Kemal Atat\u00fcrk&#8217;\u00fcn \u00f6nderli\u011finde, kahraman T\u00fcrk Silahl\u0131 Kuvvetleri&#8217;nin milletle el ele ger\u00e7ekle\u015ftirdi\u011fi en b\u00fcy\u00fck zaferin 89. y\u0131l d\u00f6n\u00fcm\u00fc oldu\u011funu ifade ederek, bu bayram\u0131 farkl\u0131 bir gurur ve sevin\u00e7le kutlad\u0131klar\u0131n\u0131 s\u00f6yledi. T\u00f6ren, resmige\u00e7itle sona erdi. T\u00f6renlere AKP ve CHP milletvekilleri, Emniyet M\u00fcd\u00fcr\u00fc S\u00fcleyman O\u011fuz, AKP \u0130l Ba\u015fkan\u0131 Ahmet Uzer de kat\u0131ld\u0131.<\/p>\n<p style=\"text-align: justify;\"><strong>Diyarbak\u0131r<\/strong><\/p>\n<p style=\"text-align: justify;\">30 A\u011fustos Zafer Bayram\u0131 ve T\u00fcrk Silahl\u0131 Kuvvetleri G\u00fcn\u00fc Diyarbak\u0131r&#8217;da t\u00f6renlerle kutlan\u0131yor. \u0130lk t\u00f6ren Atat\u00fcrk An\u0131t\u0131&#8217;nda yap\u0131ld\u0131. An\u0131ta \u00e7elenk konulmas\u0131n\u0131n ard\u0131ndan t\u00f6ren, valili\u011fin \u00f6n\u00fcnde devam etti. T\u00f6rene, G\u0131da Tar\u0131m ve Hayvanc\u0131l\u0131k Bakan\u0131 Mehdi Eker, Vali Mustafa Toprak, 7. Kolordu Komutan\u0131 T\u00fcmgeneral Alaeddin \u00d6rsan, AKP Diyarbak\u0131r milletvekilleri, kamu kurum ve kurulu\u015flar\u0131 ile sivil toplum \u00f6rg\u00fctlerinin temsilcileri ve vatanda\u015flar kat\u0131ld\u0131. 7. Kolordu Komutanl\u0131\u011f\u0131nda g\u00f6revli y\u00fczba\u015f\u0131 Yunus Emre Karaca&#8217;n\u0131n g\u00fcn\u00fcn anlam ve \u00f6nemine ili\u015fkin konu\u015fmas\u0131n\u0131n ard\u0131ndan resmige\u00e7it yap\u0131ld\u0131. Z\u0131rhl\u0131 ara\u00e7lar\u0131n ge\u00e7i\u015fi s\u0131ras\u0131nda izleyenler alk\u0131\u015flarla tempo tuttu. T\u00f6rende, Bakan Eker yurtta\u015flarla bayramla\u015ft\u0131. Kutlamalara B\u00fcy\u00fck\u015fehir Belediyesi ve alt kademe belediyelerinden temsilci kat\u0131lmad\u0131\u011f\u0131 g\u00f6r\u00fcld\u00fc.<\/p>\n<p style=\"text-align: justify;\"><a href=\"http:\/\/www.cumhuriyet.com.tr\/?hn=273278&amp;kw=30+A%F0ustos'ta+bir+ilk+ya%FEand%FD\" target=\"_blank\">Kaynak : Cumhuriyet Haber Portal\u0131<\/a><\/p>\n<\/div>\n","protected":false},"excerpt":{"rendered":"<p style=\"text-align: center;\">\n<p style=\"text-align: justify;\">Cumhurba\u015fkan\u0131 Abdullah G\u00fcl, 30 A\u011fustos Zafer Bayram\u0131 ve T\u00fcrk Silahl\u0131 Kuvvetleri G\u00fcn\u00fc dolay\u0131s\u0131yla Genelkurmay Karargah\u0131&#8217;nda d\u00fczenlenen t\u00f6rende tebrikleri kabul ederek, &#8221;Ba\u015fkomutan&#8221; s\u0131fat\u0131yla kutlamalar\u0131 kabul eden ilk cumhurba\u015fkan\u0131 oldu.<\/p>\n<p style=\"text-align: justify;\"> T\u00f6ren, Genelkurmay Ba\u015fkan\u0131 Orgeneral Necdet \u00d6zel, Kara Kuvvetleri Komutan\u0131 OrgeneralHayri K\u0131vr\u0131ko\u011flu, Hava Kuvvetleri Komutan\u0131 Orgeneral Mehmet Erten, Deniz Kuvvetleri <\/p>\n","protected":false},"author":1,"featured_media":0,"comment_status":"open","ping_status":"open","sticky":false,"template":"","format":"standard","meta":{"footnotes":""},"categories":[105],"tags":[],"class_list":["post-39357","post","type-post","status-publish","format-standard","hentry","category-gundem","odd"],"_links":{"self":[{"href":"http:\/\/www.korhanyilmaz.com\/index.php?rest_route=\/wp\/v2\/posts\/39357","targetHints":{"allow":["GET"]}}],"collection":[{"href":"http:\/\/www.korhanyilmaz.com\/index.php?rest_route=\/wp\/v2\/posts"}],"about":[{"href":"http:\/\/www.korhanyilmaz.com\/index.php?rest_route=\/wp\/v2\/types\/post"}],"author":[{"embeddable":true,"href":"http:\/\/www.korhanyilmaz.com\/index.php?rest_route=\/wp\/v2\/users\/1"}],"replies":[{"embeddable":true,"href":"http:\/\/www.korhanyilmaz.com\/index.php?rest_route=%2Fwp%2Fv2%2Fcomments&post=39357"}],"version-history":[{"count":0,"href":"http:\/\/www.korhanyilmaz.com\/index.php?rest_route=\/wp\/v2\/posts\/39357\/revisions"}],"wp:attachment":[{"href":"http:\/\/www.korhanyilmaz.com\/index.php?rest_route=%2Fwp%2Fv2%2Fmedia&parent=39357"}],"wp:term":[{"taxonomy":"category","embeddable":true,"href":"http:\/\/www.korhanyilmaz.com\/index.php?rest_route=%2Fwp%2Fv2%2Fcategories&post=39357"},{"taxonomy":"post_tag","embeddable":true,"href":"http:\/\/www.korhanyilmaz.com\/index.php?rest_route=%2Fwp%2Fv2%2Ftags&post=39357"}],"curies":[{"name":"wp","href":"https:\/\/api.w.org\/{rel}","templated":true}]}}