{"id":39296,"date":"2011-08-29T14:15:26","date_gmt":"2011-08-29T11:15:26","guid":{"rendered":"http:\/\/www.korhanyilmaz.com\/?p=39296"},"modified":"2011-08-30T01:39:23","modified_gmt":"2011-08-29T22:39:23","slug":"gatada-diploma-toreni","status":"publish","type":"post","link":"http:\/\/www.korhanyilmaz.com\/?p=39296","title":{"rendered":"GATA&#8217;da diploma t\u00f6reni"},"content":{"rendered":"<p style=\"text-align: center;\"><a href=\"http:\/\/www.korhanyilmaz.com\/wp-content\/uploads\/2011\/08\/131461759082772.jpg\"  class=\"lightview\"><img loading=\"lazy\" decoding=\"async\" class=\"aligncenter size-full wp-image-39297\" src=\"http:\/\/www.korhanyilmaz.com\/wp-content\/uploads\/2011\/08\/131461759082772.jpg\" alt=\"\" width=\"396\" height=\"180\" \/><\/a><\/p>\n<p style=\"text-align: justify;\">G\u00fclhane Askeri T\u0131p Akademisi (GATA) T\u0131p Fak\u00fcltesi 31. D\u00f6nem mezunu 54 tabip te\u011fmene, t\u00f6renle diplomalar\u0131 verildi. Erdo\u011fan 2007 y\u0131l\u0131ndan bu yana gitmedi\u011fi t\u00f6renlere bu y\u0131l gitti. Emine Erdo\u011fan, 2007 y\u0131l\u0131nda fel\u00e7 ge\u00e7iren Nejat Uygur&#8217;u ziyaret etmek istemi\u015f, ancak d\u00f6nemin komutan\u0131 taraf\u0131ndan bu ziyarete izin verilmedi\u011fi ortaya \u00e7\u0131km\u0131\u015ft\u0131.<!--more--><\/p>\n<p style=\"text-align: justify;\">ANKARA &#8211; GATA Spor Salonu&#8217;ndaki t\u00f6rene, Cumhurba\u015fkan\u0131 Abdullah G\u00fcl, TBMM Ba\u015fkan\u0131 Cemil \u00c7i\u00e7ek, Ba\u015fbakan Recep Tayyip Erdo\u011fan, Genelkurmay Ba\u015fkan\u0131 Orgeneral Necdet \u00d6zel, Anayasa Mahkemesi Ba\u015fkan\u0131 Ha\u015fim K\u0131l\u0131\u00e7, Milli Savunma Bakan\u0131 \u0130smet Y\u0131lmaz, Kara Kuvvetleri Komutan\u0131 Orgeneral Hayri K\u0131vr\u0131ko\u011flu, Deniz Kuvvetleri Komutan\u0131 Oramiral Emin Murat Birgel, Hava Kuvvetleri Komutan\u0131 Orgeneral Mehmet Erten, Jandarma Genel Komutan\u0131 Orgeneral Bekir Kalyoncu, GATA&#8217;da g\u00f6revli subaylar, \u00f6\u011fretim \u00fcyeleri ve mezunlar\u0131n yak\u0131nlar\u0131 kat\u0131ld\u0131.<\/p>\n<p style=\"text-align: justify;\">\u0130stiklal Mar\u015f\u0131&#8217;n\u0131n okunmas\u0131yla ba\u015flayan t\u00f6rende konu\u015fan GATA Komutan\u0131 Korgeneral Koray Akba\u015f, GATA hakk\u0131nda bilgi verdi. Toplam 3 ana b\u00f6l\u00fcm, 57 ana bilim dal\u0131, 46 bilim dal\u0131, 158 profes\u00f6r, 181 do\u00e7ent, 197 yard\u0131mc\u0131 do\u00e7enti bulunan GATA&#8217;da 593 t\u0131p fak\u00fcltesi \u00f6\u011frencisi, 388 y\u00fcksek hem\u015fire, 238 astsubay meslek y\u00fcksek okulu ve 225 t\u0131pta uzmanl\u0131k, yan dal uzmanl\u0131k \u00f6\u011frencisi, 75 y\u00fcksek lisans ve doktora \u00f6\u011frencisi, 10 dost ve m\u00fcttefik \u00fclkeye ait 157 misafir askeri personel oldu\u011funu belirten Akba\u015f, okulun sevgi ve sayg\u0131ya dayal\u0131, disiplin, \u00fcst\u00fcn g\u00f6rev anlay\u0131\u015f\u0131 ve samimi dayan\u0131\u015fma ortam\u0131 i\u00e7inde sosyal, k\u00fclt\u00fcrel ve sportif faaliyetlerle beslendi\u011fini ifade etti.<\/p>\n<p style=\"text-align: justify;\">Korgeneral Akba\u015f, T\u00fcrk Silahl\u0131 Kuvvetlerinin, T\u00fcrk ulusundan ald\u0131\u011f\u0131 g\u00fc\u00e7le \u00f6n\u00fcne \u00e7\u0131kan her engeli a\u015facak imkan ve kabiliyete sahip, d\u00fcnyan\u0131n say\u0131l\u0131 ordular\u0131ndan biri oldu\u011funu da belirtti. Akba\u015f, ayr\u0131ca \u00f6\u011frencileri yeti\u015ftiren \u00f6\u011fretim \u00fcyeleri ile ailelerine te\u015fekk\u00fcr etti ve ba\u015far\u0131lar diledi.<\/p>\n<p style=\"text-align: justify;\">G\u00fclhane Askeri T\u0131p Fak\u00fcltesi Dekan\u0131 Prof. Hava Tabip Tu\u011fgeneral Sadettin \u00c7etiner ise GATA&#8217;n\u0131n 7 Kas\u0131m 1980&#8217;de kuruldu\u011funu ve \u00f6\u011frencilerin en modern cihazlara sahip olarak \u00e7ok iyi e\u011fitim ald\u0131\u011f\u0131n\u0131 belirtti. \u00c7etiner, okulun, 113 y\u0131ll\u0131k bilgi birikimi ile 2010-2011 y\u0131l\u0131 d\u00f6neminde, bilim indeksinde yer alan dergilerde toplam 960 makalenin yay\u0131nland\u0131\u011f\u0131n\u0131 bildirdi. \u00c7etiner, GATA&#8217;n\u0131n son y\u0131llarda ya\u015fanan ter\u00f6r olaylar\u0131 yaralanan gaziler i\u00e7in g\u00fcven ve moral deste\u011fi de sa\u011flad\u0131\u011f\u0131n\u0131 kaydetti.<\/p>\n<p style=\"text-align: justify;\"><strong>Konu\u015fmalar\u0131n ard\u0131ndan mezunlara &#8221;Hekim And\u0131&#8221; okutuldu.\u00a0<\/strong><\/p>\n<p style=\"text-align: justify;\">D\u00f6nem birincisi Hava Tabip Te\u011fmen Adem Ayhan da mezunlar ad\u0131na yapt\u0131\u011f\u0131 konu\u015fman\u0131n ard\u0131ndan ya\u015f k\u00fct\u00fc\u011f\u00fcne plaket \u00e7akt\u0131. Daha sonra dereceye giren \u00f6\u011frencilere ve di\u011fer mezunlara diplomalar\u0131 verildi.<\/p>\n<p style=\"text-align: justify;\">D\u00f6nem birincisi Ayhan, diplomas\u0131n\u0131 Cumhurba\u015fkan\u0131 Abdullah G\u00fcl&#8217;\u00fcn elinden al\u0131rken, ikinci Yavuz \u00c7ak\u0131r&#8217;a TBMM Ba\u015fkan\u0131 Cemil \u00c7i\u00e7ek ve \u00fc\u00e7\u00fcnc\u00fc Kadir K\u00fc\u00e7\u00fck&#8217;e de Ba\u015fbakan Recep Tayyip Erdo\u011fan diplomalar\u0131n\u0131 verdi.<\/p>\n<p style=\"text-align: justify;\">T\u00f6rende Genelkurmay Ba\u015fkan\u0131 \u00d6zel, Anayasa Mahkemesi Ba\u015fkan\u0131 K\u0131l\u0131\u00e7, Milli Savunma Bakan\u0131 Y\u0131lmaz, Kara Kuvvetleri Komutan\u0131 Orgeneral K\u0131vr\u0131ko\u011flu, Deniz Kuvvetleri Komutan\u0131 Oramiral Birgel ve Hava Kuvvetleri Komutan\u0131 Orgeneral Erten de mezun olanlara diplomalar\u0131n\u0131 verdi.<\/p>\n<p style=\"text-align: justify;\">T\u00f6rende, Azerbaycan&#8217;dan 2, Afganistan ve \u00dcrd\u00fcn&#8217;den birer misafir \u00f6\u011frenci de diplomalar\u0131n\u0131 al\u0131rken \u00dcrd\u00fcnl\u00fc \u00f6\u011frencinin diplomas\u0131n\u0131 ald\u0131\u011f\u0131 s\u0131rada, misafir locas\u0131nda bulunan annesinin z\u0131lg\u0131t \u00e7ekmesi tebess\u00fcmle kar\u015f\u0131land\u0131.<\/p>\n<p style=\"text-align: justify;\">T\u00f6ren, G\u00fclhane Mar\u015f\u0131&#8217;n\u0131n okunmas\u0131yla sona erdi.<\/p>\n<p style=\"text-align: justify;\"><strong>ERDO\u011eAN&#8217;I CANLI YAYINDA A\u011eLATAN GATA OLAYI NEYD\u0130?<\/strong><\/p>\n<p style=\"text-align: justify;\">Ba\u015fbakan Erdo\u011fan&#8217;\u0131n e\u015fi Emine Erdo\u011fan ge\u00e7irdi\u011fi fel\u00e7 nedeniyle hastaneye yatan Nejat Uygur&#8217;u ziyaret etmek istemi\u015f, ancak d\u00f6nemin GATA komutan\u0131 Tuncay \u00c7akan taraf\u0131ndan bu ziyarete izin verilmedi\u011fi ortaya \u00e7\u0131km\u0131\u015ft\u0131. Emine Erdo\u011fan ve Nejat Uygur hastane bah\u00e7esinde g\u00f6r\u00fc\u015ft\u00fc\u011f\u00fc belirtilmi\u015fti. Emine Erdo\u011fan&#8217;\u0131n ba\u015f\u00f6rt\u00fcs\u00fc nedeniyle izin verilmedi\u011fi ileri s\u00fcr\u00fclen bu ziyareti Erdo\u011fan&#8217;\u0131n iki y\u0131l sonra TRT&#8217;de &#8216;Enine Boyuna&#8217; pragram\u0131nda anlatmas\u0131yla yeniden g\u00fcndeme gelmi\u015fti. Erdo\u011fan, 2007\u2019de ge\u00e7irdi\u011fi fel\u00e7 nedeniyle Ankara G\u00fclhane Askeri T\u0131p Akademisi Hastanesi\u2019nde tedavi g\u00f6ren tiyatrocu Nejat Uygur\u2019u ziyaret etmek isteyen e\u015fi Emine Erdo\u011fan\u2019\u0131n engellendi\u011fini anlatt\u0131. Ba\u015fbakan Erdo\u011fan konu\u015fla ilgili \u015f\u00f6yle dedi: \u201cNejat Uygur GATA\u2019da hasta yat\u0131yor. E\u015fim ziyarete gitmek istiyor. Nejat Uygur\u2019un han\u0131m\u0131 (Nejla Uygur) ar\u0131yor ve diyor ki, \u2018Ne olur biz sizinle d\u0131\u015far\u0131da bulu\u015fsak&#8230; Siz buraya gelmeseniz&#8230; Burada yetkililer s\u0131k\u0131nt\u0131 do\u011fabilir, gelmemesi isabeti olur diyor.\u2019 Ben bunu o d\u00f6nem en \u00fcst d\u00fczeyde g\u00fcndeme getirdim. \u2018Nedir bu hal ya, ne yapt\u0131klar\u0131n\u0131n fark\u0131nda m\u0131s\u0131n\u0131z?\u2019 dedim.\u201d \u015feklinde konu\u015ftu. Erdo\u011fan o g\u00fcnden bu yana GATA&#8217;da yap\u0131lan diploma t\u00f6renlerine gitmiyordu.<\/p>\n<p style=\"text-align: justify;\"><strong>BALYOZ&#8217;DAN TUTUKLANDI<\/strong><\/p>\n<p style=\"text-align: justify;\">GATA eski Komutan\u0131 olan ve Emine Erdo\u011fan&#8217;\u0131 GATA&#8217;ya almayan emekli T\u00fcmgeneral Tuncay \u00c7akan ise 7 Mart 2010 tarihinde Balyoz Darbe Plan\u0131 soru\u015fturma s\u00fcrecinde tutukland\u0131.<\/p>\n<p style=\"text-align: justify;\"><a href=\"http:\/\/www.gazeteport.com.tr\/haber\/49724\/gatada_diploma_toreni\" target=\"_blank\">Kaynak : GAZETEPORT<\/a><\/p>\n","protected":false},"excerpt":{"rendered":"<p style=\"text-align: center;\">\n<p style=\"text-align: justify;\">G\u00fclhane Askeri T\u0131p Akademisi (GATA) T\u0131p Fak\u00fcltesi 31. D\u00f6nem mezunu 54 tabip te\u011fmene, t\u00f6renle diplomalar\u0131 verildi. Erdo\u011fan 2007 y\u0131l\u0131ndan bu yana gitmedi\u011fi t\u00f6renlere bu y\u0131l gitti. Emine Erdo\u011fan, 2007 y\u0131l\u0131nda fel\u00e7 ge\u00e7iren Nejat Uygur&#8217;u ziyaret etmek istemi\u015f, ancak d\u00f6nemin komutan\u0131 taraf\u0131ndan bu ziyarete izin verilmedi\u011fi ortaya \u00e7\u0131km\u0131\u015ft\u0131.<\/p>\n","protected":false},"author":1,"featured_media":0,"comment_status":"open","ping_status":"open","sticky":false,"template":"","format":"standard","meta":{"footnotes":""},"categories":[105],"tags":[],"class_list":["post-39296","post","type-post","status-publish","format-standard","hentry","category-gundem","odd"],"_links":{"self":[{"href":"http:\/\/www.korhanyilmaz.com\/index.php?rest_route=\/wp\/v2\/posts\/39296","targetHints":{"allow":["GET"]}}],"collection":[{"href":"http:\/\/www.korhanyilmaz.com\/index.php?rest_route=\/wp\/v2\/posts"}],"about":[{"href":"http:\/\/www.korhanyilmaz.com\/index.php?rest_route=\/wp\/v2\/types\/post"}],"author":[{"embeddable":true,"href":"http:\/\/www.korhanyilmaz.com\/index.php?rest_route=\/wp\/v2\/users\/1"}],"replies":[{"embeddable":true,"href":"http:\/\/www.korhanyilmaz.com\/index.php?rest_route=%2Fwp%2Fv2%2Fcomments&post=39296"}],"version-history":[{"count":0,"href":"http:\/\/www.korhanyilmaz.com\/index.php?rest_route=\/wp\/v2\/posts\/39296\/revisions"}],"wp:attachment":[{"href":"http:\/\/www.korhanyilmaz.com\/index.php?rest_route=%2Fwp%2Fv2%2Fmedia&parent=39296"}],"wp:term":[{"taxonomy":"category","embeddable":true,"href":"http:\/\/www.korhanyilmaz.com\/index.php?rest_route=%2Fwp%2Fv2%2Fcategories&post=39296"},{"taxonomy":"post_tag","embeddable":true,"href":"http:\/\/www.korhanyilmaz.com\/index.php?rest_route=%2Fwp%2Fv2%2Ftags&post=39296"}],"curies":[{"name":"wp","href":"https:\/\/api.w.org\/{rel}","templated":true}]}}