{"id":39286,"date":"2011-08-29T15:42:54","date_gmt":"2011-08-29T12:42:54","guid":{"rendered":"http:\/\/www.korhanyilmaz.com\/?p=39286"},"modified":"2011-08-29T18:21:32","modified_gmt":"2011-08-29T15:21:32","slug":"biz-idare-ederiz-somaliye-gonderin","status":"publish","type":"post","link":"http:\/\/www.korhanyilmaz.com\/?p=39286","title":{"rendered":"&#8220;Biz idare ederiz, Somali&#8217;ye g\u00f6nderin&#8221;"},"content":{"rendered":"<p style=\"text-align: center;\"><a href=\"http:\/\/www.korhanyilmaz.com\/wp-content\/uploads\/2011\/08\/7093.jpg\"  class=\"lightview\"><img loading=\"lazy\" decoding=\"async\" class=\"aligncenter size-full wp-image-39287\" src=\"http:\/\/www.korhanyilmaz.com\/wp-content\/uploads\/2011\/08\/7093.jpg\" alt=\"\" width=\"396\" height=\"180\" \/><\/a><\/p>\n<p style=\"text-align: justify;\">Yard\u0131ma muhta\u00e7 baz\u0131 dar gelirli aileler, kendilerine yap\u0131lan kuru g\u0131da yard\u0131mlar\u0131n\u0131 kabul etmeyip, kurakl\u0131k ve a\u00e7l\u0131k ya\u015fanan Somali\u2019ye g\u00f6nderilmesini istedi. Yoksullar\u0131n bu \u00f6rnek davran\u0131\u015f\u0131 dernek y\u00f6neticilerini duyguland\u0131rd\u0131.<!--more--><\/p>\n<p style=\"text-align: justify;\">ERZURUM &#8211; Erzurum&#8217;da her \u00f6\u011fle ve ak\u015fam olmak \u00fczere 1000 ki\u015fiye 3 \u00e7e\u015fit s\u0131cak yemek veren Vuslat Derne\u011fi, ramazan nedeniyle 1000 aileye de kuru g\u0131da da\u011f\u0131tt\u0131. \u0130\u00e7erisinde, zeytinya\u011f\u0131ndan helvaya, peynirden pirince kadar 21 \u00e7e\u015fit g\u0131da maddesi olan yard\u0131m kolilerini kamyonetlere y\u00fckleyerek dar gelirlilerin evlerine g\u00f6t\u00fcren dernek \u00fcyeleri baz\u0131 evlerde \u015fa\u015f\u0131rd\u0131. Zor durumda olmalar\u0131na ra\u011fmen baz\u0131 aileler, yard\u0131m paketlerini evlerine getiren dernek \u00fcyelerine, &#8220;Biz idare ederiz. Sizden dile\u011fimiz, bize verece\u011finiz bu g\u0131da yard\u0131m\u0131n\u0131 Afrika&#8217;da a\u00e7l\u0131k \u00e7ekenlere g\u00f6derin. Onlar\u0131n durumu bizden \u00e7ok k\u00f6t\u00fc. Biz kom\u015fular\u0131m\u0131z\u0131n verece\u011fi yemeklerle de karn\u0131m\u0131z\u0131 doyururuz&#8221; dedi.<\/p>\n<p style=\"text-align: justify;\"><strong>&#8220;AFR\u0130KALI&#8217;NIN DAHA \u00c7OK \u0130HT\u0130YACI VAR&#8221;<\/strong><\/p>\n<p style=\"text-align: justify;\">Y\u0131llar \u00f6nce e\u015fi \u00f6len ve biri erkek toplam 4 \u00e7ocukla ya\u015fam m\u00fccadelesi veren 58 ya\u015f\u0131ndaki S\u00fcmer Durak, Afrika&#8217;da ya\u015fayanlar\u0131 g\u00f6rd\u00fck\u00e7e haline \u015f\u00fckretti\u011fini bildirdi. Televizyonda izledi\u011fi Afrikal\u0131lar i\u00e7in \u00e7ok a\u011flad\u0131\u011f\u0131n\u0131 anlatan Durak, \u015f\u00f6yle konu\u015ftu:<\/p>\n<p style=\"text-align: justify;\">&#8220;G\u00f6nl\u00fcmden onlara \u00e7ok yard\u0131m yapmak geliyor ama bende de yok. Ramazan nedeniyle bize verilen bu g\u0131da yard\u0131m\u0131n\u0131 Afrika&#8217;ya g\u00f6ndermelerini istedim. Dernek \u00fcyeleri g\u00f6ndereceklerine dair s\u00f6z verdi. Biz kom\u015fusu a\u00e7 iken tok yatan bir toplum de\u011filiz. A\u00e7 kald\u0131\u011f\u0131m\u0131zda kom\u015fular\u0131m\u0131z kap\u0131m\u0131z\u0131 \u00e7alar. O nedenle Afrkika&#8217;daki insanlar\u0131n buna bizden daha \u00e7ok ihtiyac\u0131 var.&#8221;<\/p>\n<p style=\"text-align: justify;\">Yard\u0131ma muhta\u00e7lar\u0131n s\u00f6yledikleri kar\u015f\u0131s\u0131nda duygulanan dernek y\u00f6neticileri, getirdikleri yard\u0131m paketlerini tekrar kamyonete y\u00fcklediler. Vuslat Derne\u011fi A\u015fevi sorumlusu Celil \u00c7al\u0131\u015fkan, &#8220;Her g\u00fcn bin ki\u015fiye s\u0131cak yemek da\u011f\u0131t\u0131yoruz. Ramazan nedeniyle hay\u0131r sahiplerinin bize verdi\u011fi kuru g\u0131dalar\u0131 da yard\u0131m paketi yaparak yemek da\u011f\u0131tt\u0131\u011f\u0131m\u0131z ve yard\u0131ma muhta\u00e7 oldu\u011funu tesbit etti\u011fimiz ailelere vermek istedik. Ancak kap\u0131s\u0131na gitti\u011fimiz ve kuru ekme\u011fe muhta\u00e7 olarak bildi\u011fimiz bir\u00e7ok aile yard\u0131m paketlerini almay\u0131p Somali&#8217;ye g\u00f6ndermemizi \u00f6nerdi. Bu s\u00f6zler bizi \u00e7ok etkiledi. Biz de bu yad\u0131mlar\u0131 onlar\u0131n ad\u0131na Afrika&#8217;ya g\u00f6nderece\u011fiz&#8221; diye konu\u015ftu.<\/p>\n<p style=\"text-align: justify;\"><a href=\"http:\/\/www.gazeteport.com.tr\/haber\/49744\/quotbiz_idare_ederiz_somaliye_gonderinquot\" target=\"_blank\">Kaynak : GAZETEPORT<\/a><\/p>\n","protected":false},"excerpt":{"rendered":"<p style=\"text-align: center;\">\n<p style=\"text-align: justify;\">Yard\u0131ma muhta\u00e7 baz\u0131 dar gelirli aileler, kendilerine yap\u0131lan kuru g\u0131da yard\u0131mlar\u0131n\u0131 kabul etmeyip, kurakl\u0131k ve a\u00e7l\u0131k ya\u015fanan Somali\u2019ye g\u00f6nderilmesini istedi. Yoksullar\u0131n bu \u00f6rnek davran\u0131\u015f\u0131 dernek y\u00f6neticilerini duyguland\u0131rd\u0131.<\/p>\n","protected":false},"author":1,"featured_media":0,"comment_status":"open","ping_status":"open","sticky":false,"template":"","format":"standard","meta":{"footnotes":""},"categories":[105],"tags":[],"class_list":["post-39286","post","type-post","status-publish","format-standard","hentry","category-gundem","odd"],"_links":{"self":[{"href":"http:\/\/www.korhanyilmaz.com\/index.php?rest_route=\/wp\/v2\/posts\/39286","targetHints":{"allow":["GET"]}}],"collection":[{"href":"http:\/\/www.korhanyilmaz.com\/index.php?rest_route=\/wp\/v2\/posts"}],"about":[{"href":"http:\/\/www.korhanyilmaz.com\/index.php?rest_route=\/wp\/v2\/types\/post"}],"author":[{"embeddable":true,"href":"http:\/\/www.korhanyilmaz.com\/index.php?rest_route=\/wp\/v2\/users\/1"}],"replies":[{"embeddable":true,"href":"http:\/\/www.korhanyilmaz.com\/index.php?rest_route=%2Fwp%2Fv2%2Fcomments&post=39286"}],"version-history":[{"count":0,"href":"http:\/\/www.korhanyilmaz.com\/index.php?rest_route=\/wp\/v2\/posts\/39286\/revisions"}],"wp:attachment":[{"href":"http:\/\/www.korhanyilmaz.com\/index.php?rest_route=%2Fwp%2Fv2%2Fmedia&parent=39286"}],"wp:term":[{"taxonomy":"category","embeddable":true,"href":"http:\/\/www.korhanyilmaz.com\/index.php?rest_route=%2Fwp%2Fv2%2Fcategories&post=39286"},{"taxonomy":"post_tag","embeddable":true,"href":"http:\/\/www.korhanyilmaz.com\/index.php?rest_route=%2Fwp%2Fv2%2Ftags&post=39286"}],"curies":[{"name":"wp","href":"https:\/\/api.w.org\/{rel}","templated":true}]}}