{"id":39236,"date":"2011-08-28T12:42:04","date_gmt":"2011-08-28T09:42:04","guid":{"rendered":"http:\/\/www.korhanyilmaz.com\/?p=39236"},"modified":"2011-08-28T15:53:25","modified_gmt":"2011-08-28T12:53:25","slug":"hakkari-semdinlide-3-asker-sehit","status":"publish","type":"post","link":"http:\/\/www.korhanyilmaz.com\/?p=39236","title":{"rendered":"Hakkari \u015eemdinli&#8217;de 3 asker \u015fehit"},"content":{"rendered":"<p style=\"text-align: center;\"><a href=\"http:\/\/www.korhanyilmaz.com\/wp-content\/uploads\/2011\/08\/7079.jpg\"  class=\"lightview\"><img loading=\"lazy\" decoding=\"async\" class=\"aligncenter size-full wp-image-39237\" src=\"http:\/\/www.korhanyilmaz.com\/wp-content\/uploads\/2011\/08\/7079.jpg\" alt=\"\" width=\"320\" height=\"214\" \/><\/a><\/p>\n<p style=\"text-align: justify;\">Hakkari&#8217;nin \u015eemdinli \u0130l\u00e7esi \u00d6ven\u00e7 b\u00f6lgesinde askeri konvoyun ge\u00e7i\u015fi s\u0131ras\u0131nda may\u0131n patlad\u0131: 3 asker \u015fehit, 3 asker yaral\u0131<\/p>\n<p style=\"text-align: justify;\">Hakkari&#8217;nin \u015eemdinli \u0130l\u00e7esi&#8217;nde PKK&#8217;l\u0131 ter\u00f6ristlerin askerlerin ge\u00e7i\u015f yoluna d\u00f6\u015fedi\u011fi may\u0131n patlad\u0131, 3 asker \u015fehit oldu, 3 asker de yaraland\u0131. Da\u011fl\u0131ca kesiminde de may\u0131n d\u00f6\u015femeye \u00e7al\u0131\u015fan 2 PKK&#8217;l\u0131 g\u00fcvenlik g\u00fc\u00e7leriyle girdikleri \u00e7at\u0131\u015fmada \u00f6l\u00fc ele ge\u00e7irildi.\u00a0<!--more--><\/p>\n<p style=\"text-align: justify;\">\u015eemdinli&#8217;deki may\u0131nl\u0131 sald\u0131r\u0131 sabah saatlerinde \u00d6ve\u00e7 K\u00f6y\u00fc yak\u0131n\u0131nda meydana geldi. PKK&#8217;l\u0131 ter\u00f6ristler, yola d\u00f6\u015fedikleri may\u0131n\u0131 askeri ara\u00e7 ge\u00e7erken infilak ettirdi. Patlamada 3 asker \u015fehit d\u00fc\u015ft\u00fc, 3 asker de yaraland\u0131. Yaralanan askerler Hakkari Asker Hastanesi&#8217;ne kald\u0131r\u0131larak tedaviye al\u0131nd\u0131.<\/p>\n<p style=\"text-align: justify;\">B\u00f6lgeye sevk edilen g\u00fcvenlik g\u00fc\u00e7leri, may\u0131nl\u0131 sald\u0131r\u0131y\u0131 ger\u00e7ekle\u015ftiren ter\u00f6ristlerin etkisiz hale getirilmesi i\u00e7in geni\u015f \u00e7apl\u0131 operasyon ba\u015flat\u0131ld\u0131.<\/p>\n<p style=\"text-align: justify;\"><strong>Da\u011fl\u0131ca&#8217;da 2 pkk&#8217;l\u0131 ter\u00f6rist \u00f6l\u00fc\u00a0<\/strong><\/p>\n<p style=\"text-align: justify;\">Hakkari&#8217;nin Y\u00fcksekova \u0130l\u00e7esine ba\u011fl\u0131 Da\u011fl\u0131ca b\u00f6lgesi Karata\u015f mevkiinde karayolunda bir menfezin alt\u0131na may\u0131n d\u00f6\u015femeye \u00e7al\u0131\u015fan 2 PKK&#8217;l\u0131y\u0131 g\u00f6ren jandarma ekipleri m\u00fcdahale etti.<\/p>\n<p style=\"text-align: justify;\">PKK&#8217;l\u0131larla g\u00fcvenlik g\u00fc\u00e7leri aras\u0131nda kar\u015f\u0131l\u0131kl\u0131 \u00e7\u0131kan \u00e7at\u0131\u015fmada, 2 ter\u00f6rist \u00f6l\u00fc ele ge\u00e7irildi. Menfeze d\u00f6\u015fenmek istenen may\u0131n ise imha edildi.<\/p>\n<p style=\"text-align: justify;\"><a href=\"http:\/\/www.cnnturk.com\/2011\/turkiye\/08\/28\/hakkari.semdinlide.3.asker.sehit\/627553.0\/index.html\" target=\"_blank\">Kaynak : CNN T\u00dcRK<\/a><\/p>\n","protected":false},"excerpt":{"rendered":"<p style=\"text-align: center;\">\n<p style=\"text-align: justify;\">Hakkari&#8217;nin \u015eemdinli \u0130l\u00e7esi \u00d6ven\u00e7 b\u00f6lgesinde askeri konvoyun ge\u00e7i\u015fi s\u0131ras\u0131nda may\u0131n patlad\u0131: 3 asker \u015fehit, 3 asker yaral\u0131<\/p>\n<p style=\"text-align: justify;\">Hakkari&#8217;nin \u015eemdinli \u0130l\u00e7esi&#8217;nde PKK&#8217;l\u0131 ter\u00f6ristlerin askerlerin ge\u00e7i\u015f yoluna d\u00f6\u015fedi\u011fi may\u0131n patlad\u0131, 3 asker \u015fehit oldu, 3 asker de yaraland\u0131. Da\u011fl\u0131ca kesiminde de may\u0131n d\u00f6\u015femeye \u00e7al\u0131\u015fan 2 PKK&#8217;l\u0131 g\u00fcvenlik g\u00fc\u00e7leriyle girdikleri \u00e7at\u0131\u015fmada <\/p>\n","protected":false},"author":1,"featured_media":0,"comment_status":"open","ping_status":"open","sticky":false,"template":"","format":"standard","meta":{"footnotes":""},"categories":[105],"tags":[],"class_list":["post-39236","post","type-post","status-publish","format-standard","hentry","category-gundem","odd"],"_links":{"self":[{"href":"http:\/\/www.korhanyilmaz.com\/index.php?rest_route=\/wp\/v2\/posts\/39236","targetHints":{"allow":["GET"]}}],"collection":[{"href":"http:\/\/www.korhanyilmaz.com\/index.php?rest_route=\/wp\/v2\/posts"}],"about":[{"href":"http:\/\/www.korhanyilmaz.com\/index.php?rest_route=\/wp\/v2\/types\/post"}],"author":[{"embeddable":true,"href":"http:\/\/www.korhanyilmaz.com\/index.php?rest_route=\/wp\/v2\/users\/1"}],"replies":[{"embeddable":true,"href":"http:\/\/www.korhanyilmaz.com\/index.php?rest_route=%2Fwp%2Fv2%2Fcomments&post=39236"}],"version-history":[{"count":0,"href":"http:\/\/www.korhanyilmaz.com\/index.php?rest_route=\/wp\/v2\/posts\/39236\/revisions"}],"wp:attachment":[{"href":"http:\/\/www.korhanyilmaz.com\/index.php?rest_route=%2Fwp%2Fv2%2Fmedia&parent=39236"}],"wp:term":[{"taxonomy":"category","embeddable":true,"href":"http:\/\/www.korhanyilmaz.com\/index.php?rest_route=%2Fwp%2Fv2%2Fcategories&post=39236"},{"taxonomy":"post_tag","embeddable":true,"href":"http:\/\/www.korhanyilmaz.com\/index.php?rest_route=%2Fwp%2Fv2%2Ftags&post=39236"}],"curies":[{"name":"wp","href":"https:\/\/api.w.org\/{rel}","templated":true}]}}