{"id":39229,"date":"2011-08-28T11:19:26","date_gmt":"2011-08-28T08:19:26","guid":{"rendered":"http:\/\/www.korhanyilmaz.com\/?p=39229"},"modified":"2011-08-28T12:21:34","modified_gmt":"2011-08-28T09:21:34","slug":"tubitak-baskani-gorevden-alindi","status":"publish","type":"post","link":"http:\/\/www.korhanyilmaz.com\/?p=39229","title":{"rendered":"T\u00dcB\u0130TAK Ba\u015fkan\u0131 g\u00f6revden al\u0131nd\u0131"},"content":{"rendered":"<p style=\"text-align: center;\"><a href=\"http:\/\/www.korhanyilmaz.com\/wp-content\/uploads\/2011\/08\/7077.jpg\"  class=\"lightview\"><img loading=\"lazy\" decoding=\"async\" class=\"aligncenter size-full wp-image-39230\" src=\"http:\/\/www.korhanyilmaz.com\/wp-content\/uploads\/2011\/08\/7077.jpg\" alt=\"\" width=\"315\" height=\"203\" \/><\/a><\/p>\n<p style=\"text-align: justify;\">Kamuda yeniden yap\u0131lanmay\u0131 d\u00fczenleyen \u2018Kanun H\u00fckm\u00fcnde Kararname\u2019lerle b\u00fcrokraside yeni bir atama operasyonu ger\u00e7ekle\u015ftirildi. H\u00fck\u00fcmete kamuda yeniden yap\u0131lanma yetkisi veren yasaya dayan\u0131larak d\u00fcn T\u00dcB\u0130TAK Ba\u015fkan\u0131 Prof. Dr. N\u00fckhet Yeti\u015f g\u00f6revden al\u0131nd\u0131.\u00a0<!--more--><\/p>\n<p style=\"text-align: justify;\">D\u00fczenleme, G\u0131da, Tar\u0131m ve Hayvanc\u0131l\u0131k Bakanl\u0131\u011f\u0131&#8217;yla ilgili kararnameye yerle\u015ftirilen &#8216;torba&#8217; h\u00fck\u00fcmlerle ger\u00e7ekle\u015ftirildi. Yeniden yap\u0131lanmada Bilim, Sanayi ve Ticaret Bakanl\u0131\u011f\u0131 ile ili\u015fkilendirilen T\u00dcB\u0130TAK Ba\u015fkanl\u0131\u011f\u0131&#8217;na atanacak yeni ismin gelecek g\u00fcnlerde Ba\u015fbakan Tayyip Erdo\u011fan taraf\u0131ndan belirlenmesi bekleniyor.<\/p>\n<p style=\"text-align: justify;\">8 y\u0131ldan beri T\u00dcB\u0130TAK&#8217;\u0131 y\u00f6neten Yeti\u015f, bundan sonra akademik \u00e7al\u0131\u015fmalar\u0131na a\u011f\u0131rl\u0131k verece\u011fini ve ailesine daha \u00e7ok zaman ay\u0131raca\u011f\u0131n\u0131 s\u00f6yledi. T\u00fcrkiye&#8217;de son y\u0131llarda bilim ve teknoloji alan\u0131nda \u00f6nemli at\u0131l\u0131mlar\u0131n ger\u00e7ekle\u015ftirildi\u011fini belirten Yeti\u015f, T\u00fcrkiye Ara\u015ft\u0131rma Alan\u0131&#8217;na aktar\u0131lan mali destekler ve sunulan hizmetlerin onlarca kat artt\u0131\u011f\u0131n\u0131 s\u00f6yledi.?<\/p>\n<p style=\"text-align: justify;\"><a href=\"http:\/\/www.cnnturk.com\/2011\/turkiye\/08\/28\/tubitak.baskani.gorevden.alindi\/627550.0\/index.html\" target=\"_blank\">Kaynak : CNN T\u00dcRK<\/a><\/p>\n","protected":false},"excerpt":{"rendered":"<p style=\"text-align: center;\">\n<p style=\"text-align: justify;\">Kamuda yeniden yap\u0131lanmay\u0131 d\u00fczenleyen \u2018Kanun H\u00fckm\u00fcnde Kararname\u2019lerle b\u00fcrokraside yeni bir atama operasyonu ger\u00e7ekle\u015ftirildi. H\u00fck\u00fcmete kamuda yeniden yap\u0131lanma yetkisi veren yasaya dayan\u0131larak d\u00fcn T\u00dcB\u0130TAK Ba\u015fkan\u0131 Prof. Dr. N\u00fckhet Yeti\u015f g\u00f6revden al\u0131nd\u0131. <\/p>\n","protected":false},"author":1,"featured_media":0,"comment_status":"open","ping_status":"open","sticky":false,"template":"","format":"standard","meta":{"footnotes":""},"categories":[105],"tags":[],"class_list":["post-39229","post","type-post","status-publish","format-standard","hentry","category-gundem","odd"],"_links":{"self":[{"href":"http:\/\/www.korhanyilmaz.com\/index.php?rest_route=\/wp\/v2\/posts\/39229","targetHints":{"allow":["GET"]}}],"collection":[{"href":"http:\/\/www.korhanyilmaz.com\/index.php?rest_route=\/wp\/v2\/posts"}],"about":[{"href":"http:\/\/www.korhanyilmaz.com\/index.php?rest_route=\/wp\/v2\/types\/post"}],"author":[{"embeddable":true,"href":"http:\/\/www.korhanyilmaz.com\/index.php?rest_route=\/wp\/v2\/users\/1"}],"replies":[{"embeddable":true,"href":"http:\/\/www.korhanyilmaz.com\/index.php?rest_route=%2Fwp%2Fv2%2Fcomments&post=39229"}],"version-history":[{"count":0,"href":"http:\/\/www.korhanyilmaz.com\/index.php?rest_route=\/wp\/v2\/posts\/39229\/revisions"}],"wp:attachment":[{"href":"http:\/\/www.korhanyilmaz.com\/index.php?rest_route=%2Fwp%2Fv2%2Fmedia&parent=39229"}],"wp:term":[{"taxonomy":"category","embeddable":true,"href":"http:\/\/www.korhanyilmaz.com\/index.php?rest_route=%2Fwp%2Fv2%2Fcategories&post=39229"},{"taxonomy":"post_tag","embeddable":true,"href":"http:\/\/www.korhanyilmaz.com\/index.php?rest_route=%2Fwp%2Fv2%2Ftags&post=39229"}],"curies":[{"name":"wp","href":"https:\/\/api.w.org\/{rel}","templated":true}]}}