{"id":39225,"date":"2011-08-23T11:54:55","date_gmt":"2011-08-23T08:54:55","guid":{"rendered":"http:\/\/www.korhanyilmaz.com\/?p=39225"},"modified":"2011-08-28T11:41:31","modified_gmt":"2011-08-28T08:41:31","slug":"chpli-kart-somali-icin-toplanan-yardimlarin-tutarini-sordu","status":"publish","type":"post","link":"http:\/\/www.korhanyilmaz.com\/?p=39225","title":{"rendered":"CHP&#8217;li Kart Somali i\u00e7in toplanan yard\u0131mlar\u0131n tutar\u0131n\u0131 sordu"},"content":{"rendered":"<p style=\"text-align: justify;\"><a href=\"http:\/\/www.korhanyilmaz.com\/wp-content\/uploads\/2011\/08\/7076.jpg\"  class=\"lightview\"><img loading=\"lazy\" decoding=\"async\" class=\"aligncenter size-full wp-image-39226\" title=\"\" src=\"http:\/\/www.korhanyilmaz.com\/wp-content\/uploads\/2011\/08\/7076.jpg\" alt=\"\" width=\"300\" height=\"230\" \/><\/a><\/p>\n<p style=\"text-align: justify;\">CHP Konya Milletvekili Atilla Kart, \u0130\u00e7i\u015fleri Bakan\u0131 \u0130dris Naim \u015eahin\u2019e, &#8220;K\u0131z\u0131lay ve Diyanet \u0130\u015fleri Ba\u015fkanl\u0131\u011f\u0131 da dahil olmak \u00fczere yard\u0131m toplayan resmi ve sivil toplum ve derneklerin Somali i\u00e7in toplam\u0131\u015f olduklar\u0131 yard\u0131m\u0131n nakdi ve ayni tutar\u0131 nedir? Bu yard\u0131m\u0131n ne kadar\u0131 harcanm\u0131\u015ft\u0131r&#8221; diye sordu.<\/p>\n<p style=\"text-align: justify;\">CHP Konya Milletvekili Atilla Kart, \u0130\u00e7i\u015fleri Bakan\u0131 \u0130dris Naim \u015eahin\u2019in yan\u0131tlamas\u0131 istemiyle verdi\u011fi soru \u00f6nergesiyle Somali\u2019ye yap\u0131lan yard\u0131mlar\u0131 Meclis g\u00fcndemine ta\u015f\u0131d\u0131.\u00a0<!--more--><\/p>\n<p style=\"text-align: justify;\"><strong>&#8220;BU ORTAMDAN HAKSIZ KAZAN\u00c7 SA\u011eLAYAN GRUPLAR VAR MI?\u00a0<\/strong><\/p>\n<p style=\"text-align: justify;\">AKP iktidarlar\u0131 d\u00f6neminde, sivil toplum \u00f6rg\u00fct\u00fc veya baz\u0131 dernekler yoluyla toplanan yard\u0131m paralar\u0131n\u0131n ak\u0131beti konusunda ciddi kayg\u0131lar do\u011fdu\u011funu savunan Kart, \u015f\u00f6yle dedi:<\/p>\n<p style=\"text-align: justify;\">&#8220;H\u00fck\u00fcmete siyaseten yak\u0131n olan gruplar birbirleriyle yar\u0131\u015f\u0131rcas\u0131na faaliyet i\u00e7indedir. Gelir da\u011f\u0131l\u0131m\u0131 adaletsizli\u011finin ve yoksullu\u011fun bu kadar b\u00fcy\u00fck boyutlara ula\u015ft\u0131\u011f\u0131 ve devletin art\u0131k yetersiz kald\u0131\u011f\u0131 durumlarda bu t\u00fcr yard\u0131mlar\u0131n yap\u0131lmas\u0131n\u0131 elbette te\u015fvik etmek gerekir.Ancak, sorun \u015fudur; yard\u0131m faaliyetini yapan ve organize edenler ne \u00f6l\u00e7\u00fcde ehildir? \u0130yi niyetli midirler? Yoksa bu ortamdan yararlanarak haks\u0131z kazan\u00e7 sa\u011flayan gruplar var m\u0131d\u0131r?&#8221;<\/p>\n<p style=\"text-align: justify;\"><strong>&#8220;SOMAL\u0130 \u0130\u00c7\u0130N TOPLANAN VE HARCANAN YARDIM TUTARI KONUSUNDA HALK B\u0130LG\u0130LEND\u0130R\u0130LMEL\u0130&#8221;\u00a0<\/strong><\/p>\n<p style=\"text-align: justify;\">Demokrasiyle y\u00f6netilen t\u00fcm \u00fclkelerde bu faaliyetlerin \u015feffaf olmas\u0131, kamuoyunun bilgisine a\u00e7\u0131k olmas\u0131 ve devam\u0131nda da y\u00fcr\u00fctme organ\u0131 taraf\u0131ndan idari anlamda denetime tabi tutulmalar\u0131n\u0131n zorunlu oldu\u011funa i\u015faret eden Kart, \u015f\u00f6yle dedi:<\/p>\n<p style=\"text-align: justify;\">&#8220;G\u00fcn\u00fcm\u00fczde bu bilgilendirme ve denetimin bihakk\u0131n yap\u0131lmad\u0131\u011f\u0131, baz\u0131 faaliyetlerin siyaseten himaye edildi\u011fi ve denetlenmedi\u011fi g\u00f6r\u00fclmektedir. Bu kaotik ortam iyi niyetle yard\u0131m yapmak isteyen hay\u0131rsever yurtta\u015flar\u0131m\u0131zda da teredd\u00fctler yaratmaktad\u0131r. Bu kapsamda, gerek resmi kurumlar ve gerek dernekler arac\u0131l\u0131\u011f\u0131yla Somali i\u00e7in toplanan ve harcanan yard\u0131mlar\u0131n tutar\u0131 konusunda halk\u0131m\u0131z\u0131n ivedi olarak bilgilendirilmesi gerekmektedir.&#8221;<\/p>\n<p style=\"text-align: justify;\"><strong>DEN\u0130Z FENER\u0130 ELE\u015eT\u0130R\u0130S\u0130\u00a0<\/strong><\/p>\n<p style=\"text-align: justify;\">Somali\u2019ye yap\u0131lan yard\u0131mlar konusunda Deniz Feneri\u2019nden de s\u00f6z edildi\u011fini belirten Kart, &#8220;Hakk\u0131nda \u00e7ok a\u011f\u0131r su\u00e7lamalar bulunan, y\u00f6neticileri tutuklu olan Deniz Feneri Derne\u011fi ad\u0131n\u0131n Ba\u015fbakan taraf\u0131ndan, Somali yard\u0131mlar\u0131 esnas\u0131nda, di\u011fer dernekler yan\u0131nda zikredilmesi; yarg\u0131ya m\u00fcdahalede bulunman\u0131n yan\u0131nda, bu derne\u011fe me\u015fruiyet kazand\u0131rma ve b\u00f6yle bir anda bile n\u00fcfuzunu k\u00f6t\u00fcye kullanmaktan ba\u015fka bir anlama gelmeyece\u011fini \u00f6nemle ve ibretle vurguluyoruz. H\u00fck\u00fcmet gelinen s\u00fcre\u00e7te art\u0131k Deniz Feneri Derne\u011fi ya da benzerlerine me\u015fruiyet kazand\u0131rma kompleksinden ve aray\u0131\u015f\u0131ndan kurtulmal\u0131d\u0131r&#8221; dedi.<\/p>\n<p style=\"text-align: justify;\"><strong>SOMAL\u0130\u2019YE TOPLANAN YARDIMLARI SORDU\u00a0<\/strong><\/p>\n<p style=\"text-align: justify;\">Somali\u2019ye yap\u0131lan yard\u0131mlar\u0131 Meclis\u2019e ta\u015f\u0131yan Kart, \u015fu sorulara yan\u0131t arad\u0131:<\/p>\n<p style=\"text-align: justify;\">&#8220;K\u0131z\u0131lay ve Diyanet \u0130\u015fleri Ba\u015fkanl\u0131\u011f\u0131 da dahil olmak \u00fczere yard\u0131m toplayan resmi ve sivil toplum ve derneklerin Somali i\u00e7in toplam\u0131\u015f olduklar\u0131 yard\u0131m\u0131n nakdi ve ayni tutar\u0131 nedir?<\/p>\n<p style=\"text-align: justify;\">Bu yard\u0131m\u0131n ne kadar\u0131 harcanm\u0131\u015ft\u0131r? Amaca uygun harcanm\u0131\u015f m\u0131d\u0131r?<\/p>\n<p style=\"text-align: justify;\">Bu dernekler yard\u0131m toplama mevzuat\u0131na uygun \u00e7al\u0131\u015fmakta m\u0131d\u0131r?<\/p>\n<p style=\"text-align: justify;\">Hakk\u0131nda \u00e7ok a\u011f\u0131r su\u00e7lamalar bulunan, soru\u015fturmas\u0131 devam eden, y\u00f6neticileri tutuklanan Deniz Feneri Derne\u011finin ad\u0131n\u0131, di\u011fer derneklerin yan\u0131nda zikretmek ve me\u015fruiyet kazand\u0131rmak, di\u011fer derneklere haks\u0131zl\u0131k yap\u0131lmas\u0131 anlam\u0131na gelmez mi?&#8221;<\/p>\n<p style=\"text-align: justify;\"><a href=\"http:\/\/siyaset.milliyet.com.tr\/chp-li-kart-somali-icin-toplanan-yardimlarin-tutarini-sordu\/siyaset\/siyasetdetay\/23.08.2011\/1430296\/default.htm?ver=63\" target=\"_blank\">Kaynak : Milliyet.com.tr<\/a><\/p>\n","protected":false},"excerpt":{"rendered":"<p style=\"text-align: justify;\">\n<p style=\"text-align: justify;\">CHP Konya Milletvekili Atilla Kart, \u0130\u00e7i\u015fleri Bakan\u0131 \u0130dris Naim \u015eahin\u2019e, &#8220;K\u0131z\u0131lay ve Diyanet \u0130\u015fleri Ba\u015fkanl\u0131\u011f\u0131 da dahil olmak \u00fczere yard\u0131m toplayan resmi ve sivil toplum ve derneklerin Somali i\u00e7in toplam\u0131\u015f olduklar\u0131 yard\u0131m\u0131n nakdi ve ayni tutar\u0131 nedir? Bu yard\u0131m\u0131n ne kadar\u0131 harcanm\u0131\u015ft\u0131r&#8221; diye sordu.<\/p>\n<p style=\"text-align: justify;\">CHP Konya Milletvekili Atilla <\/p>\n","protected":false},"author":1,"featured_media":0,"comment_status":"open","ping_status":"open","sticky":false,"template":"","format":"standard","meta":{"footnotes":""},"categories":[105],"tags":[],"class_list":["post-39225","post","type-post","status-publish","format-standard","hentry","category-gundem","odd"],"_links":{"self":[{"href":"http:\/\/www.korhanyilmaz.com\/index.php?rest_route=\/wp\/v2\/posts\/39225","targetHints":{"allow":["GET"]}}],"collection":[{"href":"http:\/\/www.korhanyilmaz.com\/index.php?rest_route=\/wp\/v2\/posts"}],"about":[{"href":"http:\/\/www.korhanyilmaz.com\/index.php?rest_route=\/wp\/v2\/types\/post"}],"author":[{"embeddable":true,"href":"http:\/\/www.korhanyilmaz.com\/index.php?rest_route=\/wp\/v2\/users\/1"}],"replies":[{"embeddable":true,"href":"http:\/\/www.korhanyilmaz.com\/index.php?rest_route=%2Fwp%2Fv2%2Fcomments&post=39225"}],"version-history":[{"count":0,"href":"http:\/\/www.korhanyilmaz.com\/index.php?rest_route=\/wp\/v2\/posts\/39225\/revisions"}],"wp:attachment":[{"href":"http:\/\/www.korhanyilmaz.com\/index.php?rest_route=%2Fwp%2Fv2%2Fmedia&parent=39225"}],"wp:term":[{"taxonomy":"category","embeddable":true,"href":"http:\/\/www.korhanyilmaz.com\/index.php?rest_route=%2Fwp%2Fv2%2Fcategories&post=39225"},{"taxonomy":"post_tag","embeddable":true,"href":"http:\/\/www.korhanyilmaz.com\/index.php?rest_route=%2Fwp%2Fv2%2Ftags&post=39225"}],"curies":[{"name":"wp","href":"https:\/\/api.w.org\/{rel}","templated":true}]}}