{"id":39195,"date":"2011-08-27T14:05:09","date_gmt":"2011-08-27T11:05:09","guid":{"rendered":"http:\/\/www.korhanyilmaz.com\/?p=39195"},"modified":"2011-08-28T04:23:01","modified_gmt":"2011-08-28T01:23:01","slug":"sengul-ankaradaki-imar-rantini-belgeledi","status":"publish","type":"post","link":"http:\/\/www.korhanyilmaz.com\/?p=39195","title":{"rendered":"\u015eeng\u00fcl Ankara&#8217;daki imar rant\u0131n\u0131 belgeledi"},"content":{"rendered":"<p style=\"text-align: justify;\"><a href=\"http:\/\/www.korhanyilmaz.com\/wp-content\/uploads\/2011\/08\/7073.jpg\"  class=\"lightview\"><img loading=\"lazy\" decoding=\"async\" class=\"aligncenter size-full wp-image-39196\" title=\"\" src=\"http:\/\/www.korhanyilmaz.com\/wp-content\/uploads\/2011\/08\/7073.jpg\" alt=\"\" width=\"292\" height=\"197\" \/><\/a><\/p>\n<p style=\"text-align: justify;\">CHP&#8217;nin eski Ankara \u0130l Ba\u015fkan\u0131 Tar\u0131k \u015eeng\u00fcl, Ankara &#8220;B\u00fcy\u00fck\u015fehir Belediyesi A Tak\u0131m\u0131&#8221; ad\u0131n\u0131 verdi\u011fi 3 ki\u015finin geli\u015fme alanlar\u0131nda toplam 83 konuta sahip oldu\u011funu belgeleyerek savc\u0131lar\u0131 g\u00f6reve \u00e7a\u011f\u0131rd\u0131.<\/p>\n<p style=\"text-align: justify;\">\u015eeng\u00fcl, M\u00fclkiyeliler Birli\u011fi&#8217;nde d\u00fczenledi\u011fi bas\u0131n toplant\u0131s\u0131nda, g\u00f6reve getirili\u015finin ard\u0131ndan Ankara&#8217;daki &#8220;imar rant\u0131na&#8221; ili\u015fkin \u00e7al\u0131\u015fmalar yapt\u0131\u011f\u0131n\u0131 belirten \u015eeng\u00fcl, bu s\u0131rada &#8220;imar alan\u0131nda yolsuzluk, r\u00fc\u015fvet ve usuls\u00fczl\u00fcklerin san\u0131landan \u00e7ok daha derin oldu\u011funu g\u00f6rd\u00fc\u011f\u00fcn\u00fc&#8221; \u00f6ne s\u00fcrd\u00fc.\u00a0<!--more--><\/p>\n<p style=\"text-align: justify;\">&#8220;Kendi evlerini temiz tutmayanlar, ba\u015fkas\u0131n\u0131 kirli olmakla su\u00e7layamazlar&#8221; diyen \u015eeng\u00fcl, &#8220;\u0130mar yolsuzluklar\u0131na&#8221; ili\u015fkin \u00e7al\u0131\u015fmalar\u0131 y\u00fcr\u00fct\u00fcrken, zaman zaman yollar\u0131na kendi partilerine \u00fcye baz\u0131 y\u00f6neticiler, baz\u0131 karar vericilerin de \u00e7\u0131kt\u0131\u011f\u0131n\u0131 g\u00f6rd\u00fcklerini, ancak en ufak bir parti ayr\u0131m\u0131 g\u00f6zetmeksizin, kabul edilemeyecek t\u00fcm kararlara kar\u015f\u0131 durduklar\u0131n\u0131 s\u00f6yledi.<\/p>\n<p style=\"text-align: justify;\">Ankara&#8217;da ger\u00e7ek plan yapma yetkisinin Ankara B\u00fcy\u00fck\u015fehir Belediyesine ait oldu\u011funu belirten \u015eeng\u00fcl, bas\u0131n mensuplar\u0131na g\u00f6sterdi\u011fi &#8220;2023 Ba\u015fkent Ankara Naz\u0131m \u0130mar Plan\u0131 A\u00e7\u0131klama Raporu&#8221;nun, Ankara&#8217;n\u0131n anayasas\u0131 oldu\u011funu s\u00f6yledi.<\/p>\n<p style=\"text-align: justify;\">&#8220;S\u00f6z konusu plan\u0131n yap\u0131ld\u0131\u011f\u0131 g\u00fcn\u00fcn ertesinde B\u00fcy\u00fck\u015fehir Belediyesi taraf\u0131ndan delinmeye ba\u015flad\u0131\u011f\u0131n\u0131&#8221; ileri s\u00fcren \u015eeng\u00fcl, kendilerini rahats\u0131z edenin ise bu durum oldu\u011funu bildirdi.<\/p>\n<p style=\"text-align: justify;\">&#8220;Kendileri cam evlerde oturanlar, ba\u015fkalar\u0131n\u0131n evlerine ta\u015f atamazlar&#8221; diye bir s\u00f6z oldu\u011funu ifade eden \u015eeng\u00fcl, \u015f\u00f6yle devam etti:<\/p>\n<p style=\"text-align: justify;\">&#8220;O nedenle biz \u00f6ncelikle kendi evimizde temizlik istiyoruz. Her kim, hangi makamda olursa olsun, bizim inand\u0131\u011f\u0131m\u0131z de\u011ferlere, hukuki \u00e7evrelere, planlamalara uymam\u0131\u015fsa kar\u015f\u0131s\u0131nda durduk. Onun i\u00e7in ben ele\u015ftiriye kendi evimden ba\u015flad\u0131m. \u015eimdi oradan ald\u0131\u011f\u0131m g\u00fc\u00e7le, Ankara B\u00fcy\u00fck\u015fehir Belediyesinin belediye ba\u015fkan\u0131na ve A tak\u0131m\u0131na ta\u015f\u0131 at\u0131yorum. \u00c7\u00fcnk\u00fc temiz bir yerden siyaset yap\u0131yoruz. D\u00fcn Ba\u015fbakan bir a\u00e7\u0131klama yapt\u0131, &#8216;CHP pisli\u011fine baks\u0131n, pisli\u011fini temizlesin. \u0130l Ba\u015fkan\u0131&#8217;n\u0131n yapt\u0131\u011f\u0131 a\u00e7\u0131klama \u00e7arp\u0131c\u0131, onlar temizlemezse bu devletin kurumlar\u0131 vard\u0131r. Gider temizlerler&#8217; dedi. \u00dcslubu bir yana b\u0131rak\u0131yorum, Ba\u015fbakan&#8217;a bu duyarl\u0131l\u0131\u011f\u0131 i\u00e7in te\u015fekk\u00fcr ediyorum. Ama kendisini B\u00fcy\u00fck\u015fehir Belediyesi ile a\u00e7\u0131klayaca\u011f\u0131m belgelerle ilgili ayn\u0131 duyarl\u0131l\u0131\u011f\u0131 g\u00f6stermeye davet ediyorum.&#8221;<\/p>\n<p style=\"text-align: justify;\">\u015eeng\u00fcl, &#8220;Ankara&#8217;n\u0131n en b\u00fcy\u00fck rant alan\u0131&#8221; dedi\u011fi, \u00c7ayyolu, Alacatl\u0131, \u00dcmitk\u00f6y b\u00f6lgesinin, &#8220;d\u00fc\u015f\u00fck yo\u011funluklu konut alan\u0131&#8221; olarak belirlendi\u011fini, ancak burada yo\u011funluklar\u0131n art\u0131r\u0131ld\u0131\u011f\u0131n\u0131 iddia ederek, &#8220;bunun toplumsal doland\u0131r\u0131c\u0131l\u0131k&#8221; oldu\u011funu savundu.<\/p>\n<p style=\"text-align: justify;\">&#8220;B\u00fcy\u00fck\u015fehir Belediyesi A Tak\u0131m\u0131&#8221; olarak nitelendirdi\u011fi ve orada bulunan 3 ki\u015fiye ait konutlar\u0131n listesini de g\u00f6steren \u015eeng\u00fcl, &#8220;Bir ki\u015finin toplam kendisine ait 63, \u00e7ocuklar\u0131yla birlikte 83 tane ve de rastlant\u0131sal olarak tam da bu geli\u015fme alanlar\u0131nda m\u00fclk\u00fc olur mu? Olur olur da onun ad\u0131 ba\u015fka bir \u015fey olur, savc\u0131lar\u0131 g\u00f6reve \u00e7a\u011f\u0131r\u0131yoruz&#8221; dedi.<\/p>\n<p style=\"text-align: justify;\">\u015eeng\u00fcl, &#8220;Say\u0131n Ba\u015fbakan\u0131m\u0131za sesleniyorum, burada belge, burada bilgi, burada kirlilik. Biz kendi evimize \u00e7eki d\u00fczen vermek i\u00e7in gerekirse istifa ederek g\u00f6revimizi yapt\u0131k, buyurun g\u00f6revinizi yap\u0131n. Bir terzi, bir gazetecilik okulu mezunu neredeyse Ankara&#8217;y\u0131 esir ald\u0131&#8221; diye konu\u015ftu.<\/p>\n<p style=\"text-align: justify;\">\u015eeng\u00fcl, Ba\u015fbakan&#8217;\u0131n istemesi durumunda elindeki t\u00fcm belge ve bilgileri kendisine ve Cumhuriyet savc\u0131lar\u0131na vermeye haz\u0131r oldu\u011funu da s\u00f6yledi. CHP Merkez Y\u00f6netim Kurulu taraf\u0131ndan bir soru\u015fturma ba\u015flat\u0131ld\u0131\u011f\u0131n\u0131 belirten \u015eeng\u00fcl, kendisinden de su\u00e7lamalara ili\u015fkin bir rapor istendi\u011fini bildirdi.<\/p>\n<p style=\"text-align: justify;\">\u015eeng\u00fcl, son g\u00fcnlerde baz\u0131 tehditler ald\u0131\u011f\u0131n\u0131 da s\u00f6yledi.<\/p>\n<p style=\"text-align: justify;\">Bir soru \u00fczerine hen\u00fcz K\u0131l\u0131\u00e7daro\u011flu ile g\u00f6r\u00fc\u015fme imkan\u0131n\u0131n olmad\u0131\u011f\u0131n\u0131 belirten \u015eeng\u00fcl, istifa a\u00e7\u0131klamas\u0131 s\u0131ras\u0131nda &#8220;R\u00fc\u015fveti teklif eden i\u015f adam\u0131na arac\u0131 olan ki\u015fi i\u00e7in &#8220;CHP&#8217;de tenzili r\u00fctbeye u\u011fram\u0131\u015f bir y\u00f6netici&#8221; dedi\u011finin an\u0131msat\u0131lmas\u0131 \u00fczerine ise Genel Merkezin soru\u015fturma ba\u015flatt\u0131\u011f\u0131n\u0131 bu noktada daha fazla detaya girmeyece\u011fini kaydetti.<\/p>\n<p style=\"text-align: justify;\"><a href=\"http:\/\/www.cnnturk.com\/2011\/cnn.turk.tv\/08\/27\/sengul.ankaradaki.imar.rantini.belgeledi\/627485.0\/index.html\" target=\"_blank\">Kaynak : CNN T\u00dcRK<\/a><\/p>\n<p style=\"text-align: justify;\">\n","protected":false},"excerpt":{"rendered":"<p style=\"text-align: justify;\">\n<p style=\"text-align: justify;\">CHP&#8217;nin eski Ankara \u0130l Ba\u015fkan\u0131 Tar\u0131k \u015eeng\u00fcl, Ankara &#8220;B\u00fcy\u00fck\u015fehir Belediyesi A Tak\u0131m\u0131&#8221; ad\u0131n\u0131 verdi\u011fi 3 ki\u015finin geli\u015fme alanlar\u0131nda toplam 83 konuta sahip oldu\u011funu belgeleyerek savc\u0131lar\u0131 g\u00f6reve \u00e7a\u011f\u0131rd\u0131.<\/p>\n<p style=\"text-align: justify;\">\u015eeng\u00fcl, M\u00fclkiyeliler Birli\u011fi&#8217;nde d\u00fczenledi\u011fi bas\u0131n toplant\u0131s\u0131nda, g\u00f6reve getirili\u015finin ard\u0131ndan Ankara&#8217;daki &#8220;imar rant\u0131na&#8221; ili\u015fkin \u00e7al\u0131\u015fmalar yapt\u0131\u011f\u0131n\u0131 belirten \u015eeng\u00fcl, bu s\u0131rada &#8220;imar alan\u0131nda <\/p>\n","protected":false},"author":1,"featured_media":0,"comment_status":"open","ping_status":"open","sticky":false,"template":"","format":"standard","meta":{"footnotes":""},"categories":[105],"tags":[],"class_list":["post-39195","post","type-post","status-publish","format-standard","hentry","category-gundem","odd"],"_links":{"self":[{"href":"http:\/\/www.korhanyilmaz.com\/index.php?rest_route=\/wp\/v2\/posts\/39195","targetHints":{"allow":["GET"]}}],"collection":[{"href":"http:\/\/www.korhanyilmaz.com\/index.php?rest_route=\/wp\/v2\/posts"}],"about":[{"href":"http:\/\/www.korhanyilmaz.com\/index.php?rest_route=\/wp\/v2\/types\/post"}],"author":[{"embeddable":true,"href":"http:\/\/www.korhanyilmaz.com\/index.php?rest_route=\/wp\/v2\/users\/1"}],"replies":[{"embeddable":true,"href":"http:\/\/www.korhanyilmaz.com\/index.php?rest_route=%2Fwp%2Fv2%2Fcomments&post=39195"}],"version-history":[{"count":0,"href":"http:\/\/www.korhanyilmaz.com\/index.php?rest_route=\/wp\/v2\/posts\/39195\/revisions"}],"wp:attachment":[{"href":"http:\/\/www.korhanyilmaz.com\/index.php?rest_route=%2Fwp%2Fv2%2Fmedia&parent=39195"}],"wp:term":[{"taxonomy":"category","embeddable":true,"href":"http:\/\/www.korhanyilmaz.com\/index.php?rest_route=%2Fwp%2Fv2%2Fcategories&post=39195"},{"taxonomy":"post_tag","embeddable":true,"href":"http:\/\/www.korhanyilmaz.com\/index.php?rest_route=%2Fwp%2Fv2%2Ftags&post=39195"}],"curies":[{"name":"wp","href":"https:\/\/api.w.org\/{rel}","templated":true}]}}