{"id":39163,"date":"2011-08-27T15:35:19","date_gmt":"2011-08-27T12:35:19","guid":{"rendered":"http:\/\/www.korhanyilmaz.com\/?p=39163"},"modified":"2011-08-27T20:38:14","modified_gmt":"2011-08-27T17:38:14","slug":"aczimendi-lideri-muslum-gunduz-500-muridi-ile-ortaya-cikti","status":"publish","type":"post","link":"http:\/\/www.korhanyilmaz.com\/?p=39163","title":{"rendered":"Aczimendi lideri M\u00fcsl\u00fcm G\u00fcnd\u00fcz 500 m\u00fcridi ile ortaya \u00e7\u0131kt\u0131"},"content":{"rendered":"<p style=\"text-align: center;\"><a href=\"http:\/\/www.korhanyilmaz.com\/wp-content\/uploads\/2011\/08\/7068.jpg\"  class=\"lightview\"><img loading=\"lazy\" decoding=\"async\" class=\"aligncenter size-full wp-image-39164\" src=\"http:\/\/www.korhanyilmaz.com\/wp-content\/uploads\/2011\/08\/7068.jpg\" alt=\"\" width=\"399\" height=\"224\" \/><\/a><\/p>\n<p style=\"text-align: justify;\">ACZMEND\u0130 tarikat\u0131 lideri M\u00fcsl\u00fcm G\u00fcnd\u00fcz, memleketi Elaz\u0131\u011f\u2019da yakla\u015f\u0131k 500 m\u00fcridiyle ortaya \u00e7\u0131kt\u0131. Kent sokaklar\u0131nda m\u00fcritleriyle y\u00fcr\u00fcyen G\u00fcnd\u00fcz, bir d\u00f6nem kendileri \u00fczerinden darbe zemini haz\u0131rlanmaya \u00e7al\u0131\u015f\u0131ld\u0131\u011f\u0131n\u0131 ileri s\u00fcrerek, &#8220;Biz eskiden de buyduk \u015fimdi de buyuz. Biz risale-i nur talebesiyiz. Biz asayi\u015fi bozmay\u0131z, biz asayi\u015f memurlar\u0131y\u0131z&#8221; dedi.\u00a0<!--more--><\/p>\n<p style=\"text-align: justify;\">Ge\u00e7mi\u015fte Atat\u00fcrk ve Cumhuriyet kar\u015f\u0131t\u0131 eylemleriyle g\u00fcndeme gelen Aczmendi tarikat\u0131 lideri M\u00fcsl\u00fcm G\u00fcnd\u00fcz, y\u0131llar sonra m\u00fcritleriyle memleketi Elaz\u0131\u011f\u2019da ortaya \u00e7\u0131kt\u0131. G\u00fcnd\u00fcz, yakla\u015f\u0131k 500 ki\u015fiyle birlikte d\u00fcn Harput\u2019ta bulunan Hac\u0131 Hulusi Efendi t\u00fcrbesini ziyaret ettikten sonra \u0130zzet Pa\u015fa Camii\u2019nde ikindi namaz\u0131 k\u0131ld\u0131.<\/p>\n<p style=\"text-align: justify;\">Namaz\u0131n ard\u0131ndan G\u00fcnd\u00fcz m\u00fcritleri ile birlikte Gazi Caddesi \u00fczerinde valilik binas\u0131na do\u011fru y\u00fcr\u00fcd\u00fc. \u0130\u00e7i\u015fleri Bakan\u0131 \u0130dris Naim \u015eahin\u2019in de ayn\u0131 saatlerde valilikte olmas\u0131 nedeniyle polis grubun valili\u011fe gitmesine engel olmak i\u00e7in spor salonu \u00f6n\u00fcnde etten duvar \u00f6rd\u00fc. Polislerin barikat\u0131yla kar\u015f\u0131la\u015fan G\u00fcnd\u00fcz, &#8220;Bize yol g\u00f6sterin nereye gidelim&#8221; dedi. Polisler, grubu belediyenin kurdu\u011fu iftar alan\u0131na ald\u0131.<\/p>\n<p style=\"text-align: justify;\">Aczmendi tarikat\u0131 lideri M\u00fcsl\u00fcm G\u00fcnd\u00fcz, gazetecilerin sorular\u0131 \u00fczerine Elaz\u0131\u011f\u2019da misafirlerini gezdirdi\u011fi s\u00f6yledi. G\u00fcnd\u00fcz, &#8220;Bizim y\u00fcr\u00fcme kast\u0131m\u0131z yok. Misafirlerimiz var \u015fu yan\u0131mda g\u00f6rm\u00fc\u015f oldu\u011funuz zatlar Suriye\u2019den geldiler. Elaz\u0131\u011f\u2019\u0131 bir gezelim dediler onlar\u0131 gezmeye \u00e7\u0131karm\u0131\u015f\u0131z, yani b\u00f6yle y\u00fcr\u00fcy\u00fc\u015f falan bir \u015feyimiz yok&#8221; dedi.<\/p>\n<p style=\"text-align: justify;\"><strong>M\u0130LLETE EZ\u0130YET EDENLER, N\u0130HAYET SU\u00c7LARINI \u0130T\u0130RAF ED\u0130YORLAR\u00a0<\/strong><\/p>\n<p style=\"text-align: justify;\">M\u00fcsl\u00fcm G\u00fcnd\u00fcz, millete zul\u00fcm edenlerin mahkemelerde g\u00fcnah d\u00f6kt\u00fcklerini \u00f6ne s\u00fcrd\u00fc. G\u00fcnd\u00fcz, &#8220;90 senedir bu millete eziyet edenler, nihayet su\u00e7lar\u0131n\u0131 itiraf ediyorlar, mahkemede g\u00fcnah d\u00f6k\u00fcyorlar. Bizler de adaletin yerine geldi\u011fini g\u00f6r\u00fcp seviniyoruz. \u0130n\u015fallah bu hal devam eder. 90 senden beri yaln\u0131z, T\u00fcrk\u00fcn, yaln\u0131z K\u00fcrd\u00fcn, Acemin, Arab\u0131n, yaln\u0131z Alevinin, S\u00fcnninin de\u011fil, topyekun milletin \u00fczerinde bir zul\u00fcm bask\u0131s\u0131 vard\u0131. Onun aralanmas\u0131 gibi bir durum g\u00f6r\u00fcn\u00fcyor. Dua ediyoruz ki bu hal devam etsin, Memleketimiz maalesef 90 y\u0131ld\u0131r bir karanl\u0131\u011fa g\u00f6m\u00fclm\u00fc\u015ft\u00fc, in\u015fallah kurtulaca\u011f\u0131n\u0131 \u00fcmit ediyoruz&#8221; dedi.<\/p>\n<p style=\"text-align: justify;\"><strong>\u0130LK DEFA BU MEMLEKET HA\u0130N OLMAYAN B\u0130R H\u00dcK\u00dcMETLE TANI\u015eIYOR\u00a0<\/strong><\/p>\n<p style=\"text-align: justify;\">Aczmendi tarikat\u0131 lideri G\u00fcnd\u00fcz, &#8220;Ya\u015fanan \u015fike olaylar\u0131n\u0131 nas\u0131l de\u011ferlendiriyorsunuz&#8221; sorusuna Ak Parti h\u00fck\u00fcmetine \u00f6vg\u00fcler ya\u011fd\u0131rarak cevap verdi. G\u00fcnd\u00fcz, &#8220;T\u00fcrkiye 90 y\u0131ld\u0131r \u015fike yap\u0131yor, T\u00fcrkiye 90 senedir yanl\u0131\u015fta gidiyor ve bile, bile yanl\u0131\u015fa gidiyor. Ben a\u00e7\u0131k\u00e7a s\u00f6yl\u00fcyorum siyaseti hi\u00e7bir zaman benimsemedi\u011fim herkes\u00e7e bilinir. T\u00fcrkiye Cumhuriyeti tarihinde hi\u00e7 istisna koymadan s\u00f6yl\u00fcyorum ilk defa bu memleket hain olmayan bir h\u00fck\u00fcmetle tan\u0131\u015f\u0131yor. Millete ayr\u0131 kendi i\u00e7ine ayr\u0131 d\u00fc\u015f\u00fcnen bir h\u00fck\u00fcmetten ilk defa kurtuluyor. 90 senedir ilk defa samimiyetle Milletten taraf bir iradeyle kar\u015f\u0131 kar\u015f\u0131yay\u0131z. Onun i\u00e7inde Allah\u2019a \u015f\u00fckrediyoruz&#8221; dedi.<\/p>\n<p style=\"text-align: justify;\"><strong>B\u0130Z\u0130M \u00dcZER\u0130M\u0130ZDEN DARBE ZEM\u0130N\u0130 HAZIRLAMAYA \u00c7ALI\u015eIYORLARDI\u00a0<\/strong><\/p>\n<p style=\"text-align: justify;\">G\u00fcnd\u00fcz, &#8220;Aczimendilerin faaliyetleri yeniden ba\u015flayacak m\u0131?&#8221; sorusu \u00fczerine &#8220;Bak\u0131n \u015fimdi burada geziyoruz, eskiden olsayd\u0131 \u00f6n\u00fcm\u00fcz\u00fc keserlerdi. Niye \u00e7\u0131k\u0131yorsunuz, ne yap\u0131yorsunuz, kimle g\u00f6r\u00fc\u015ft\u00fcn\u00fcz diyeceklerdi, biz de tepki g\u00f6sterecektik al sana hadise. Biz \u00f6nceden de b\u00f6yleydik kimseye dokunmam\u0131\u015ft\u0131k ki yolumuzdan gidiyorduk. \u015eimdi Elaz\u0131\u011f\u2019da gezdi\u011fimiz gibi Ankara\u2019da da geziyorduk, \u0130stanbul\u2019da da geziyorduk. \u00d6ncekiler suiniyet(k\u00f6t\u00fc niyetli) olduklar\u0131 i\u00e7in hadise \u00e7\u0131kartmak istiyorlard\u0131. Bizim \u00fczerimizden darbe zemini haz\u0131rlamaya \u00e7al\u0131\u015f\u0131yorlard\u0131. Hadise bu. Biz eskiden de buyduk \u015fimdi de buyuz. Biz risalei nur talebesiyiz. Biz asayi\u015fi bozmay\u0131z, biz asayi\u015f memurlar\u0131y\u0131z&#8221; dedi.<\/p>\n<p style=\"text-align: justify;\">Aczmendiler daha sonra minib\u00fcslere binerek, M\u00fcsl\u00fcm G\u00fcnd\u00fcz\u2019\u00fcn Malatya yolu \u00fczerinde bulunan Cuma \u00c7iftli\u011fi ad\u0131 verilen dergah\u0131na gitti.<\/p>\n<p style=\"text-align: justify;\"><a href=\"http:\/\/www.hurriyet.com.tr\/gundem\/18592337.asp\" target=\"_blank\">Kaynak : H\u00fcrriyet.com.tr<\/a><\/p>\n","protected":false},"excerpt":{"rendered":"<p style=\"text-align: center;\">\n<p style=\"text-align: justify;\">ACZMEND\u0130 tarikat\u0131 lideri M\u00fcsl\u00fcm G\u00fcnd\u00fcz, memleketi Elaz\u0131\u011f\u2019da yakla\u015f\u0131k 500 m\u00fcridiyle ortaya \u00e7\u0131kt\u0131. Kent sokaklar\u0131nda m\u00fcritleriyle y\u00fcr\u00fcyen G\u00fcnd\u00fcz, bir d\u00f6nem kendileri \u00fczerinden darbe zemini haz\u0131rlanmaya \u00e7al\u0131\u015f\u0131ld\u0131\u011f\u0131n\u0131 ileri s\u00fcrerek, &#8220;Biz eskiden de buyduk \u015fimdi de buyuz. Biz risale-i nur talebesiyiz. Biz asayi\u015fi bozmay\u0131z, biz asayi\u015f memurlar\u0131y\u0131z&#8221; dedi. <\/p>\n","protected":false},"author":1,"featured_media":0,"comment_status":"open","ping_status":"open","sticky":false,"template":"","format":"standard","meta":{"footnotes":""},"categories":[105],"tags":[],"class_list":["post-39163","post","type-post","status-publish","format-standard","hentry","category-gundem","odd"],"_links":{"self":[{"href":"http:\/\/www.korhanyilmaz.com\/index.php?rest_route=\/wp\/v2\/posts\/39163","targetHints":{"allow":["GET"]}}],"collection":[{"href":"http:\/\/www.korhanyilmaz.com\/index.php?rest_route=\/wp\/v2\/posts"}],"about":[{"href":"http:\/\/www.korhanyilmaz.com\/index.php?rest_route=\/wp\/v2\/types\/post"}],"author":[{"embeddable":true,"href":"http:\/\/www.korhanyilmaz.com\/index.php?rest_route=\/wp\/v2\/users\/1"}],"replies":[{"embeddable":true,"href":"http:\/\/www.korhanyilmaz.com\/index.php?rest_route=%2Fwp%2Fv2%2Fcomments&post=39163"}],"version-history":[{"count":0,"href":"http:\/\/www.korhanyilmaz.com\/index.php?rest_route=\/wp\/v2\/posts\/39163\/revisions"}],"wp:attachment":[{"href":"http:\/\/www.korhanyilmaz.com\/index.php?rest_route=%2Fwp%2Fv2%2Fmedia&parent=39163"}],"wp:term":[{"taxonomy":"category","embeddable":true,"href":"http:\/\/www.korhanyilmaz.com\/index.php?rest_route=%2Fwp%2Fv2%2Fcategories&post=39163"},{"taxonomy":"post_tag","embeddable":true,"href":"http:\/\/www.korhanyilmaz.com\/index.php?rest_route=%2Fwp%2Fv2%2Ftags&post=39163"}],"curies":[{"name":"wp","href":"https:\/\/api.w.org\/{rel}","templated":true}]}}