{"id":39146,"date":"2008-10-25T08:02:54","date_gmt":"2008-10-25T05:02:54","guid":{"rendered":"http:\/\/www.korhanyilmaz.com\/?p=39146"},"modified":"2011-08-27T19:52:57","modified_gmt":"2011-08-27T16:52:57","slug":"meclis%e2%80%99te-bir-kayip-dosya-daha","status":"publish","type":"post","link":"http:\/\/www.korhanyilmaz.com\/?p=39146","title":{"rendered":"Meclis\u2019te bir kay\u0131p dosya daha"},"content":{"rendered":"<p style=\"text-align: justify;\"><a href=\"http:\/\/www.korhanyilmaz.com\/wp-content\/uploads\/2011\/08\/7064.jpg\"  class=\"lightview\"><img loading=\"lazy\" decoding=\"async\" class=\"aligncenter size-full wp-image-39147\" title=\"\" src=\"http:\/\/www.korhanyilmaz.com\/wp-content\/uploads\/2011\/08\/7064.jpg\" alt=\"\" width=\"325\" height=\"249\" \/><\/a><\/p>\n<p style=\"text-align: justify;\">Cumhurba\u015fkan\u0131 Abdullah G\u00fcl hakk\u0131ndaki kay\u0131p trilyon davas\u0131na ili\u015fkin dosyas\u0131n\u0131n \u00f6nce kaybolmas\u0131 sonra bulunmas\u0131n\u0131n ard\u0131ndan, Mecliste yeni bir kay\u0131p dosya vakas\u0131 daha ya\u015fan\u0131yor. Gazeteport&#8221;ta yer alan habere g\u00f6re, Recep Tayyip Erdo\u011fan\u2019\u0131n belediye ba\u015fkanl\u0131\u011f\u0131 d\u00f6nemindeki, \u0130GDA\u015e, BELB\u0130M ve AKB\u0130L\u2019e ili\u015fkin dosyalarda ad\u0131 \u201czimmet\u201d iddias\u0131yla ge\u00e7en \u00c7evre Bakan\u0131 Veysel Ero\u011flu, TBMM Ba\u015fkanvekili Nevzat Pakdil ve arkada\u015flar\u0131n\u0131n dokunulmazl\u0131k dosyalar\u0131 Meclis\u2019te bulunamad\u0131.<!--more--><\/p>\n<p style=\"text-align: justify;\">TBMM\u2019de 22 Temmuz i\u00e7in se\u00e7im karar\u0131 al\u0131n\u0131nca, t\u00fcm dokunulmazl\u0131k dosyalar\u0131 da Adalet Bakanl\u0131\u011f\u0131\u2019na iade edildi. Ancak bu se\u00e7imde yeniden milletvekili se\u00e7ilenlerin dosyalar\u0131, 22 Temmuz sonras\u0131 tekrar TBMM\u2019ye g\u00f6nderildi. 13 Ekim g\u00fcn\u00fc itibariyle Meclis Ba\u015fkanl\u0131\u011f\u0131\u2019nda bulunan 245 dosya aras\u0131nda ise \u00f6nemli yolsuzluklarla ilgili baz\u0131 dosyalar yer almad\u0131. TBMM\u2019den giden dosyalar, aradan 15 ay ge\u00e7mesine ra\u011fmen geri gelmedi. Ba\u015fbakan Erdo\u011fan\u2019\u0131n \u0130stanbul Belediye Ba\u015fkan\u0131 oldu\u011fu d\u00f6nemde yolsuzluk soru\u015fturmas\u0131 yap\u0131lan belediye i\u015ftirakleri \u0130GDA\u015e, BELB\u0130M ve AKB\u0130L\u2019e ili\u015fkin iddialar\u0131n yer ald\u0131\u011f\u0131 milletvekili fezlekeleri tekrar Meclis\u2019e g\u00f6nderilmedi.<\/p>\n<p style=\"text-align: justify;\"><strong>DOSYADAK\u0130 BAZI \u0130S\u0130MLER<\/strong><\/p>\n<p style=\"text-align: justify;\">Haklar\u0131nda a\u00e7\u0131lan davalarda su\u00e7lanan, ancak milletvekili se\u00e7ilince dokunulmazl\u0131k z\u0131rh\u0131na kavu\u015fan isimler ve haklar\u0131nda ak\u0131beti bilinmeyen dosyalar \u015f\u00f6yle:<\/p>\n<p style=\"text-align: justify;\">\u00bbVeysel Ero\u011flu (\u00c7evre ve Orman Bakan\u0131): Erdo\u011fan\u2019\u0131n belediye ba\u015fkanl\u0131\u011f\u0131 d\u00f6neminde \u0130SK\u0130 genel m\u00fcd\u00fcrl\u00fc\u011f\u00fcn\u00fc yapt\u0131. Albayraklar soru\u015fturmas\u0131nda ad\u0131 ge\u00e7en Ero\u011flu hakk\u0131nda \u201czimmet\u201d ve \u201cdoland\u0131r\u0131c\u0131l\u0131k\u201d su\u00e7lar\u0131ndan dava a\u00e7\u0131ld\u0131.<\/p>\n<p style=\"text-align: justify;\">\u00bbNevzat Pakdil (AKP Kahramanmara\u015f milletvekili ve TBMM Ba\u015fkanvekili): Erdo\u011fan\u2019\u0131n Ba\u015fkanl\u0131\u011f\u0131 d\u00f6neminde \u0130ETT Genel M\u00fcd\u00fcrl\u00fc\u011f\u00fc yapt\u0131. \u0130ETT\u2019nin reklam panosu ihalelerine fesat kar\u0131\u015ft\u0131rd\u0131\u011f\u0131 iddias\u0131yla dava a\u00e7\u0131ld\u0131. \u201cZimmet\u201d ve \u201cnitelikli zimmet\u201d su\u00e7lamalar\u0131n\u0131 i\u00e7eren iki dosyas\u0131 kay\u0131p.<\/p>\n<p style=\"text-align: justify;\">\u00bb\u0130dris Naim \u015eahin (AKP Genel Sekreteri-\u0130stanbul milletvekili): Erdo\u011fan\u2019\u0131n, belediye ba\u015fkan\u0131 oldu\u011fu d\u00f6nemde Genel Sekreter Yard\u0131mc\u0131s\u0131yd\u0131. \u015eahin hakk\u0131nda, Albayrak ihalesi ve AKB\u0130L davas\u0131 bulunuyor.<\/p>\n<p style=\"text-align: justify;\">\u00bbMustafa A\u00e7\u0131kal\u0131n (Sivas milletvekili): Belediye Ba\u015fkanl\u0131\u011f\u0131 d\u00f6neminde, Erdo\u011fan\u2019\u0131n Genel Sekreteri\u2019ydi. Hakk\u0131nda AKB\u0130L, \u0130GDA\u015e, BELB\u0130M ve Albayrak davalar\u0131 var.<\/p>\n<p style=\"text-align: justify;\">\u00bbH\u00fcseyin Besli (\u0130stanbul milletvekili):Erdo\u011fan\u2019\u0131n Ba\u015fkanl\u0131\u011f\u0131 d\u00f6neminde 5 y\u0131l Bas\u0131n Dan\u0131\u015fmanl\u0131\u011f\u0131\u2019n\u0131 yapt\u0131. Besli hakk\u0131nda da \u0130GDA\u015e davas\u0131 var.<\/p>\n<p style=\"text-align: justify;\">\u00bbSelami Uzun (Sivas milletvekili): Erdo\u011fan\u2019\u0131n Ba\u015fkanl\u0131\u011f\u0131 d\u00f6neminde Kontrol Daire Ba\u015fkan\u0131yd\u0131. Hakk\u0131nda Albayrak davas\u0131 a\u00e7\u0131ld\u0131.<\/p>\n<p style=\"text-align: justify;\">\u00bbMustafa \u00d6zt\u00fcrk (AKP Hatay milletvekili): \u0130stanbul B\u00fcy\u00fck\u015fehir Belediyesi \u00c7evre Koruma ve Geli\u015ftirme Daire Ba\u015fkanl\u0131\u011f\u0131, \u0130stanbul B\u00fcy\u00fck\u015fehir Belediyesi Gayri S\u0131hhi M\u00fcesseseler Kurulu Ba\u015fkanl\u011f\u0131 yapt\u0131. Hakk\u0131nda AKB\u0130L davas\u0131 var.<\/p>\n<p style=\"text-align: justify;\">\u00bb\u00d6mer Din\u00e7er (AKP \u0130stanbul milletvekili): Erdo\u011fan\u2019\u0131n Belediye Ba\u015fkanl\u0131\u011f\u0131 d\u00f6neminde B\u0130T\u2019lerden sorumlu dan\u0131\u015fman\u0131yd\u0131. \u0130GDA\u015e\u2019ta m\u00fcteahhitlere fazla para \u00f6demekten su\u00e7lan\u0131yor.<\/p>\n<p style=\"text-align: justify;\">***<\/p>\n<p style=\"text-align: justify;\"><strong>Yolsuzluk dosyalar\u0131 nerede tak\u0131l\u0131p kald\u0131?<\/strong><\/p>\n<p style=\"text-align: justify;\">DokunulmazlIk dosyalar\u0131n\u0131 inceleyen TBMM Anayasa Adalet Karma Komisyonu \u00fcyesi CHP\u2019li Atilla Kart, \u201cAKP\u2019nin 6 y\u0131ldan bu yana s\u00fcren yolsuzluk havuzunun dayana\u011f\u0131 1994\u2019l\u00fc y\u0131llara yani Ba\u015fbakan\u2019\u0131n \u0130stanbul Belediye Ba\u015fkan\u0131 oldu\u011fu d\u00f6neme kadar dayanmakta. \u0130lerleyen y\u0131llarda bu havuz geni\u015flemi\u015ftir. Havuzu olu\u015fturan yolsuzluklar\u0131n ba\u015f\u0131nda ise \u0130GDA\u015e, BELB\u0130M ve AKB\u0130L olaylar\u0131 gelmektedir. Bu yolsuzluklar\u0131n hen\u00fcz yarg\u0131sal hesab\u0131 sorulmam\u0131\u015ft\u0131r\u201d dedi.<\/p>\n<p style=\"text-align: justify;\"><strong>\u2018KAMUOYUNA A\u00c7IKLANMALI\u2019<\/strong><\/p>\n<p style=\"text-align: justify;\">22 Temmuz\u2019dan bu yana yakla\u015f\u0131k 15 ay ge\u00e7ti\u011fine dikkat \u00e7eken Kart, \u201cDosyalar\u0131n bu kadar uzun bir s\u00fcrede intikal etmemi\u015f olmas\u0131 asla kabul edilemez. Bu dosyalar\u0131n ak\u0131beti nedir, bu dosyalar nerede tak\u0131l\u0131p kalm\u0131\u015ft\u0131r? T\u0131pk\u0131 kay\u0131p trilyon dosyas\u0131n\u0131n Adalet Bakanl\u0131\u011f\u0131\u2019nda tak\u0131l\u0131p kalmas\u0131 gibi bir durumla m\u0131 kar\u015f\u0131 kar\u015f\u0131yay\u0131z? Yoksa mahkemede mi, savc\u0131l\u0131kta m\u0131? Bu dosyalar\u0131n ak\u0131betinin kamuoyuna mutlaka a\u00e7\u0131klanmas\u0131 gerekiyor\u201d diye konu\u015ftu. Kart, kay\u0131p dosyalar\u0131 verdi\u011fi bir \u00f6nerge ile de Meclis g\u00fcndemine de ta\u015f\u0131d\u0131.<\/p>\n<p style=\"text-align: justify;\"><a href=\"http:\/\/www.birgun.net\/actuel_2008_index.php?news_code=1224893083&amp;year=2008&amp;month=10&amp;day=25\" target=\"_blank\">Kaynak : BirG\u00fcn<\/a><\/p>\n","protected":false},"excerpt":{"rendered":"<p style=\"text-align: justify;\">\n<p style=\"text-align: justify;\">Cumhurba\u015fkan\u0131 Abdullah G\u00fcl hakk\u0131ndaki kay\u0131p trilyon davas\u0131na ili\u015fkin dosyas\u0131n\u0131n \u00f6nce kaybolmas\u0131 sonra bulunmas\u0131n\u0131n ard\u0131ndan, Mecliste yeni bir kay\u0131p dosya vakas\u0131 daha ya\u015fan\u0131yor. Gazeteport&#8221;ta yer alan habere g\u00f6re, Recep Tayyip Erdo\u011fan\u2019\u0131n belediye ba\u015fkanl\u0131\u011f\u0131 d\u00f6nemindeki, \u0130GDA\u015e, BELB\u0130M ve AKB\u0130L\u2019e ili\u015fkin dosyalarda ad\u0131 \u201czimmet\u201d iddias\u0131yla ge\u00e7en \u00c7evre Bakan\u0131 Veysel Ero\u011flu, TBMM Ba\u015fkanvekili Nevzat <\/p>\n","protected":false},"author":1,"featured_media":0,"comment_status":"open","ping_status":"open","sticky":false,"template":"","format":"standard","meta":{"footnotes":""},"categories":[105],"tags":[90,164,349,12],"class_list":["post-39146","post","type-post","status-publish","format-standard","hentry","category-gundem","tag-abdullah-gul","tag-atilla-kart","tag-kayip-trilyon","tag-recep-tayyip-erdogan","odd"],"_links":{"self":[{"href":"http:\/\/www.korhanyilmaz.com\/index.php?rest_route=\/wp\/v2\/posts\/39146","targetHints":{"allow":["GET"]}}],"collection":[{"href":"http:\/\/www.korhanyilmaz.com\/index.php?rest_route=\/wp\/v2\/posts"}],"about":[{"href":"http:\/\/www.korhanyilmaz.com\/index.php?rest_route=\/wp\/v2\/types\/post"}],"author":[{"embeddable":true,"href":"http:\/\/www.korhanyilmaz.com\/index.php?rest_route=\/wp\/v2\/users\/1"}],"replies":[{"embeddable":true,"href":"http:\/\/www.korhanyilmaz.com\/index.php?rest_route=%2Fwp%2Fv2%2Fcomments&post=39146"}],"version-history":[{"count":0,"href":"http:\/\/www.korhanyilmaz.com\/index.php?rest_route=\/wp\/v2\/posts\/39146\/revisions"}],"wp:attachment":[{"href":"http:\/\/www.korhanyilmaz.com\/index.php?rest_route=%2Fwp%2Fv2%2Fmedia&parent=39146"}],"wp:term":[{"taxonomy":"category","embeddable":true,"href":"http:\/\/www.korhanyilmaz.com\/index.php?rest_route=%2Fwp%2Fv2%2Fcategories&post=39146"},{"taxonomy":"post_tag","embeddable":true,"href":"http:\/\/www.korhanyilmaz.com\/index.php?rest_route=%2Fwp%2Fv2%2Ftags&post=39146"}],"curies":[{"name":"wp","href":"https:\/\/api.w.org\/{rel}","templated":true}]}}