{"id":39141,"date":"2010-01-18T16:18:39","date_gmt":"2010-01-18T14:18:39","guid":{"rendered":"http:\/\/www.korhanyilmaz.com\/?p=39141"},"modified":"2011-08-27T19:30:53","modified_gmt":"2011-08-27T16:30:53","slug":"sadik-albayrak-polisler-tarafindan-dovuldu","status":"publish","type":"post","link":"http:\/\/www.korhanyilmaz.com\/?p=39141","title":{"rendered":"Sad\u0131k Albayrak polisler taraf\u0131ndan d\u00f6v\u00fcld\u00fc"},"content":{"rendered":"<p style=\"text-align: center;\"><a href=\"http:\/\/www.korhanyilmaz.com\/wp-content\/uploads\/2011\/08\/7063.jpg\"  class=\"lightview\"><img loading=\"lazy\" decoding=\"async\" class=\"aligncenter size-full wp-image-39142\" src=\"http:\/\/www.korhanyilmaz.com\/wp-content\/uploads\/2011\/08\/7063.jpg\" alt=\"\" width=\"419\" height=\"201\" \/><\/a><\/p>\n<p style=\"text-align: justify;\">Bu haberi okuyan inanam\u0131yor&#8230; Ba\u015fbakan\u0131n d\u00fcn\u00fcr\u00fc, Turkuvaz medyan\u0131n ba\u015fkan\u0131 Serhat Albayrak&#8217;\u0131n babas\u0131 d\u00f6v\u00fcld\u00fc.<\/p>\n<p style=\"text-align: justify;\">Ba\u015fbakan&#8217;\u0131n d\u00fcn\u00fcr\u00fc,Turkuvaz Medya Grubu Y\u00f6netim Kurulu ba\u015fkanvekili Serhat Albayrak ile \u00c7al\u0131k Grubu CEO&#8217;su Berat Albayrak&#8217;\u0131n babas\u0131 yazar Sad\u0131k Albayrak, polisler taraf\u0131ndan d\u00f6v\u00fcld\u00fc. Albayrak&#8217;\u0131n dayaktan kolu k\u0131r\u0131ld\u0131.\u00a0<!--more--><\/p>\n<p style=\"text-align: justify;\"><strong>DAYAKTAN KOLU KIRILDI\u00a0<\/strong><\/p>\n<p style=\"text-align: justify;\">Toplant\u0131 \u00e7\u0131k\u0131\u015f\u0131nda yan\u0131nda arkada\u015f\u0131 ile giderken yolu ba\u015fka bir ara\u00e7la kesilen Albayrak&#8217;\u0131n dayak s\u0131ras\u0131nda kolu k\u0131r\u0131ld\u0131.<\/p>\n<p style=\"text-align: justify;\">T\u00fcrkiye Yazarlar Birli\u011finin do\u011fumunun 100. y\u0131l\u0131 dolay\u0131s\u0131yla Sultanahmet&#8217;teki K\u00fclt\u00fcr Merkezindeki toplant\u0131dan \u00e7\u0131kan \u00fc\u00e7 ki\u015fi ile polisler aras\u0131nda \u00e7\u0131kan tart\u0131\u015fma kavga ile bitti.<\/p>\n<p style=\"text-align: justify;\">Polislerin darp etti\u011fi \u00fc\u00e7 ki\u015fiden biri olan \u0130HH Y\u00f6netim Kurulu \u00fcyesi ve Ortado\u011fu \u00d6zel temsilcisi Ahmet Emin Da\u011f savc\u0131l\u0131\u011fa \u015fikayette bulunurken, darp edilen \u00fc\u00e7 ki\u015fiden birisinin Ba\u015fbakan Erdo\u011fan&#8217;\u0131n d\u00fcn\u00fcr\u00fc Sad\u0131k Albayrak oldu\u011fu belirlendi.<\/p>\n<p style=\"text-align: justify;\"><strong>POL\u0130SLER S\u0130V\u0130LLER\u0130 DARP ETT\u0130\u00a0<\/strong><\/p>\n<p style=\"text-align: justify;\">Kavgan\u0131n \u00fc\u00e7 arkada\u015f\u0131n tramvay yolundan ge\u00e7erken ye\u015fil \u0131\u015f\u0131kta \u00fczerlerine gelen bir sivil araca tepki g\u00f6stermeleri ile ba\u015flad\u0131\u011f\u0131 iddia edildi. \u0130ddiaya g\u00f6re, &#8220;hem tramvay yolundan gidiyorsunuz hem de k\u0131rm\u0131z\u0131 \u0131\u015f\u0131kta ge\u00e7iyorsunuz&#8221; tepkisi \u00fczerine ara\u00e7tan inen polislerle \u00fc\u00e7l\u00fc aras\u0131nda tart\u0131\u015fma \u00e7\u0131kt\u0131. Kar\u015f\u0131l\u0131kl\u0131 kimlik isteyen taraflar aras\u0131ndaki tart\u0131\u015fman\u0131n b\u00fcy\u00fcmesi \u00fczerine polislerin sivilleri darp etti\u011fi belirtildi.<\/p>\n<p style=\"text-align: justify;\">Ahmet Emin Da\u011f&#8217;\u0131n darptan dolay\u0131 savc\u0131l\u0131\u011fa ba\u015fvurdu\u011fu belirtiliken, Sad\u0131k Albayrak&#8217;\u0131n da kolunun k\u0131r\u0131ld\u0131\u011f\u0131 iddia edildi. Albayrak&#8217;\u0131n bug\u00fcn polisleri \u015fikayet i\u00e7in \u0130stanbul Emniyet M\u00fcd\u00fcr\u00fc H\u00fcseyin \u00c7apk\u0131n ile g\u00f6r\u00fc\u015fece\u011fi belirtildi.<\/p>\n<p style=\"text-align: justify;\"><a href=\"http:\/\/www.istanbulhaber.com.tr\/haber\/basbakanin-dunurune-polis-dayagi-26509.htm\" target=\"_blank\">Kaynak : \u0130stanbulhaber.com.tr<\/a><\/p>\n","protected":false},"excerpt":{"rendered":"<p style=\"text-align: center;\">\n<p style=\"text-align: justify;\">Bu haberi okuyan inanam\u0131yor&#8230; Ba\u015fbakan\u0131n d\u00fcn\u00fcr\u00fc, Turkuvaz medyan\u0131n ba\u015fkan\u0131 Serhat Albayrak&#8217;\u0131n babas\u0131 d\u00f6v\u00fcld\u00fc.<\/p>\n<p style=\"text-align: justify;\">Ba\u015fbakan&#8217;\u0131n d\u00fcn\u00fcr\u00fc,Turkuvaz Medya Grubu Y\u00f6netim Kurulu ba\u015fkanvekili Serhat Albayrak ile \u00c7al\u0131k Grubu CEO&#8217;su Berat Albayrak&#8217;\u0131n babas\u0131 yazar Sad\u0131k Albayrak, polisler taraf\u0131ndan d\u00f6v\u00fcld\u00fc. Albayrak&#8217;\u0131n dayaktan kolu k\u0131r\u0131ld\u0131. <\/p>\n","protected":false},"author":1,"featured_media":0,"comment_status":"open","ping_status":"open","sticky":false,"template":"","format":"standard","meta":{"footnotes":""},"categories":[105],"tags":[348,12,347,346,345],"class_list":["post-39141","post","type-post","status-publish","format-standard","hentry","category-gundem","tag-berat-albayrak","tag-recep-tayyip-erdogan","tag-sadik-albayrak","tag-serhat-albayrak","tag-turkuvaz-medya","odd"],"_links":{"self":[{"href":"http:\/\/www.korhanyilmaz.com\/index.php?rest_route=\/wp\/v2\/posts\/39141","targetHints":{"allow":["GET"]}}],"collection":[{"href":"http:\/\/www.korhanyilmaz.com\/index.php?rest_route=\/wp\/v2\/posts"}],"about":[{"href":"http:\/\/www.korhanyilmaz.com\/index.php?rest_route=\/wp\/v2\/types\/post"}],"author":[{"embeddable":true,"href":"http:\/\/www.korhanyilmaz.com\/index.php?rest_route=\/wp\/v2\/users\/1"}],"replies":[{"embeddable":true,"href":"http:\/\/www.korhanyilmaz.com\/index.php?rest_route=%2Fwp%2Fv2%2Fcomments&post=39141"}],"version-history":[{"count":0,"href":"http:\/\/www.korhanyilmaz.com\/index.php?rest_route=\/wp\/v2\/posts\/39141\/revisions"}],"wp:attachment":[{"href":"http:\/\/www.korhanyilmaz.com\/index.php?rest_route=%2Fwp%2Fv2%2Fmedia&parent=39141"}],"wp:term":[{"taxonomy":"category","embeddable":true,"href":"http:\/\/www.korhanyilmaz.com\/index.php?rest_route=%2Fwp%2Fv2%2Fcategories&post=39141"},{"taxonomy":"post_tag","embeddable":true,"href":"http:\/\/www.korhanyilmaz.com\/index.php?rest_route=%2Fwp%2Fv2%2Ftags&post=39141"}],"curies":[{"name":"wp","href":"https:\/\/api.w.org\/{rel}","templated":true}]}}