{"id":39138,"date":"2011-08-27T13:13:25","date_gmt":"2011-08-27T10:13:25","guid":{"rendered":"http:\/\/www.korhanyilmaz.com\/?p=39138"},"modified":"2011-08-27T19:13:27","modified_gmt":"2011-08-27T16:13:27","slug":"bakan-akdag-tam-gun-yasasini-savundu","status":"publish","type":"post","link":"http:\/\/www.korhanyilmaz.com\/?p=39138","title":{"rendered":"Bakan Akda\u011f, tam g\u00fcn yasas\u0131n\u0131 savundu"},"content":{"rendered":"<p style=\"text-align: center;\"><a href=\"http:\/\/www.korhanyilmaz.com\/wp-content\/uploads\/2011\/08\/7062.jpg\"  class=\"lightview\"><img loading=\"lazy\" decoding=\"async\" class=\"aligncenter size-full wp-image-39139\" src=\"http:\/\/www.korhanyilmaz.com\/wp-content\/uploads\/2011\/08\/7062.jpg\" alt=\"\" width=\"384\" height=\"254\" \/><\/a><\/p>\n<p style=\"text-align: justify;\">Sa\u011fl\u0131k Bakan\u0131 Recep Akda\u011f, d\u00fcn bir KHK i\u00e7ine yerle\u015ftirilerek kamuoyundan gizli \u015fekilde y\u00fcr\u00fcrl\u00fc\u011fe sokulan tam g\u00fcn yasas\u0131n\u0131 Erzurum&#8217;da savundu.<\/p>\n<p style=\"text-align: justify;\">ERZURUM &#8211; \u00c7e\u015fitli incelemelerde bulunmak \u00fczere Erzurum&#8217;a gelen Sa\u011fl\u0131k Bakan\u0131 Akda\u011f yapt\u0131\u011f\u0131 a\u00e7\u0131klamada, Adalet Bakanl\u0131\u011f\u0131n\u0131n Te\u015fkilat ve G\u00f6revleri Hakk\u0131nda Kanun H\u00fckm\u00fcnde Kararnamenin De\u011fi\u015ftirilerek Kabul\u00fc Hakk\u0131nda Kanun ile Baz\u0131 Kanun ve Kanun H\u00fckm\u00fcnde Kararnamelerde de\u011fi\u015fiklik yap\u0131lmas\u0131na ili\u015fkin, hi\u00e7 kimsenin milletin iradesinin \u00fczerinde olmad\u0131\u011f\u0131n\u0131 s\u00f6yledi.\u00a0<!--more--><\/p>\n<p style=\"text-align: justify;\">Kararname ile \u00f6nceki yarg\u0131 kararlar\u0131n\u0131n ortadan kald\u0131r\u0131ld\u0131\u011f\u0131n\u0131 savunan T\u00fcrk Tabipleri Birli\u011finin (TTB) iptal davas\u0131 a\u00e7maya haz\u0131rland\u0131\u011f\u0131 y\u00f6n\u00fcndeki iddialara y\u00f6nelik Akda\u011f, \u015f\u00f6yle konu\u015ftu:<\/p>\n<p style=\"text-align: justify;\">\u201cT\u00fcrk Tabipler Birli\u011finin iptal davas\u0131 a\u00e7mak gibi bir yetkisi yok. Onlar CHP ile i\u015fbirli\u011fi yaparak bu i\u015fi yap\u0131yor. Biz millet muayenehanelere mahkum olmas\u0131n, rahat\u00e7a hizmet als\u0131n diye bunu yap\u0131yoruz. Daha \u00f6nce de b\u00f6yle yapm\u0131\u015ft\u0131k. \u0130stiyoruz ki devletin \u00fcniversitesine, devletin hastanesine vatanda\u015f geldi\u011fi zaman ba\u015fka bir adres arama ihtiyac\u0131 duymas\u0131n.\u201d<\/p>\n<p style=\"text-align: justify;\">Vatanda\u015f\u0131n do\u011frudan gitti\u011fi yerden hizmetini almas\u0131 i\u00e7in kanun yapt\u0131klar\u0131n\u0131 ifade eden Akda\u011f, \u201cDo\u011frudan oradan hizmetini als\u0131n. Ben vatanda\u015f olarak bir de muayenehaneye mi ta\u015f\u0131naca\u011f\u0131m, \u00f6zel hastaneye mi ta\u015f\u0131naca\u011f\u0131m? Ne mecburiyetim var. Biz kanunu bunun i\u00e7in yap\u0131yoruz. Vatanda\u015flar\u0131m\u0131z bilsin\u201d dedi.<\/p>\n<p style=\"text-align: justify;\">Daha \u00f6nce de TTB ile CHP&#8217;nin, Sa\u011fl\u0131k Bakanl\u0131\u011f\u0131n\u0131n yapt\u0131\u011f\u0131 bir kanunu Anayasa Mahkemesine g\u00f6t\u00fcrd\u00fc\u011f\u00fcn\u00fc belirten Akda\u011f, \u201cO zaman da bir tak\u0131m s\u0131k\u0131nt\u0131lar \u00e7\u0131km\u0131\u015ft\u0131. \u015eimdi de Tabipler Birli\u011fi ile CHP halka kar\u015f\u0131 i\u015fbirli\u011fi yapacaksa kendisi bilir\u201d diye konu\u015ftu.<\/p>\n<p style=\"text-align: justify;\"><a href=\"http:\/\/www.radikal.com.tr\/Radikal.aspx?aType=RadikalDetayV3&amp;ArticleID=1061563&amp;Date=27.08.2011&amp;CategoryID=78\" target=\"_blank\">Kaynak : Radikal.com.tr<\/a><\/p>\n","protected":false},"excerpt":{"rendered":"<p style=\"text-align: center;\">\n<p style=\"text-align: justify;\">Sa\u011fl\u0131k Bakan\u0131 Recep Akda\u011f, d\u00fcn bir KHK i\u00e7ine yerle\u015ftirilerek kamuoyundan gizli \u015fekilde y\u00fcr\u00fcrl\u00fc\u011fe sokulan tam g\u00fcn yasas\u0131n\u0131 Erzurum&#8217;da savundu.<\/p>\n<p style=\"text-align: justify;\">ERZURUM &#8211; \u00c7e\u015fitli incelemelerde bulunmak \u00fczere Erzurum&#8217;a gelen Sa\u011fl\u0131k Bakan\u0131 Akda\u011f yapt\u0131\u011f\u0131 a\u00e7\u0131klamada, Adalet Bakanl\u0131\u011f\u0131n\u0131n Te\u015fkilat ve G\u00f6revleri Hakk\u0131nda Kanun H\u00fckm\u00fcnde Kararnamenin De\u011fi\u015ftirilerek Kabul\u00fc Hakk\u0131nda Kanun ile Baz\u0131 Kanun <\/p>\n","protected":false},"author":1,"featured_media":0,"comment_status":"open","ping_status":"open","sticky":false,"template":"","format":"standard","meta":{"footnotes":""},"categories":[105],"tags":[],"class_list":["post-39138","post","type-post","status-publish","format-standard","hentry","category-gundem","odd"],"_links":{"self":[{"href":"http:\/\/www.korhanyilmaz.com\/index.php?rest_route=\/wp\/v2\/posts\/39138","targetHints":{"allow":["GET"]}}],"collection":[{"href":"http:\/\/www.korhanyilmaz.com\/index.php?rest_route=\/wp\/v2\/posts"}],"about":[{"href":"http:\/\/www.korhanyilmaz.com\/index.php?rest_route=\/wp\/v2\/types\/post"}],"author":[{"embeddable":true,"href":"http:\/\/www.korhanyilmaz.com\/index.php?rest_route=\/wp\/v2\/users\/1"}],"replies":[{"embeddable":true,"href":"http:\/\/www.korhanyilmaz.com\/index.php?rest_route=%2Fwp%2Fv2%2Fcomments&post=39138"}],"version-history":[{"count":0,"href":"http:\/\/www.korhanyilmaz.com\/index.php?rest_route=\/wp\/v2\/posts\/39138\/revisions"}],"wp:attachment":[{"href":"http:\/\/www.korhanyilmaz.com\/index.php?rest_route=%2Fwp%2Fv2%2Fmedia&parent=39138"}],"wp:term":[{"taxonomy":"category","embeddable":true,"href":"http:\/\/www.korhanyilmaz.com\/index.php?rest_route=%2Fwp%2Fv2%2Fcategories&post=39138"},{"taxonomy":"post_tag","embeddable":true,"href":"http:\/\/www.korhanyilmaz.com\/index.php?rest_route=%2Fwp%2Fv2%2Ftags&post=39138"}],"curies":[{"name":"wp","href":"https:\/\/api.w.org\/{rel}","templated":true}]}}