{"id":39133,"date":"2011-08-27T15:35:41","date_gmt":"2011-08-27T12:35:41","guid":{"rendered":"http:\/\/www.korhanyilmaz.com\/?p=39133"},"modified":"2011-08-27T19:07:38","modified_gmt":"2011-08-27T16:07:38","slug":"kilicdaroglu-hicbir-savci-basbakana-selam-vermis-birine-dava-acamaz","status":"publish","type":"post","link":"http:\/\/www.korhanyilmaz.com\/?p=39133","title":{"rendered":"K\u0131l\u0131\u00e7daro\u011flu: Hi\u00e7bir savc\u0131 Ba\u015fbakan&#8217;a selam vermi\u015f birine dava a\u00e7amaz"},"content":{"rendered":"<p style=\"text-align: center;\"><a href=\"http:\/\/www.korhanyilmaz.com\/wp-content\/uploads\/2011\/08\/7061.jpg\"  class=\"lightview\"><img loading=\"lazy\" decoding=\"async\" class=\"aligncenter size-full wp-image-39134\" src=\"http:\/\/www.korhanyilmaz.com\/wp-content\/uploads\/2011\/08\/7061.jpg\" alt=\"\" width=\"384\" height=\"254\" \/><\/a><\/p>\n<p style=\"text-align: justify;\">CHP Genel Ba\u015fkan\u0131 Kemal K\u0131l\u0131\u00e7daro\u011flu, &#8220;D\u00fcn T\u00fcrkiye&#8217;de yarg\u0131 ba\u011f\u0131ms\u0131zl\u0131\u011f\u0131, hukukun \u00fcst\u00fcnl\u00fc\u011f\u00fc, iktidar eliyle katledilmi\u015ftir, adalet katledilmi\u015ftir&#8221; dedi.<\/p>\n<p style=\"text-align: justify;\">ANKARA &#8211; K\u0131l\u0131\u00e7daro\u011flu, Genel Merkez&#8217;de d\u00fczenledi\u011fi bas\u0131n toplant\u0131s\u0131nda, y\u00fcksek yard\u0131mseverlik duygusunun T\u00fcrk milletinin en \u00f6nemli vas\u0131flar\u0131ndan birisi oldu\u011funu s\u00f6yledi.\u00a0<!--more--><\/p>\n<p style=\"text-align: justify;\">\u201cBizi zor zamanlarda ayakta tutan temel dinamik bu duygudur. Buraya hile kar\u0131\u015ft\u0131r\u0131lmaz. Buraya hile kar\u0131\u015ft\u0131rmak vatana ihanetle e\u015fde\u011fer bir c\u00fcr\u00fcmd\u00fcr\u201d diyen K\u0131l\u0131\u00e7daro\u011flu, \u201cBu milli duyguyu eyleme d\u00f6n\u00fc\u015ft\u00fcren insani yard\u0131m te\u015fkilatlar\u0131n\u0131n, en ufak bir hileye, en ufak bir \u015faibeye ad\u0131n\u0131n kar\u0131\u015fmamas\u0131 gerekir. \u0130\u015fin do\u011fas\u0131 bunu gerektirir. Milli hayat\u0131m\u0131z\u0131n devaml\u0131l\u0131\u011f\u0131 da bunu gerektirir. Bir halka yap\u0131lacak en b\u00fcy\u00fck hakaret ve k\u00f6t\u00fcl\u00fck; onun zekat ad\u0131 alt\u0131nda, fitre, sadaka ad\u0131 alt\u0131nda yapt\u0131\u011f\u0131 ba\u011f\u0131\u015flar\u0131 amac\u0131 d\u0131\u015f\u0131nda kullanmakt\u0131r\u201d ifadelerini kulland\u0131.<\/p>\n<p style=\"text-align: justify;\">Hi\u00e7bir devletin b\u00f6yle bir olguya seyirci kalamayaca\u011f\u0131n\u0131 s\u00f6yleyen K\u0131l\u0131\u00e7daro\u011flu, \u015f\u00f6yle devam etti:<\/p>\n<p style=\"text-align: justify;\">\u201cBiliyorsunuz, Deniz Feneri Derne\u011fi hakk\u0131nda bir dava a\u00e7\u0131ld\u0131. Konuyu \u015fahsen inceledi\u011fim, ara\u015ft\u0131rd\u0131\u011f\u0131m i\u00e7in biliyorum \u00e7ok ciddi delillere dayan\u0131yor. Kald\u0131 ki ayr\u0131ca ortada mahkeme huzurunda yap\u0131lm\u0131\u015f itiraflar da var. Gelin g\u00f6r\u00fcn ki daha dava a\u00e7\u0131lmadan H\u00fck\u00fcmeti bir sanc\u0131 tuttu. Ne kadar e\u011fdiler b\u00fckt\u00fclerse de dava a\u00e7\u0131lmas\u0131na mani olamad\u0131lar. En sonunda d\u00fcn, mahkemeye bakan savc\u0131lar\u0131n g\u00f6revine son verdiler. D\u00fcnyan\u0131n hi\u00e7bir hukuk devletinde b\u00f6yle bir \u015fey olamaz. Y\u00fcr\u00fcmekte olan bir davaya iktidarlar bu \u015fekilde m\u00fcdahale edemezler. Ederlerse kamu vicdan\u0131 aya\u011fa kalkar. \u015eimdi sormak gerekir, Hani T\u00fcrkiye bir hukuk devletiydi? Hani yarg\u0131 ba\u011f\u0131ms\u0131zd\u0131? \u015eayet bu \u00fclkede Ba\u015fbakan&#8217;\u0131n ahbaplar\u0131na dokunulam\u0131yorsa ne hukuk vard\u0131r ne de yarg\u0131 ba\u011f\u0131ms\u0131zl\u0131\u011f\u0131&#8230;Ben iddia ediyorum, bundan b\u00f6yle hi\u00e7bir savc\u0131 Ba\u015fbakan&#8217;a selam vermi\u015f birine dava a\u00e7amaz, hi\u00e7bir hakim ceza veremez.\u201d<\/p>\n<p style=\"text-align: justify;\">Olup bitelere m\u00fcnferit bir olay g\u00f6z\u00fcyle bak\u0131lmamas\u0131 gerekti\u011fini ifade eden K\u0131l\u0131\u00e7daro\u011flu, \u201cBu olay, hukukun \u00fcst\u00fcnl\u00fc\u011f\u00fc ve yarg\u0131 ba\u011f\u0131ms\u0131zl\u0131\u011f\u0131na dayal\u0131 vatanda\u015fl\u0131k garantilerimizi ortadan kald\u0131ran bir olayd\u0131r. Bu olay, AB \u0130lerleme Raporlar\u0131na kadar girmi\u015f bir olayd\u0131r. \u00c7\u00fcnk\u00fc Avrupa&#8217;da bu olay &#8216;y\u00fczy\u0131l\u0131n yolsuzlu\u011fu&#8217; olarak adland\u0131r\u0131lmaktad\u0131r\u201d dedi.<\/p>\n<p style=\"text-align: justify;\">\u201cBu olay\u0131n ortaya koydu\u011fu bir di\u011fer ger\u00e7ek de say\u0131n Ba\u015fbakan&#8217;\u0131n \u00e7a\u011fda\u015f uygarl\u0131\u011f\u0131n adam\u0131 olmad\u0131\u011f\u0131 ger\u00e7e\u011fidir. Kendisini hukukun da yarg\u0131n\u0131n da \u00fcst\u00fcnde g\u00f6ren bir Ba\u015fbakan, 21. y\u00fczy\u0131l T\u00fcrkiye&#8217;sinin ba\u015fbakan\u0131 olamaz\u201d iddias\u0131nda bulunan K\u0131l\u0131\u00e7daro\u011flu, \u015funlar\u0131 kaydetti:<\/p>\n<p style=\"text-align: justify;\">\u201cSay\u0131n Ba\u015fbakan ve Say\u0131n Adalet Bakan\u0131 bu i\u015fe neden burunlar\u0131n\u0131 soktuklar\u0131n\u0131 kamuoyuna a\u00e7\u0131klamal\u0131d\u0131r. Ben \u015fimdi bize gelen duyumlar\u0131 say\u0131n Ba\u015fbakan&#8217;a soruyorum: Vaktiyle Deniz Feneri Derne\u011fi \u00fczerinden olu\u015fturulan fonlarla bir ili\u015fkiniz var m\u0131yd\u0131, yok muydu? Bir bilginiz var m\u0131yd\u0131, yok muydu? Savc\u0131lar\u0131n g\u00f6revden al\u0131nmas\u0131n\u0131n, davan\u0131n san\u0131klar\u0131ndan birisinin bir \u015feyler yap\u0131lmazsa konu\u015faca\u011f\u0131 tehdidiyle bir ilgisi var m\u0131, yok mu? Kanal 7&#8217;de arama yap\u0131laca\u011f\u0131n\u0131 Kanal 7&#8217;ye bildiren k\u00f6stebek kim? Bu, size \u00e7ok yak\u0131n \u00e7al\u0131\u015fan bir \u00e7al\u0131\u015fma arkada\u015f\u0131n\u0131z m\u0131? Savc\u0131lar\u0131n g\u00f6revden al\u0131nmas\u0131n\u0131n arkas\u0131nda bu ger\u00e7eklerin ortaya \u00e7\u0131kmas\u0131ndan duydu\u011funuz tela\u015f m\u0131 var? Bu y\u00fcz k\u0131zart\u0131c\u0131 su\u00e7u i\u015fledi\u011fi ileri s\u00fcr\u00fclenlerle ne t\u00fcr bir kader ortakl\u0131\u011f\u0131n\u0131z oldu ki davay\u0131 a\u00e7\u0131k\u00e7a \u00f6rt bas etmeye \u00e7al\u0131\u015f\u0131yorsunuz? Neden korkuyorsunuz Say\u0131n Ba\u015fbakan, neyin a\u00e7\u0131\u011fa \u00e7\u0131kmas\u0131ndan korkuyorsunuz? Deniz Feneri Derne\u011fiyle ilgili bir \u015faibe hen\u00fcz a\u00e7\u0131kl\u0131\u011fa kavu\u015fmam\u0131\u015fken, bir \u015faibe de h\u00fck\u00fcmet eliyle yarat\u0131lm\u0131\u015ft\u0131r. H\u00fck\u00fcmetin bu pani\u011fi bu tela\u015f\u0131 hayra alamet de\u011fildir. Turpun b\u00fcy\u00fc\u011f\u00fc heybede duruyor. Tedarik\u00e7i firmalar\u0131 kimdir? Bu firmalardan hangi fiyatlarla mal al\u0131nm\u0131\u015ft\u0131r? Bu firmalarla dernek y\u00f6neticileri aras\u0131nda nas\u0131l bir ili\u015fki var? \u0130\u015fin arkas\u0131nda daha ba\u015fka kimler var? Millet ad\u0131na hepsinin ayd\u0131nlat\u0131lmas\u0131n\u0131 istemek demokrasinin, uygar olman\u0131n, ahlak\u0131n temel kural\u0131 de\u011fil midir?<\/p>\n<p style=\"text-align: justify;\">Say\u0131n Erdo\u011fan&#8217;\u0131n bu t\u00fcr olaylarda kulland\u0131\u011f\u0131 bir c\u00fcmle var, &#8216;\u0130\u015fin ucu kime \u00e7\u0131karsa \u00e7\u0131ks\u0131n, nereye dokunursa dokunsun \u00fczerine gidece\u011fiz.&#8217; Ama Deniz Feneri olunca hay\u0131r. Peki, Say\u0131n Erdo\u011fan bu olayda i\u015fin ucu acaba size mi dokunuyor? D\u00fcn T\u00fcrkiye&#8217;de yarg\u0131 ba\u011f\u0131ms\u0131zl\u0131\u011f\u0131, hukukun \u00fcst\u00fcnl\u00fc\u011f\u00fc, iktidar eliyle katledilmi\u015ftir, adalet katledilmi\u015ftir.\u201d<\/p>\n<p style=\"text-align: justify;\"><strong>\u201cB\u0130Z D\u00dcNK\u00dc DEVLET DE\u011e\u0130L\u0130Z. A\u015e\u0130RET DEVLET\u0130 DE\u011e\u0130L\u0130Z\u201d<\/strong><\/p>\n<p style=\"text-align: justify;\">K\u0131l\u0131\u00e7daro\u011flu, ge\u00e7ti\u011fimiz g\u00fcnlerde ya\u015fanan bir olayla, \u201ckanunsuz dinlemelerin, Genelkurmay Ba\u015fkan\u0131&#8217;na ve onun \u00e7al\u0131\u015fma ofisine kadar uzand\u0131\u011f\u0131n\u0131 g\u00f6rd\u00fcklerini\u201d s\u00f6yledi.<\/p>\n<p style=\"text-align: justify;\">\u201cMe\u011fer en mahrem kurumlar\u0131m\u0131z\u0131n \u00e7al\u0131\u015fma ofisleri yol ge\u00e7en han\u0131na d\u00f6nm\u00fc\u015f. Me\u011fer devletin en mahrem toplant\u0131lar\u0131na sokulan bir &#8216;uzun kulak&#8217;, oradan Allah bilir nerelere yay\u0131n yap\u0131yormu\u015f da bizim haberimiz yokmu\u015f\u201d diyen K\u0131l\u0131\u00e7daro\u011flu, \u015funlar\u0131 s\u00f6yledi:<\/p>\n<p style=\"text-align: justify;\">\u201cHerkes konu\u015fman\u0131n i\u00e7eri\u011fine tak\u0131ld\u0131 kald\u0131. Ya\u015fad\u0131\u011f\u0131m\u0131z ay\u0131plar nedeniyle \u00e7ok bilinmeyenli bir denklemle kar\u015f\u0131 kar\u015f\u0131yay\u0131z. Bu dinlemeyi yapan kim, bilmiyoruz. Daha b\u00f6yle ka\u00e7 toplant\u0131 dinlendi, bilmiyoruz. O toplant\u0131lar\u0131n konusu neydi, bilmiyoruz. Buradan al\u0131nan bilgiler i\u00e7erde d\u0131\u015far\u0131da kimlere servis edildi, bilmiyoruz. B\u0131rak\u0131n bu cevaplar\u0131 bilmeyi, bu sorular\u0131 sormay\u0131 ak\u0131l eden bir Allah&#8217;\u0131n kulu \u00e7\u0131kt\u0131 m\u0131? Hay\u0131r \u00e7\u0131kmad\u0131. Biz d\u00fcnk\u00fc devlet de\u011filiz. A\u015firet devleti de\u011filiz, muz cumhuriyeti de\u011filiz. Bu dinlenen toplant\u0131larda \u00fcst d\u00fczey g\u00fcvenlik sorunlar\u0131n\u0131n tart\u0131\u015f\u0131ld\u0131\u011f\u0131n\u0131 d\u00fc\u015f\u00fcn\u00fcn, ter\u00f6rle m\u00fccadelenin kritik evlerinin tart\u0131\u015f\u0131ld\u0131\u011f\u0131n\u0131 d\u00fc\u015f\u00fcn\u00fcn. Sonra da bu bilgilerin ter\u00f6r \u00f6rg\u00fctlerine, ya da yabanc\u0131 devletlere servis edildi\u011fini d\u00fc\u015f\u00fcn\u00fcn&#8230;\u201d<\/p>\n<p style=\"text-align: justify;\">G\u00fcnlerdir Ba\u015fbakan&#8217;dan \u201cY\u00fcre\u011fimize su serpsin\u201d diye bir a\u00e7\u0131klama bekledi\u011fini anlatan K\u0131l\u0131\u00e7daro\u011flu, \u201cUmurunda de\u011fil\u201d ifadesini kulland\u0131.<\/p>\n<p style=\"text-align: justify;\">Bir H\u00fck\u00fcmet yetkilisinin, \u201cBu konu\u015fmalar bizim yapt\u0131\u011f\u0131m\u0131z atamalar\u0131n ne kadar isabetli oldu\u011funu ortaya koymu\u015ftur\u201d dedi\u011fini savunan K\u0131l\u0131\u00e7daro\u011flu, \u015f\u00f6yle devam etti:<\/p>\n<p style=\"text-align: justify;\">\u201cNe anlama geliyor bu? Demek ki o atamalar\u0131 yaparken bu konu\u015fmalara vak\u0131ft\u0131n\u0131z. Bu kasetler elinizdeydi. Say\u0131n Ba\u015fbakan susuyor. Kendi yak\u0131nlar\u0131n\u0131n k\u0131l\u0131na zarar geldi\u011finde aslan kesilen say\u0131n Recep Tayyip Erdo\u011fan, devletin gizli toplant\u0131lar\u0131, gizli konu\u015fmalar\u0131 i\u015fportaya d\u00fc\u015ferken susuyor. Zannediyor ki bu problem sadece TSK&#8217;y\u0131 ilgilendirir. Devlet hayat\u0131m\u0131z\u0131n ciddiyeti, ulusal g\u00fcvenli\u011fimiz, beka sorunumuz bu Ba\u015fbakan\u0131 ilgilendirmiyor. Ama &#8216;Deniz Feneri&#8217;ndeki &#8216;ak\u00e7al\u0131 dalavereler&#8217; bu Ba\u015fbakan\u0131 ilgilendiriyor. \u00c7\u0131km\u0131\u015flar pi\u015fkin pi\u015fkin, &#8216;yabanc\u0131 servisler dinlemi\u015ftir&#8217; diyorlar. Ben \u015fimdi soruyorum, bu yabanc\u0131 servisler herkesi dinliyor da siz neden nal topluyorsunuz? Bunlar\u0131 biliyorsunuz da neden \u00f6nlem alm\u0131yorsunuz? Asl\u0131nda ortaya \u00e7\u0131kan bir tablo var. Yalan s\u00f6ylemeyi b\u0131rak\u0131n Say\u0131n Ba\u015fbakan, b\u00fct\u00fcn bu kanunsuz dinlemelerin arkas\u0131nda sizin sessiz deste\u011finiz var. Onun i\u00e7in bug\u00fcne kadar hep ipe un serdiniz. \u0130nsanlar ma\u011fdur edilirken, kurumlar\u0131n sayg\u0131nl\u0131\u011f\u0131 ve g\u00fcvenilirli\u011fi ayaklar alt\u0131na al\u0131n\u0131rken, bug\u00fcne kadar kafan\u0131z\u0131 hep ba\u015fka tarafa \u00e7evirdiniz.\u201d<\/p>\n<p style=\"text-align: justify;\">\u201cKurumlar\u0131 birbirine tuzak kuran bir devletin, devlet olamayaca\u011f\u0131n\u0131\u201d ifade eden K\u0131l\u0131\u00e7daro\u011flu, \u201cB\u00f6yle devlet mi y\u00f6netilir? Bu olay d\u00fcnyan\u0131n neresinde ya\u015fansa yer yerinden oynard\u0131. Bizde vakay\u0131 adiyeden say\u0131l\u0131yor. \u00c7\u00fcnk\u00fc kepazeli\u011fin her t\u00fcrl\u00fcs\u00fcn\u00fc kan\u0131ksad\u0131k. Bu b\u00f6yle gitmez Say\u0131n Ba\u015fbakan. Ya koruman\u0131z gereken de\u011ferleri korursunuz ya da hukuki sorumlulu\u011funuz do\u011far. Yanl\u0131\u015f yoldas\u0131n\u0131z Say\u0131n Ba\u015fbakan. Bu \u00fclkeyi tek parti g\u00f6mle\u011fine, tek parti perspektifine s\u0131\u011fd\u0131ramazs\u0131n\u0131z; tek parti hegemonyas\u0131na itaat ettiremezsiniz. \u0130stedi\u011finiz kadar dinleyin, dinletin. \u0130stedi\u011finiz kadar ortal\u0131\u011fa korku sal\u0131n. demokrasinin, hukukun, insan haklar\u0131n\u0131n, \u00f6zg\u00fcrl\u00fc\u011f\u00fcn tad\u0131n\u0131 alm\u0131\u015f bir toplumu korkunun esiri yapamazs\u0131n\u0131z\u201d ifadelerini kulland\u0131.<\/p>\n<p style=\"text-align: justify;\"><a href=\"http:\/\/www.radikal.com.tr\/Radikal.aspx?aType=RadikalDetayV3&amp;ArticleID=1061572&amp;Date=27.08.2011&amp;CategoryID=78\" target=\"_blank\">Kaynak : Radikal.com.tr<\/a><\/p>\n","protected":false},"excerpt":{"rendered":"<p style=\"text-align: center;\">\n<p style=\"text-align: justify;\">CHP Genel Ba\u015fkan\u0131 Kemal K\u0131l\u0131\u00e7daro\u011flu, &#8220;D\u00fcn T\u00fcrkiye&#8217;de yarg\u0131 ba\u011f\u0131ms\u0131zl\u0131\u011f\u0131, hukukun \u00fcst\u00fcnl\u00fc\u011f\u00fc, iktidar eliyle katledilmi\u015ftir, adalet katledilmi\u015ftir&#8221; dedi.<\/p>\n<p style=\"text-align: justify;\">ANKARA &#8211; K\u0131l\u0131\u00e7daro\u011flu, Genel Merkez&#8217;de d\u00fczenledi\u011fi bas\u0131n toplant\u0131s\u0131nda, y\u00fcksek yard\u0131mseverlik duygusunun T\u00fcrk milletinin en \u00f6nemli vas\u0131flar\u0131ndan birisi oldu\u011funu s\u00f6yledi. <\/p>\n","protected":false},"author":1,"featured_media":0,"comment_status":"open","ping_status":"open","sticky":false,"template":"","format":"standard","meta":{"footnotes":""},"categories":[105],"tags":[],"class_list":["post-39133","post","type-post","status-publish","format-standard","hentry","category-gundem","odd"],"_links":{"self":[{"href":"http:\/\/www.korhanyilmaz.com\/index.php?rest_route=\/wp\/v2\/posts\/39133","targetHints":{"allow":["GET"]}}],"collection":[{"href":"http:\/\/www.korhanyilmaz.com\/index.php?rest_route=\/wp\/v2\/posts"}],"about":[{"href":"http:\/\/www.korhanyilmaz.com\/index.php?rest_route=\/wp\/v2\/types\/post"}],"author":[{"embeddable":true,"href":"http:\/\/www.korhanyilmaz.com\/index.php?rest_route=\/wp\/v2\/users\/1"}],"replies":[{"embeddable":true,"href":"http:\/\/www.korhanyilmaz.com\/index.php?rest_route=%2Fwp%2Fv2%2Fcomments&post=39133"}],"version-history":[{"count":0,"href":"http:\/\/www.korhanyilmaz.com\/index.php?rest_route=\/wp\/v2\/posts\/39133\/revisions"}],"wp:attachment":[{"href":"http:\/\/www.korhanyilmaz.com\/index.php?rest_route=%2Fwp%2Fv2%2Fmedia&parent=39133"}],"wp:term":[{"taxonomy":"category","embeddable":true,"href":"http:\/\/www.korhanyilmaz.com\/index.php?rest_route=%2Fwp%2Fv2%2Fcategories&post=39133"},{"taxonomy":"post_tag","embeddable":true,"href":"http:\/\/www.korhanyilmaz.com\/index.php?rest_route=%2Fwp%2Fv2%2Ftags&post=39133"}],"curies":[{"name":"wp","href":"https:\/\/api.w.org\/{rel}","templated":true}]}}