{"id":39128,"date":"2011-08-27T18:43:02","date_gmt":"2011-08-27T15:43:02","guid":{"rendered":"http:\/\/www.korhanyilmaz.com\/?p=39128"},"modified":"2011-08-27T19:03:28","modified_gmt":"2011-08-27T16:03:28","slug":"kosanerden-o-ses-kayitlarina-aciklama","status":"publish","type":"post","link":"http:\/\/www.korhanyilmaz.com\/?p=39128","title":{"rendered":"Ko\u015faner&#8217;den o ses kay\u0131tlar\u0131na a\u00e7\u0131klama"},"content":{"rendered":"<p style=\"text-align: center;\"><a href=\"http:\/\/www.korhanyilmaz.com\/wp-content\/uploads\/2011\/08\/7060.jpg\"  class=\"lightview\"><img loading=\"lazy\" decoding=\"async\" class=\"aligncenter size-full wp-image-39129\" src=\"http:\/\/www.korhanyilmaz.com\/wp-content\/uploads\/2011\/08\/7060.jpg\" alt=\"\" width=\"384\" height=\"254\" \/><\/a><\/p>\n<p style=\"text-align: justify;\">Eski Genelkurmay Ba\u015fkan\u0131 Emekli Orgeneral I\u015f\u0131k Ko\u015faner, bir yabanc\u0131 internet sitesinde kendisine ait ses kay\u0131tlar\u0131n\u0131n yay\u0131mlanmas\u0131yla ilgili olarak, &#8220;kimseden ka\u00e7\u0131rd\u0131\u011f\u0131m\u0131z, saklad\u0131\u011f\u0131m\u0131z ve gizledi\u011fimiz konular de\u011fildir&#8221; ifadelerini kulland\u0131.<!--more--><\/p>\n<p style=\"text-align: justify;\">Eski Genelkurmay Ba\u015fkan\u0131 Emekli Orgeneral I\u015f\u0131k Ko\u015faner, bir yabanc\u0131 internet sitesinde kendisine ait ses kay\u0131tlar\u0131n\u0131n yay\u0131mlanmas\u0131yla ilgili olarak, &#8220;\u0130fade edilen konular\u0131n tamam\u0131, devletin ilgili kurullar\u0131nda \u00fcst d\u00fczey devlet yetkilileriyle yapt\u0131\u011f\u0131m g\u00f6r\u00fc\u015fmelerde de kendileriyle payla\u015ft\u0131\u011f\u0131m, hukuki olarak gere\u011finin yap\u0131lmas\u0131 i\u00e7in emir verdi\u011fim konulard\u0131r. Kimseden ka\u00e7\u0131rd\u0131\u011f\u0131m\u0131z, saklad\u0131\u011f\u0131m\u0131z ve gizledi\u011fimiz konular de\u011fildir&#8221; ifadelerini kulland\u0131.<\/p>\n<p style=\"text-align: justify;\">Ko\u015faner, yapt\u0131\u011f\u0131 yaz\u0131l\u0131 a\u00e7\u0131klamada, g\u00f6rev s\u00fcresi i\u00e7erisinde T\u00fcrk Silahl\u0131 Kuvvetlerine (TSK) y\u00f6nelik yo\u011fun sald\u0131r\u0131lar\u0131n oldu\u011fu d\u00f6nemde, \u00e7e\u015fitli birlikleri ziyaret etti\u011fini ve bir k\u0131sm\u0131 ses kay\u0131tlar\u0131nda da yer alan konu\u015fmalar\u0131 yapt\u0131\u011f\u0131n\u0131 ifade etti.<\/p>\n<p style=\"text-align: justify;\">Ancak bu konu\u015fmalar\u0131n, vicdan sahibi baz\u0131 yazarlar\u0131n da belirtti\u011fi gibi bir &#8220;itiraf&#8221; de\u011fil, tamamen bir &#8220;\u00f6zele\u015ftiri&#8221; ve TSK&#8217;n\u0131n gelece\u011fi a\u00e7\u0131s\u0131ndan \u00f6nemli g\u00f6rd\u00fc\u011f\u00fc baz\u0131 konularda personelin dikkatini \u00e7ekme, son derece hassas bir d\u00f6nemde hata yapmamalar\u0131 konusunda kendilerini uyarma ve motive etmeye y\u00f6nelik oldu\u011fu belirtti.<\/p>\n<p style=\"text-align: justify;\"><strong>&#8220;Gizledi\u011fimiz konular de\u011fil&#8221;\u00a0<\/strong><\/p>\n<p style=\"text-align: justify;\">Ko\u015faner a\u00e7\u0131klamas\u0131nda \u015funlar\u0131 kaydetti: &#8220;\u0130fade edilen hususlar zaten kurum i\u00e7inde tart\u0131\u015ft\u0131\u011f\u0131m\u0131z, \u00f6zele\u015ftirisini yapt\u0131\u011f\u0131m\u0131z, hatalardan dersler \u00e7\u0131karmaya y\u00f6nelik bir \u00e7aban\u0131n sonu\u00e7lar\u0131d\u0131r. \u0130fade edilen konular\u0131n tamam\u0131, devletin ilgili kurullar\u0131nda \u00fcst d\u00fczey devlet yetkilileriyle yapt\u0131\u011f\u0131m g\u00f6r\u00fc\u015fmelerde de kendileriyle payla\u015ft\u0131\u011f\u0131m, hukuki olarak gere\u011finin yap\u0131lmas\u0131 i\u00e7in emir verdi\u011fim konulard\u0131r. Kimseden ka\u00e7\u0131rd\u0131\u011f\u0131m\u0131z, saklad\u0131\u011f\u0131m\u0131z ve gizledi\u011fimiz konular de\u011fildir.<\/p>\n<p style=\"text-align: justify;\">\u0130fadelerde zaman zaman marjinelle\u015fen uslup ise baz\u0131 noktalar\u0131n dramitize edilerek, dinleyicilerin dikkatlerini \u00e7ekilmesine y\u00f6nelik bir gayretin \u00fcr\u00fcn\u00fcd\u00fcr. Bir k\u0131s\u0131m medya taraf\u0131ndan abart\u0131lan, istismar b\u00f6l\u00fcmler de bu b\u00f6l\u00fcmlerdir. Unutulmamal\u0131d\u0131r ki samimiyet i\u00e7eren, kibirden uzak ve gerekti\u011finde can\u0131 ac\u0131tan \u00f6zele\u015ftiri de bir erdemdir. Ancak bir insan\u0131n hatta bir kurumun kendi i\u00e7inde yapt\u0131\u011f\u0131 bu \u00f6zele\u015ftiriyi izinsiz olarak kaydedip, yay\u0131nlamak ise ahlaks\u0131zl\u0131k ve hukuksuzluktur.<\/p>\n<p style=\"text-align: justify;\"><strong>&#8220;A\u00e7\u0131klamalar\u0131m\u0131n arkas\u0131nday\u0131m&#8221;\u00a0<\/strong><\/p>\n<p style=\"text-align: justify;\">D\u00fcn oldu\u011fu gibi bug\u00fcn de bu a\u00e7\u0131klamalar\u0131n noktas\u0131na ve virg\u00fcl\u00fcne kadar arkas\u0131nday\u0131m. Ancak \u00fcz\u00fcnt\u00fcm, konu\u015fmalar\u0131m\u0131n \u00e7arp\u0131t\u0131larak kamuoyuna sunulmas\u0131 ve ald\u0131\u011f\u0131m karar nedeniyle \u015fahs\u0131m\u0131n gayr\u0131 ahlaki ve hukuki bir tart\u0131\u015fman\u0131n i\u00e7ine \u00e7ekilmeye \u00e7al\u0131\u015f\u0131lmas\u0131d\u0131r. Ancak buna alet olmayaca\u011f\u0131m.<\/p>\n<p style=\"text-align: justify;\">\u0130ddia edilenin aksine ifadelerde hukuka ayk\u0131r\u0131, hukuk d\u0131\u015f\u0131, tek bir c\u00fcmle yoktur. Ele\u015ftirel anlamda maksat\u0131 a\u015fan ifadeler benzetmeler olabilir, nitekim gazetecilerle ilgili ifadeler bu \u00e7er\u00e7evede de\u011ferlendirilebilir. Ancak bu kinayeli ifadelerin maksad\u0131 da TSK&#8217;ya kar\u015f\u0131 devam eden bu s\u00fcre\u00e7te medyan\u0131n rol\u00fcyle ilgili dinleyicilerin dikkatlerini \u00e7ekmekti. Bu ifadeler kesinlikle hakaret ama\u00e7l\u0131 s\u00f6ylenmemi\u015ftir.&#8221;<\/p>\n<p style=\"text-align: justify;\">Ko\u015faner, &#8220;Ses kay\u0131tlar\u0131nda &#8216;Balyoz belgelerinin \u00e7ald\u0131r\u0131lmas\u0131&#8217; ifadesi kesinlikle yer almamaktad\u0131r. \u0130fade edilen, o tarihlerde icra edilen plan seminerine y\u00f6nelik ses kayd\u0131 ve bir k\u0131s\u0131m bilgi ve belgelere ili\u015fkindir&#8221; ifadelerine yer verdi.<\/p>\n<p style=\"text-align: justify;\"><a href=\"http:\/\/www.cnnturk.com\/2011\/turkiye\/08\/27\/kosanerden.o.ses.kayitlarina.aciklama\/627518.0\/index.html\" target=\"_blank\">Kaynak : CNN T\u00dcRK<\/a><\/p>\n","protected":false},"excerpt":{"rendered":"<p style=\"text-align: center;\">\n<p style=\"text-align: justify;\">Eski Genelkurmay Ba\u015fkan\u0131 Emekli Orgeneral I\u015f\u0131k Ko\u015faner, bir yabanc\u0131 internet sitesinde kendisine ait ses kay\u0131tlar\u0131n\u0131n yay\u0131mlanmas\u0131yla ilgili olarak, &#8220;kimseden ka\u00e7\u0131rd\u0131\u011f\u0131m\u0131z, saklad\u0131\u011f\u0131m\u0131z ve gizledi\u011fimiz konular de\u011fildir&#8221; ifadelerini kulland\u0131.<\/p>\n","protected":false},"author":1,"featured_media":0,"comment_status":"open","ping_status":"open","sticky":false,"template":"","format":"standard","meta":{"footnotes":""},"categories":[105],"tags":[],"class_list":["post-39128","post","type-post","status-publish","format-standard","hentry","category-gundem","odd"],"_links":{"self":[{"href":"http:\/\/www.korhanyilmaz.com\/index.php?rest_route=\/wp\/v2\/posts\/39128","targetHints":{"allow":["GET"]}}],"collection":[{"href":"http:\/\/www.korhanyilmaz.com\/index.php?rest_route=\/wp\/v2\/posts"}],"about":[{"href":"http:\/\/www.korhanyilmaz.com\/index.php?rest_route=\/wp\/v2\/types\/post"}],"author":[{"embeddable":true,"href":"http:\/\/www.korhanyilmaz.com\/index.php?rest_route=\/wp\/v2\/users\/1"}],"replies":[{"embeddable":true,"href":"http:\/\/www.korhanyilmaz.com\/index.php?rest_route=%2Fwp%2Fv2%2Fcomments&post=39128"}],"version-history":[{"count":0,"href":"http:\/\/www.korhanyilmaz.com\/index.php?rest_route=\/wp\/v2\/posts\/39128\/revisions"}],"wp:attachment":[{"href":"http:\/\/www.korhanyilmaz.com\/index.php?rest_route=%2Fwp%2Fv2%2Fmedia&parent=39128"}],"wp:term":[{"taxonomy":"category","embeddable":true,"href":"http:\/\/www.korhanyilmaz.com\/index.php?rest_route=%2Fwp%2Fv2%2Fcategories&post=39128"},{"taxonomy":"post_tag","embeddable":true,"href":"http:\/\/www.korhanyilmaz.com\/index.php?rest_route=%2Fwp%2Fv2%2Ftags&post=39128"}],"curies":[{"name":"wp","href":"https:\/\/api.w.org\/{rel}","templated":true}]}}