{"id":39028,"date":"2011-08-26T19:02:27","date_gmt":"2011-08-26T16:02:27","guid":{"rendered":"http:\/\/www.korhanyilmaz.com\/?p=39028"},"modified":"2011-11-16T16:10:05","modified_gmt":"2011-11-16T14:10:05","slug":"kart-bakanliklarda-illegal-karargah-var","status":"publish","type":"post","link":"http:\/\/www.korhanyilmaz.com\/?p=39028","title":{"rendered":"Kart: Bakanl\u0131klarda illegal karargah var"},"content":{"rendered":"<p style=\"text-align: center;\"><a href=\"http:\/\/www.korhanyilmaz.com\/wp-content\/uploads\/2011\/08\/7050.jpg\"  class=\"lightview\"><img loading=\"lazy\" decoding=\"async\" class=\"aligncenter size-full wp-image-39029\" src=\"http:\/\/www.korhanyilmaz.com\/wp-content\/uploads\/2011\/08\/7050.jpg\" alt=\"\" width=\"320\" height=\"240\" \/><\/a><\/p>\n<p style=\"text-align: justify;\">CHP Konya Milletvekili Atilla Kart, \u0130\u00e7i\u015fleri Bakanl\u0131\u011f\u0131, Adalet Bakanl\u0131\u011f\u0131 ve Ba\u015fbakanl\u0131k b\u00fcnyesinde illegal karargah kuruldu\u011funu iddia ederek, \u201c\u0130llegal karargah T\u00fcrkiye\u2019nin g\u00fcndemini, yarg\u0131n\u0131n g\u00fcndemini, siyasetin g\u00fcndemini 2005-2006 y\u0131l\u0131ndan bu yana belirliyor\u201d dedi.\u00a0<!--more--><\/p>\n<p style=\"text-align: justify;\">Kart, \u201cDeniz Feneri\u2019ndeki panik ve 1 milyar dolarl\u0131k k\u00f6m\u00fcr yolsuzlu\u011fu dosyas\u0131n\u0131n ak\u0131beti\u201d konulu TBMM&#8217;de bas\u0131n toplant\u0131s\u0131 d\u00fczenledi.<\/p>\n<p style=\"text-align: justify;\">AKP Grup Ba\u015fkanvekili Nurettin Canikli\u2019nin, eski Genelkurmay Ba\u015fkan\u0131 Ko\u015faner\u2019e ait oldu\u011fu iddia edilen ses kayd\u0131 i\u00e7in, \u201cYabanc\u0131 istihbarat yapm\u0131\u015f olabilir, ne yapal\u0131m\u201d dedi\u011fini belirten Kart, \u015f\u00f6yle dedi: \u201cYabanc\u0131 istihbarat gelip senin Genelkurmay\u0131n\u0131 dinliyorsa, Genelkurmay karargah\u0131n\u0131 dinliyorsa sen buna kar\u015f\u0131 bir \u015fey yapmayacak m\u0131s\u0131n? Sen \u0130\u00e7i\u015fleri Bakanl\u0131\u011f\u0131, Adalet Bakanl\u0131\u011f\u0131 ve Ba\u015fbakanl\u0131k b\u00fcnyesinde illegal karargah kurdun. \u0130llegal karargah T\u00fcrkiye\u2019nin g\u00fcndemini, yarg\u0131n\u0131n g\u00fcndemini, siyasetin g\u00fcndemini 2005-2006 y\u0131l\u0131ndan bu yana belirliyor.\u201d<\/p>\n<p style=\"text-align: justify;\"><strong>&#8220;POL\u0130S DEVLET\u0130 ERDO\u011eAN&#8217;I A\u015eTI&#8221;<\/strong><\/p>\n<p style=\"text-align: justify;\">\u201cKim dinleniyor, Genelkurmay Ba\u015fkan\u0131 dinleniyor, Karargah dinleniyor. O karargah\u0131n ba\u015fkomutan\u0131 kim? Devletin ba\u015f\u0131 olan Cumhurba\u015fkan\u0131\u2019n\u0131n bu s\u00fcre\u00e7te a\u011fz\u0131n\u0131 a\u00e7t\u0131\u011f\u0131n\u0131 duydunuz mu? Cumhurba\u015fkan\u0131 ba\u015fkomutan\u0131 oldu\u011fu karargah\u0131n dinlenmesinden rahats\u0131z de\u011fil mi\u201d diye soran Kart, \u015fu soruyu sordu:<\/p>\n<p style=\"text-align: justify;\">\u201cDinleyenleri, mekanizmay\u0131 ortaya \u00e7\u0131karmak i\u00e7in Cumhurba\u015fkan\u0131 neden harekete ge\u00e7miyor? Sorgulamam\u0131z gereken bu de\u011fil mi?&#8221;<\/p>\n<p style=\"text-align: justify;\">S\u00f6z konusu illegal mekanizman\u0131n Ba\u015fbakan\u2019\u0131 da kontrol eder haline geldi\u011fini iddia eden Kart, \u201cErdo\u011fan \u00f6zel timini kurmaktan \u00f6te parti devletini kurdu, polis devletini kurdu. Ama o polis devleti art\u0131k Erdo\u011fan\u2019\u0131n da inisiyatifinde de\u011fil. Onu da a\u015ft\u0131. O mekanizma art\u0131k onu da kontrol eder haline geldi\u201d dedi.<\/p>\n<p style=\"text-align: justify;\"><strong>Deniz Feneri&#8217;nde neden paniklediler?<\/strong><\/p>\n<p style=\"text-align: justify;\">A\u00e7\u0131klamas\u0131n\u0131n Deniz Feneri soru\u015fturmas\u0131yla ilgili k\u0131sm\u0131nda ise, Kart \u201cBirilerine elden milyon eurolar\u0131n ula\u015ft\u0131r\u0131ld\u0131\u011f\u0131n\u0131n ortaya \u00e7\u0131kaca\u011f\u0131ndan m\u0131 endi\u015fe edilmektedir\u201d diye sordu. Kart, \u015funlar\u0131 kaydetti: \u201cBakanl\u0131k kararl\u0131 bir \u015fekilde soru\u015fturmay\u0131 akamete u\u011fratmak istiyor. Peki Adalet Bakanl\u0131\u011f\u0131 neden panikliyor? Neden soru\u015fturmaya s\u0131k s\u0131k ve \u00f6zel olarak m\u00fcdahale etmek gere\u011fini duyuyor? Bu savc\u0131lar, Bakanl\u0131\u011f\u0131n n\u00fcfuz suistimali yaparak yapt\u0131klar\u0131 m\u00fcdahalelere ra\u011fmen hukuku uygulamaya \u00e7al\u0131\u015ft\u0131lar. Gelinen a\u015famada Bakanl\u0131\u011f\u0131n, bu delillerin bir yerlere uzanaca\u011f\u0131ndan endi\u015fe etti\u011fini g\u00f6r\u00fcyoruz. Ayr\u0131ca mevcut \u015f\u00fcphelilerin \u00e7\u00f6z\u00fclece\u011finden de endi\u015fe edildi\u011fi anla\u015f\u0131lmaktad\u0131r. Birilerine elden milyon eurolar\u0131n ula\u015ft\u0131r\u0131ld\u0131\u011f\u0131n\u0131n ortaya \u00e7\u0131kaca\u011f\u0131ndan m\u0131 endi\u015fe edilmektedir? Bakanl\u0131\u011f\u0131n panik ve m\u00fcdahalesinin kayna\u011f\u0131nda bu temel sebepler mevcuttur.\u201d<\/p>\n<p style=\"text-align: justify;\">AKP\u2019nin soru\u015fturman\u0131n daha da b\u00fcy\u00fcmesi ve ger\u00e7eklerin ortaya \u00e7\u0131kmas\u0131ndan endi\u015fe etti\u011fini ileri s\u00fcren Kart, savc\u0131lara HSYK eliyle operasyon d\u00fczenlendi\u011fini de s\u00f6zlerine ekledi.<\/p>\n<p style=\"text-align: justify;\"><a href=\"http:\/\/www.birgun.net\/politics_index.php?news_code=1314358380&amp;day=26&amp;month=08&amp;year=2011\" target=\"_blank\">Kaynak : BirG\u00fcn<\/a><\/p>\n","protected":false},"excerpt":{"rendered":"<p style=\"text-align: center;\">\n<p style=\"text-align: justify;\">CHP Konya Milletvekili Atilla Kart, \u0130\u00e7i\u015fleri Bakanl\u0131\u011f\u0131, Adalet Bakanl\u0131\u011f\u0131 ve Ba\u015fbakanl\u0131k b\u00fcnyesinde illegal karargah kuruldu\u011funu iddia ederek, \u201c\u0130llegal karargah T\u00fcrkiye\u2019nin g\u00fcndemini, yarg\u0131n\u0131n g\u00fcndemini, siyasetin g\u00fcndemini 2005-2006 y\u0131l\u0131ndan bu yana belirliyor\u201d dedi. <\/p>\n","protected":false},"author":1,"featured_media":0,"comment_status":"open","ping_status":"open","sticky":false,"template":"","format":"standard","meta":{"footnotes":""},"categories":[105],"tags":[164],"class_list":["post-39028","post","type-post","status-publish","format-standard","hentry","category-gundem","tag-atilla-kart","odd"],"_links":{"self":[{"href":"http:\/\/www.korhanyilmaz.com\/index.php?rest_route=\/wp\/v2\/posts\/39028","targetHints":{"allow":["GET"]}}],"collection":[{"href":"http:\/\/www.korhanyilmaz.com\/index.php?rest_route=\/wp\/v2\/posts"}],"about":[{"href":"http:\/\/www.korhanyilmaz.com\/index.php?rest_route=\/wp\/v2\/types\/post"}],"author":[{"embeddable":true,"href":"http:\/\/www.korhanyilmaz.com\/index.php?rest_route=\/wp\/v2\/users\/1"}],"replies":[{"embeddable":true,"href":"http:\/\/www.korhanyilmaz.com\/index.php?rest_route=%2Fwp%2Fv2%2Fcomments&post=39028"}],"version-history":[{"count":0,"href":"http:\/\/www.korhanyilmaz.com\/index.php?rest_route=\/wp\/v2\/posts\/39028\/revisions"}],"wp:attachment":[{"href":"http:\/\/www.korhanyilmaz.com\/index.php?rest_route=%2Fwp%2Fv2%2Fmedia&parent=39028"}],"wp:term":[{"taxonomy":"category","embeddable":true,"href":"http:\/\/www.korhanyilmaz.com\/index.php?rest_route=%2Fwp%2Fv2%2Fcategories&post=39028"},{"taxonomy":"post_tag","embeddable":true,"href":"http:\/\/www.korhanyilmaz.com\/index.php?rest_route=%2Fwp%2Fv2%2Ftags&post=39028"}],"curies":[{"name":"wp","href":"https:\/\/api.w.org\/{rel}","templated":true}]}}