{"id":39014,"date":"2011-08-26T19:58:00","date_gmt":"2011-08-26T16:58:00","guid":{"rendered":"http:\/\/www.korhanyilmaz.com\/?p=39014"},"modified":"2011-08-27T12:15:13","modified_gmt":"2011-08-27T09:15:13","slug":"adalet-sisteminde-flas-degisiklikler","status":"publish","type":"post","link":"http:\/\/www.korhanyilmaz.com\/?p=39014","title":{"rendered":"Adalet sisteminde fla\u015f de\u011fi\u015fiklikler"},"content":{"rendered":"<p style=\"text-align: center;\"><a href=\"http:\/\/www.korhanyilmaz.com\/wp-content\/uploads\/2011\/08\/7047.jpg\"  class=\"lightview\"><img loading=\"lazy\" decoding=\"async\" class=\"aligncenter size-full wp-image-39015\" src=\"http:\/\/www.korhanyilmaz.com\/wp-content\/uploads\/2011\/08\/7047.jpg\" alt=\"\" width=\"280\" height=\"168\" \/><\/a><\/p>\n<p style=\"text-align: justify;\">Yarg\u0131 hizmetlerinde tutuklu ve h\u00fck\u00fcml\u00fclerin ziyaretinden, avukatl\u0131ktan hakimlik mesle\u011fine ge\u00e7i\u015f ya\u015f\u0131n\u0131n y\u00fckseltilmesine, adli tatilde birlik sa\u011flanmas\u0131ndan hakim ve savc\u0131 atamalar\u0131na kadar bir dizi de\u011fi\u015fiklik yap\u0131ld\u0131.<\/p>\n<p style=\"text-align: justify;\">Adalet Bakanl\u0131\u011f\u0131n\u0131n Te\u015fkilat ve G\u00f6revleri Hakk\u0131nda Kanun H\u00fckm\u00fcnde Kararnamenin De\u011fi\u015ftirilerek Kabul\u00fc Hakk\u0131nda Kanun ile baz\u0131 kanun ve kanun h\u00fckm\u00fcnde kararnamelerde de\u011fi\u015fiklik yap\u0131lmas\u0131na ili\u015fkin Bakanlar Kurulu karar\u0131, Resmi Gazete&#8217;nin bug\u00fcnk\u00fc say\u0131s\u0131nda yay\u0131mland\u0131.\u00a0<!--more--><\/p>\n<p style=\"text-align: justify;\">Kanun H\u00fckm\u00fcnde Kararnameye (KHK) ili\u015fkin Adalet Bakanl\u0131\u011f\u0131n\u0131n haz\u0131rlad\u0131\u011f\u0131 bilgi notuna g\u00f6re, KHK ile Avrupa \u0130nsan Haklar\u0131 Mahkemesi&#8217;nde (A\u0130HM) g\u00f6r\u00fclen davalar\u0131 daha etkin bir \u015fekilde takip edebilmek i\u00e7in Adalet Bakanl\u0131\u011f\u0131 b\u00fcnyesinde \u0130nsan Haklar\u0131 Daire Ba\u015fkanl\u0131\u011f\u0131 kuruldu.<\/p>\n<p style=\"text-align: justify;\">A\u0130HM \u00f6n\u00fcnde yap\u0131lacak savunmalar ile al\u0131nacak tedbirlerin T\u00fcrkiye a\u00e7\u0131s\u0131ndan \u00f6nemi ve konunun uzmanl\u0131k gerektirmesi g\u00f6z \u00f6n\u00fcne al\u0131narak olu\u015fturulan daire ba\u015fkanl\u0131\u011f\u0131, A\u0130HM&#8217;e yap\u0131lan ba\u015fvurulara ili\u015fkin, ilgili kurum ve kurulu\u015flardan bilgi, belge ve g\u00f6r\u00fc\u015f istemek, savunmalar\u0131 haz\u0131rlamak ve gerekti\u011finde oturumlara temsilci g\u00f6ndermek, insan haklar\u0131 ihlallerinin ortadan kald\u0131r\u0131lmas\u0131na y\u00f6nelik \u00e7al\u0131\u015fmalar yapmak, dostane \u00e7\u00f6z\u00fcm kuruluna kat\u0131lmak gibi g\u00f6revleri yerine getirecek.<\/p>\n<p style=\"text-align: justify;\">Ayn\u0131 daire b\u00fcnyesinde kurulacak birimlerle, A\u0130HM kararlar\u0131n\u0131n T\u00fcrk\u00e7e&#8217;ye \u00e7evrilerek hakim ve savc\u0131lara ula\u015ft\u0131r\u0131lmas\u0131, A\u0130HM&#8217;in uygulamalar\u0131 ile ilgili olarak kitap, ve makale gibi bilimsel \u00e7al\u0131\u015fmalar\u0131n ve i\u00e7tihatlar\u0131n uygulay\u0131c\u0131lar taraf\u0131ndan bilgilenmesi sa\u011flanarak, i\u00e7 hukuktaki uygulama sonu\u00e7lar\u0131 takip edilecek.<\/p>\n<p style=\"text-align: justify;\"><strong>Z\u0130YARET\u00c7\u0130 KABUL\u00dcNDE ESNEKL\u0130K SA\u011eLANIYOR\u00a0<\/strong><\/p>\n<p style=\"text-align: justify;\">H\u00fck\u00fcml\u00fc ve tutuklular\u0131n, yak\u0131nlar\u0131n\u0131n cenazelerine kat\u0131lma izinlerinin kapsam ve s\u00fcresi art\u0131r\u0131l\u0131yor.<\/p>\n<p style=\"text-align: justify;\">Mevcut yasal d\u00fczenlemelere g\u00f6re, yak\u0131nlar\u0131 vefat eden h\u00fck\u00fcml\u00fcler izin alarak cenaze t\u00f6renine kat\u0131labiliyorlard\u0131. Yeni KHK ile tutuklu ve h\u00fck\u00fcml\u00fclerin, anne, baba, e\u015f ve karde\u015flerin cenazelerine kat\u0131labilmesine olanak tan\u0131yan h\u00fck\u00fcm geni\u015fletiliyor ve ikinci derece dahil kay\u0131n h\u0131s\u0131mlar\u0131ndan birinin yani kay\u0131npeder, kay\u0131nvalide, kay\u0131nbirader veya bald\u0131z\u0131n \u00f6l\u00fcm\u00fc halinde de tutuklu ve h\u00fck\u00fcml\u00fclere yol hari\u00e7 2 g\u00fcnl\u00fck cenazeye kat\u0131lma izni verilmesi \u00f6ng\u00f6r\u00fcl\u00fcyor.<\/p>\n<p style=\"text-align: justify;\">KHK ile ayr\u0131ca cezaevlerindeki h\u00fck\u00fcml\u00fc ve tutuklular\u0131n ziyaret\u00e7i kabul\u00fcnde de esneklik sa\u011flan\u0131yor. Yeni d\u00fczenlemeye g\u00f6re, resmi veya \u00f6zel ayr\u0131m\u0131 yap\u0131lmaks\u0131z\u0131n ger\u00e7ek ki\u015filerin de gerek bireysel olarak gerekse heyet halende h\u00fck\u00fcml\u00fc veya tutuklular\u0131 ziyaret edebilmeleri \u00f6ng\u00f6r\u00fcl\u00fcyor.<\/p>\n<p style=\"text-align: justify;\"><strong>HSYK, YURT DI\u015eINA HAK\u0130M VE SAVCI G\u00d6NDEREB\u0130LECEK\u00a0<\/strong><\/p>\n<p style=\"text-align: justify;\">KHK, t\u00fcm yarg\u0131 birimlerine hizmet veren Ulusal Yarg\u0131 A\u011f\u0131 Projesi i\u00e7in kalifiye elemanlar\u0131 s\u00f6zle\u015fmeyle alma imkan\u0131 getiriyor. Sistemin g\u00fcn\u00fcn teknolojilerine uygun olarak geli\u015ftirilmesinin kal\u0131c\u0131 kalifiye m\u00fchendis ve teknik personel \u00e7al\u0131\u015ft\u0131r\u0131lmas\u0131na ba\u011fl\u0131 olmas\u0131 dikkate al\u0131narak, bu \u00f6zelliklere sahip elemanlar\u0131n kamuda \u00e7al\u0131\u015fmalar\u0131 \u00f6zendirilecek.<\/p>\n<p style=\"text-align: justify;\">Bu ama\u00e7la Bilgi \u0130\u015flem Dairesi Ba\u015fkanl\u0131\u011f\u0131 di\u011fer kurumlarda daha nitelikli s\u00f6zle\u015fmeli uzman personel \u00e7al\u0131\u015ft\u0131rabilecek.<\/p>\n<p style=\"text-align: justify;\">Hakim ve savc\u0131lar\u0131n yurt d\u0131\u015f\u0131na e\u011fitim amac\u0131yla g\u00f6nderilebilmesine ili\u015fkin yeni h\u00fck\u00fcmler getiren KHK ile, Adalet Bakanl\u0131\u011f\u0131n\u0131n merkez ve ta\u015fra te\u015fkilat\u0131nda g\u00f6rev yapan hakim ve savc\u0131lar\u0131 yurt d\u0131\u015f\u0131na g\u00f6ndermesinin yan\u0131 s\u0131ra Hakimler ve Savc\u0131lar Y\u00fcksek Kurulu (HSYK) da k\u00fcrs\u00fcde g\u00f6rev yapan hakim ve savc\u0131lar\u0131, y\u00fcksek lisans ve doktora yapmak \u00fczere yurt d\u0131\u015f\u0131na g\u00f6nderebilecek.<\/p>\n<p style=\"text-align: justify;\"><strong>ATAMALARLA \u0130LG\u0130L\u0130 D\u00dcZENLEMELER\u00a0<\/strong><\/p>\n<p style=\"text-align: justify;\">Adalet Bakanl\u0131\u011f\u0131&#8217;n\u0131n haz\u0131rlad\u0131\u011f\u0131 KHK ile \u00f6ng\u00f6r\u00fclen baz\u0131 d\u00fczenlemeler \u015f\u00f6yle:<\/p>\n<p style=\"text-align: justify;\">&#8211; Avukat olarak g\u00f6rev yapan hukuk\u00e7ular\u0131n mesleki bilgi ve tecr\u00fcbelerinden hakim ve savc\u0131l\u0131k mesle\u011finde de yararlan\u0131labilmesi ve hakim ve savc\u0131 a\u00e7\u0131\u011f\u0131n\u0131n kapat\u0131lmas\u0131 amac\u0131yla hakim-savc\u0131l\u0131k mesle\u011fine ge\u00e7mek isteyenler i\u00e7in, kanunda \u00f6ng\u00f6r\u00fclen ya\u015f s\u0131n\u0131r\u0131 35&#8217;den 45&#8217;e y\u00fckseltildi ve b\u00f6ylece daha fazla avukat\u0131n s\u0131nava girmesine olanak tan\u0131nd\u0131.<\/p>\n<p style=\"text-align: justify;\">&#8211; \u00d6n\u00fcm\u00fczdeki s\u00fcre\u00e7te b\u00f6lge adliye mahkemelerinin de hayata ge\u00e7irilece\u011fi g\u00f6z \u00f6n\u00fcne al\u0131narak, atanacak hakim ve savc\u0131 ihtiyac\u0131n\u0131n kar\u015f\u0131lanmas\u0131 amac\u0131yla adaylar\u0131n 2 y\u0131l olan staj s\u00fcresi, 5 y\u0131l s\u00fcreyle ge\u00e7ici olarak 1 y\u0131la indirildi.<\/p>\n<p style=\"text-align: justify;\">&#8211; Yarg\u0131tay&#8217;da 6217 say\u0131l\u0131 Kanun ile daire ve \u00fcye say\u0131s\u0131n\u0131n art\u0131r\u0131lmas\u0131na ili\u015fkin d\u00fczenlemeye paralel olarak ve adaletin gecikmeksizin yerine getirilmesi amac\u0131yla ihtiya\u00e7 duyulan tetkik hakimi say\u0131s\u0131n\u0131 kar\u015f\u0131lamak \u00fczere, tetkik hakimli\u011fine atanabilmek i\u00e7in gerekli olan 5 y\u0131l fiilen \u00e7al\u0131\u015fma \u015fart\u0131n\u0131n 10 y\u0131l s\u00fcreyle uygulanmamas\u0131na\u00a0y\u00f6nelik d\u00fczenleme yap\u0131ld\u0131.<\/p>\n<p style=\"text-align: justify;\">&#8211; Daire ve \u00fcye say\u0131s\u0131 art\u0131r\u0131m\u0131na paralel olarak, Yarg\u0131tay Ba\u015fkanl\u0131\u011f\u0131n\u0131n bo\u015f memur kadrolar\u0131ndan 582 adedine atama yap\u0131labilmesi imkan\u0131 sa\u011fland\u0131.<\/p>\n<p style=\"text-align: justify;\"><strong>ADL\u0130 TAT\u0130L&#8217;DE B\u0130RL\u0130K SA\u011eLANACAK\u00a0<\/strong><\/p>\n<p style=\"text-align: justify;\">KHK ile \u00e7e\u015fitli kanunlarda farkl\u0131 \u015fekillerde d\u00fczenlenen \u201cAdli tatil\u201d m\u00fcessesesinin yorumlamadan kaynaklanan farkl\u0131 uygulamalar nedeniyle ba\u015flang\u0131\u00e7 ve biti\u015f tarihlerindeki farkl\u0131l\u0131\u011f\u0131n giderilmesi amac\u0131yla adli tatilin ba\u015flang\u0131\u00e7 ve biti\u015f s\u00fcreleri yeniden d\u00fczenlendi.<\/p>\n<p style=\"text-align: justify;\">Buna g\u00f6re adli tatil s\u00fcresi, Hakimler ve Savc\u0131lar Y\u00fcksek Kurulu ile Yarg\u0131tay ve Dan\u0131\u015ftay\u0131n talepleri de dikkate al\u0131narak, 20 Temmuz-31 A\u011fustos tarihlerini kapsayacak \u015fekilde d\u00fczenlendi ve yeni adli y\u0131l\u0131n 1 Eyl\u00fcl&#8217;de ba\u015flayaca\u011f\u0131 a\u00e7\u0131k\u00e7a belirtildi.<\/p>\n<p style=\"text-align: justify;\">Kural olarak, hakim ve savc\u0131lar\u0131n n\u00f6bet\u00e7i kalanlar\u0131 hari\u00e7 olmak \u00fczere tamam\u0131n\u0131n adli tatilden faydalanarak y\u0131ll\u0131k izinlerin topluca kullanmas\u0131na imkan verilecek.<\/p>\n<p style=\"text-align: justify;\">Bilgi notuna g\u00f6re, Dan\u0131\u015ftay ve Yarg\u0131tay\u0131n birbirinden farkl\u0131 adli tatil uygulamalar\u0131ndan dolay\u0131 s\u00fcrelerin ba\u015flang\u0131\u00e7 ve biti\u015f tarihlerinin farkl\u0131 hesaplanmas\u0131 nedeniyle zaman zaman ortaya \u00e7\u0131kan hak kay\u0131plar\u0131n\u0131n \u00f6nlenmesi sa\u011flanacak.<\/p>\n<p style=\"text-align: justify;\"><strong>DANI\u015eTAYDAK\u0130 \u0130DAR\u0130 YAPILANMA YARGITAYA PARALEL OLACAK\u00a0<\/strong><\/p>\n<p style=\"text-align: justify;\">Dan\u0131\u015ftayda, idari ve adli nitelikteki g\u00f6revler, tek organ olarak Ba\u015fkanlar Kurulu taraf\u0131ndan yerine getiriliyor. 6110 say\u0131l\u0131 Kanun ile artan i\u015f y\u00fck\u00fcn\u00fc azaltmak amac\u0131yla daire say\u0131s\u0131 ve \u00fcye say\u0131s\u0131 art\u0131r\u0131lmas\u0131n\u0131n getirdi\u011fi zorluklar nedeniyle KHK ile Dan\u0131\u015ftayda, Yarg\u0131taydakine benzer \u015fekilde \u201cBa\u015fkanl\u0131k Kurulu\u201d olu\u015fturuldu.<\/p>\n<p style=\"text-align: justify;\"><strong>NOTERL\u0130K B\u00dcROSU A\u00c7MAK KOLAYLA\u015eACAK\u00a0<\/strong><\/p>\n<p style=\"text-align: justify;\">Kamu hizmeti y\u00fcr\u00fcten noterlik b\u00fcrolar\u0131n\u0131n, avukatlar ve mali m\u00fc\u015favirlerde oldu\u011fu gibi, i\u015f yeri a\u00e7ma ve \u00e7al\u0131\u015fma ruhsat\u0131 ko\u015fullar\u0131 kolayla\u015ft\u0131r\u0131ld\u0131.<\/p>\n<p style=\"text-align: justify;\">KHK ile infaz koruma memuru adaylar\u0131n\u0131n h\u0131zl\u0131 bir bi\u00e7imde g\u00f6reve ba\u015flamalar\u0131 \u00f6ng\u00f6r\u00fcld\u00fc. \u0130nfaz koruma memurlar\u0131n\u0131n \u00f6\u011frencilik d\u00f6nemi hizmet \u00f6ncesi e\u011fitim s\u00fcresi 1 y\u0131ldan 5 aya indirilerek, infaz koruma memuru a\u00e7\u0131\u011f\u0131n\u0131n kapat\u0131lmas\u0131 ama\u00e7land\u0131. Ayr\u0131ca, aday \u00f6\u011frencilerin, e\u011fitim g\u00f6rd\u00fckleri s\u00fcre i\u00e7inde genel sa\u011fl\u0131k sigortal\u0131s\u0131 say\u0131lmalar\u0131 ve bu sigortadan anne, baba, e\u015f ve \u00e7ocuklar\u0131 gibi bakmakla y\u00fck\u00fcml\u00fc oldu\u011fu ki\u015filerin de yararland\u0131r\u0131lmas\u0131 imkan\u0131 getirildi.<\/p>\n<p style=\"text-align: justify;\"><strong>Y\u00dcR\u00dcRL\u00dcK\u00a0<\/strong><\/p>\n<p style=\"text-align: justify;\">Anayasa Mahkemesi ba\u015fkan ve \u00fcyelerinin, Y\u00fcce Divan s\u0131fat\u0131yla bak\u0131lan veya anayasaya g\u00f6re s\u00fcreye tabi olan i\u015flerin engellenmemesi kayd\u0131yla 35 g\u00fcnl\u00fck y\u0131ll\u0131k izin haklar\u0131, 40 g\u00fcne \u00e7\u0131kar\u0131ld\u0131.<\/p>\n<p style=\"text-align: justify;\">Bu madde ile adli tatile ili\u015fkin h\u00fck\u00fcmleri i\u00e7eren maddelerin y\u00fcr\u00fcrl\u00fck tarihi, 1 Ocak 2012 olarak belirlendi. Di\u011fer h\u00fck\u00fcmler, bug\u00fcn itibariyle y\u00fcr\u00fcrl\u00fc\u011fe girdi.<\/p>\n<p style=\"text-align: justify;\"><a href=\"http:\/\/www.hurriyet.com.tr\/gundem\/18586218.asp\" target=\"_blank\">Kaynak : H\u00fcrriyet.com.tr<\/a><\/p>\n<hr \/>\n<p><span style=\"color: #ff6600;\">Resmi Gazete :\u00a0<a href=\"http:\/\/www.resmigazete.gov.tr\/eskiler\/2011\/08\/20110826-1.htm\" target=\"_blank\">http:\/\/www.resmigazete.gov.tr\/eskiler\/2011\/08\/20110826-1.htm<\/a><\/span><\/p>\n","protected":false},"excerpt":{"rendered":"<p style=\"text-align: center;\">\n<p style=\"text-align: justify;\">Yarg\u0131 hizmetlerinde tutuklu ve h\u00fck\u00fcml\u00fclerin ziyaretinden, avukatl\u0131ktan hakimlik mesle\u011fine ge\u00e7i\u015f ya\u015f\u0131n\u0131n y\u00fckseltilmesine, adli tatilde birlik sa\u011flanmas\u0131ndan hakim ve savc\u0131 atamalar\u0131na kadar bir dizi de\u011fi\u015fiklik yap\u0131ld\u0131.<\/p>\n<p style=\"text-align: justify;\">Adalet Bakanl\u0131\u011f\u0131n\u0131n Te\u015fkilat ve G\u00f6revleri Hakk\u0131nda Kanun H\u00fckm\u00fcnde Kararnamenin De\u011fi\u015ftirilerek Kabul\u00fc Hakk\u0131nda Kanun ile baz\u0131 kanun ve kanun h\u00fckm\u00fcnde kararnamelerde de\u011fi\u015fiklik yap\u0131lmas\u0131na ili\u015fkin <\/p>\n","protected":false},"author":1,"featured_media":0,"comment_status":"open","ping_status":"open","sticky":false,"template":"","format":"standard","meta":{"footnotes":""},"categories":[105],"tags":[],"class_list":["post-39014","post","type-post","status-publish","format-standard","hentry","category-gundem","odd"],"_links":{"self":[{"href":"http:\/\/www.korhanyilmaz.com\/index.php?rest_route=\/wp\/v2\/posts\/39014","targetHints":{"allow":["GET"]}}],"collection":[{"href":"http:\/\/www.korhanyilmaz.com\/index.php?rest_route=\/wp\/v2\/posts"}],"about":[{"href":"http:\/\/www.korhanyilmaz.com\/index.php?rest_route=\/wp\/v2\/types\/post"}],"author":[{"embeddable":true,"href":"http:\/\/www.korhanyilmaz.com\/index.php?rest_route=\/wp\/v2\/users\/1"}],"replies":[{"embeddable":true,"href":"http:\/\/www.korhanyilmaz.com\/index.php?rest_route=%2Fwp%2Fv2%2Fcomments&post=39014"}],"version-history":[{"count":0,"href":"http:\/\/www.korhanyilmaz.com\/index.php?rest_route=\/wp\/v2\/posts\/39014\/revisions"}],"wp:attachment":[{"href":"http:\/\/www.korhanyilmaz.com\/index.php?rest_route=%2Fwp%2Fv2%2Fmedia&parent=39014"}],"wp:term":[{"taxonomy":"category","embeddable":true,"href":"http:\/\/www.korhanyilmaz.com\/index.php?rest_route=%2Fwp%2Fv2%2Fcategories&post=39014"},{"taxonomy":"post_tag","embeddable":true,"href":"http:\/\/www.korhanyilmaz.com\/index.php?rest_route=%2Fwp%2Fv2%2Ftags&post=39014"}],"curies":[{"name":"wp","href":"https:\/\/api.w.org\/{rel}","templated":true}]}}