{"id":38996,"date":"2011-08-26T16:40:03","date_gmt":"2011-08-26T13:40:03","guid":{"rendered":"http:\/\/www.korhanyilmaz.com\/?p=38996"},"modified":"2011-08-26T18:44:39","modified_gmt":"2011-08-26T15:44:39","slug":"isik-kosaner-hakkinda-suc-duyurusu","status":"publish","type":"post","link":"http:\/\/www.korhanyilmaz.com\/?p=38996","title":{"rendered":"I\u015f\u0131k Ko\u015faner hakk\u0131nda su\u00e7 duyurusu"},"content":{"rendered":"<p style=\"text-align: justify;\"><a href=\"http:\/\/www.korhanyilmaz.com\/wp-content\/uploads\/2011\/08\/7044.jpg\"  class=\"lightview\"><img loading=\"lazy\" decoding=\"async\" class=\"aligncenter size-full wp-image-38997\" title=\"\" src=\"http:\/\/www.korhanyilmaz.com\/wp-content\/uploads\/2011\/08\/7044.jpg\" alt=\"\" width=\"292\" height=\"224\" \/><\/a><\/p>\n<p style=\"text-align: justify;\">Eski Genelkurmay Ba\u015fkan\u0131 emekli Orgeneral I\u015f\u0131k Ko\u015faner&#8217;e ait oldu\u011fu \u00f6ne s\u00fcr\u00fclen internetteki ses kay\u0131tlar\u0131 hakk\u0131nda incelemenin yap\u0131larak, ilgililer hakk\u0131nda cezai i\u015flem ba\u015flat\u0131lmas\u0131 talebiyle savc\u0131l\u0131\u011fa su\u00e7 duyurusunda bulunuldu.<\/p>\n<p style=\"text-align: justify;\">Be\u015fikta\u015f&#8217;taki \u0130stanbul Adliyesine gelen &#8220;Gen\u00e7 Siviller&#8221; \u00fcyesi bir grup, Ko\u015faner&#8217;e ait oldu\u011fu \u00f6ne s\u00fcr\u00fclen ses kay\u0131tlar\u0131 hakk\u0131nda inceleme yap\u0131lmas\u0131 ve ilgililer hakk\u0131nda gerekli cezai i\u015flemlerin ba\u015flat\u0131lmas\u0131 talepli 5 sayfal\u0131k su\u00e7 duyurusu dilek\u00e7esini, \u00f6zel yetkili \u0130stanbul Cumhuriyet Savc\u0131s\u0131 Mehmet Ali Uysal&#8217;a sundu.\u00a0<!--more--><\/p>\n<p style=\"text-align: justify;\">Ses kayd\u0131 hakk\u0131nda inceleme ba\u015flat\u0131lmas\u0131, s\u00f6z konusu konu\u015fman\u0131n nerede, ne zaman yap\u0131ld\u0131\u011f\u0131 ve o d\u00f6nem Ko\u015faner&#8217;in TSK i\u00e7indeki g\u00f6revinin ne oldu\u011funun\u00a0sorulmas\u0131 istenilen dilek\u00e7ede, a\u00e7\u0131klamalarda geni\u015f\u00e7e yer alan bilgilerle ilgili 17 soru soruldu.<\/p>\n<p style=\"text-align: justify;\">Kay\u0131tlarda Ko\u015faner&#8217;e ait oldu\u011fu iddia edilen &#8220;Huduttakinin bile i\u015fareti yoktur. Adam gidiyor bas\u0131yor, haberimiz yoktu&#8221; ve &#8220;\u0130HA (insans\u0131z hava arac\u0131) skandal\u0131nda, te\u015fkilat yap\u0131m\u0131z\u0131n yanl\u0131\u015f oldu\u011fu anla\u015f\u0131ld\u0131. Emir komuta birli\u011fini sa\u011flayam\u0131yoruz&#8221; gibi ifadelere yer verilen dilek\u00e7ede, a\u00e7\u0131klamalar \u0131\u015f\u0131\u011f\u0131nda, &#8220;Operasyonlar\u0131n sevk ve idaresi hangi birimler taraf\u0131ndan, nas\u0131l yap\u0131l\u0131yor? Bu konuda yetki karga\u015fas\u0131 sona erdirildi mi? Sahada bulundu\u011fu s\u00f6ylenen tugay komutan\u0131 kimdir? Operasyon s\u0131ras\u0131nda hava ara\u00e7lar\u0131n\u0131n \u00e7ekti\u011fi g\u00f6r\u00fcnt\u00fcleri istemi\u015f midir? \u0130stediyse neden kendisine ula\u015ft\u0131r\u0131lmad\u0131? Veya istemediyse bunun herhangi bir a\u00e7\u0131klamas\u0131 var m\u0131d\u0131r?&#8221; sorular\u0131na cevap verilmesi gerekti\u011fi dile getirildi.<\/p>\n<p style=\"text-align: justify;\">Kay\u0131tlarda ge\u00e7en &#8220;E\u011fitim zafiyeti nedeniyle ter\u00f6rist diye masum erimizi kendimiz vurduk&#8221; c\u00fcmlesiyle Ko\u015faner&#8217;in ya\u015fanm\u0131\u015f bir \u00f6rne\u011fi aktard\u0131\u011f\u0131 ve baz\u0131 \u00e7arp\u0131c\u0131 tespitlerde bulundu\u011fu belirtilen dilek\u00e7ede, &#8220;Ter\u00f6rist zannedilerek vurulan er kimdir? \u00d6l\u00fcm sebebi ailesine nas\u0131l a\u00e7\u0131klanm\u0131\u015ft\u0131r? Bu ak\u0131l almaz \u00f6l\u00fcme sebep olan e\u011fitim zafiyeti ve emir komuta eksikli\u011finin sorumlular\u0131 kimlerdir? Bu konuyla ilgili a\u00e7\u0131lm\u0131\u015f ve y\u00fcr\u00fct\u00fclen bir soru\u015fturma var m\u0131d\u0131r? Yoksa neden\u00a0soru\u015fturmaya gerek duyulmam\u0131\u015ft\u0131r?&#8221; sorular\u0131 da yer ald\u0131.<\/p>\n<p style=\"text-align: justify;\"><strong>&#8220;Yasal dayana\u011f\u0131 yok muydu?&#8221;\u00a0<\/strong><\/p>\n<p style=\"text-align: justify;\">Kay\u0131tlarda ba\u015fka \u00e7arp\u0131c\u0131 ifadeler de oldu\u011fu belirtilen ve bu ifadelerle ilgili \u00e7e\u015fitli sorular sorulan dilek\u00e7ede, &#8220;Art\u0131k her \u015feyi yasal zemine oturtmak zorunday\u0131z. Herkesin g\u00f6z\u00fc \u00fczerimizde&#8221; ifadesine g\u00f6re, &#8220;Daha \u00f6nce yap\u0131lan i\u015flemlerin yasal dayana\u011f\u0131 yok muydu? Yoktu ise bunlar hangi i\u015flemlerdi? TSK&#8217;n\u0131n kendi i\u00e7 denetleme mekanizmalar\u0131 yok mudur? Bu mekanizmalar neticesinde tespit edilen aksakl\u0131klarla ilgili gerekli i\u015flemler yap\u0131lmamakta m\u0131d\u0131r? Yap\u0131lan hatalar\u0131n tespiti ve soru\u015fturmas\u0131 i\u00e7in bas\u0131na ta\u015f\u0131nm\u0131\u015f olmas\u0131 m\u0131 gerekmektedir? Valilerle konu\u015fularak al\u0131nmas\u0131 istenen yetkiler nelerdir? Bu yetkiler i\u00e7in valilere herhangi bir bask\u0131 yap\u0131lmas\u0131 s\u00f6z konusu mudur? H\u00fck\u00fcmet taraf\u0131ndan kald\u0131r\u0131lan EMASYA uygulamas\u0131 ile ilgili geli\u015ftirilen form\u00fcl, yasalar\u0131 dolanmak m\u0131d\u0131r? Bahsedilen protokol neleri i\u00e7ermektedir? Uygulamaya konmu\u015f mudur? Hangi yolla yap\u0131lmas\u0131 planlanm\u0131\u015ft\u0131r?&#8221; sorular\u0131n\u0131n sorulmas\u0131 gerekti\u011fi aktar\u0131ld\u0131.<\/p>\n<p style=\"text-align: justify;\">Kay\u0131tlarda &#8220;Balyoz Plan\u0131&#8221; ile ilgili a\u00e7\u0131klamalar yap\u0131ld\u0131\u011f\u0131 da anlat\u0131larak, Ko\u015faner&#8217;in bu konudaki ifadelerinin kamuoyunda yayg\u0131n ad\u0131yla bilinen &#8220;Balyoz&#8221; davas\u0131ndaki delillerin ger\u00e7ekli\u011finin z\u0131mni bir kabul\u00fc olup olmad\u0131\u011f\u0131 ve Ko\u015faner&#8217;in bu konudaki bilgilerini bahsi ge\u00e7en davan\u0131n savc\u0131lar\u0131yla payla\u015f\u0131p payla\u015fmad\u0131\u011f\u0131n\u0131n sorulmas\u0131 istendi.<\/p>\n<p style=\"text-align: justify;\">Dilek\u00e7ede, kay\u0131ttaki ifadelerle ilgili dilek\u00e7ede belirtilen hususlar\u0131n \u0130stanbul Cumhuriyet Ba\u015fsavc\u0131vekilli\u011fince su\u00e7 duyurusu kabul edilmesi ve gerekli cezai i\u015flemlerin ba\u015flat\u0131lmas\u0131 talep edildi.<\/p>\n<p style=\"text-align: justify;\">Dilek\u00e7eyi sunan grup ad\u0131na bir bas\u0131n a\u00e7\u0131klamas\u0131 yapan Fatih Demirci, &#8220;Bir kere duymu\u015f olduk. Bu duyduklar\u0131m\u0131zla bayrama, tatile girmeye i\u00e7imiz el\u00a0vermedi.<\/p>\n<p style=\"text-align: justify;\">Yanl\u0131\u015fl\u0131kla aln\u0131ndan vurulan, k\u00f6t\u00fc karakollara canl\u0131 hedef gibi b\u0131rak\u0131lan, topra\u011fa tohum gibi sa\u00e7\u0131lm\u0131\u015f may\u0131nlarla hayat\u0131 karart\u0131lan t\u00fcm insanlar\u0131n ve ac\u0131l\u0131 ailelerinin ad\u0131na buraday\u0131z&#8221; diyerek, &#8220;6 sayfa tutan sorular\u0131m\u0131za cevap almadan, sorumlulardan hesap soruldu\u011funu g\u00f6rmeden, bir daha yapamayacak olmalar\u0131 garanti alt\u0131na al\u0131nmadan bize bayram yok&#8221; \u015feklinde konu\u015ftu.<\/p>\n<p style=\"text-align: justify;\"><strong>Bir su\u00e7 duyurusu da hukuk\u00e7ulardan\u00a0<\/strong><\/p>\n<p style=\"text-align: justify;\">Da\u011fl\u0131ca, Akt\u00fct\u00fcn, Hantepe ve Gediktepe bask\u0131nlar\u0131 insans\u0131z hava ara\u00e7lar\u0131 taraf\u0131ndan tespit edildi\u011fi halde ge\u00e7 m\u00fcdahalede bulunuldu\u011fu iddias\u0131yla eski Genelkurmay Ba\u015fkan\u0131 emekli Orgeneral I\u015f\u0131k Ko\u015faner&#8217;in ifadesinin al\u0131nmas\u0131 istendi.<\/p>\n<p style=\"text-align: justify;\">\u00c7a\u011flayan&#8217;daki \u0130stanbul Adalet Saray\u0131 \u00f6n\u00fcnde bir araya gelen Hukuk\u00e7ular Derne\u011fi \u00fcyeleri ad\u0131na a\u00e7\u0131klama yapan avukat Mehmet Sar\u0131, I\u015f\u0131k Ko\u015faner&#8217;e ait oldu\u011fu iddia edilen 2 ses kayd\u0131n\u0131n ulusal bas\u0131n ve yay\u0131n organlar\u0131nda yer ald\u0131\u011f\u0131n\u0131 hat\u0131rlatt\u0131.<\/p>\n<p style=\"text-align: justify;\">Grup, daha sonra haz\u0131rlad\u0131klar\u0131 su\u00e7 duyurusu dilek\u00e7esini, s\u00f6z konusu ter\u00f6r sald\u0131r\u0131lar\u0131na ili\u015fkin soru\u015fturma y\u00fcr\u00fcten \u00f6zel yetkili Van Cumhuriyet Savc\u0131l\u0131\u011f\u0131na ula\u015ft\u0131r\u0131lmak \u00fczere \u0130stanbul Cumhuriyet Ba\u015fsavc\u0131l\u0131\u011f\u0131na verdi.<\/p>\n<p style=\"text-align: justify;\"><a href=\"http:\/\/www.cnnturk.com\/2011\/turkiye\/08\/26\/isik.kosaner.hakkinda.suc.duyurusu\/627398.0\/index.html\" target=\"_blank\">Kaynak : CNN T\u00dcRK<\/a><\/p>\n","protected":false},"excerpt":{"rendered":"<p style=\"text-align: justify;\">\n<p style=\"text-align: justify;\">Eski Genelkurmay Ba\u015fkan\u0131 emekli Orgeneral I\u015f\u0131k Ko\u015faner&#8217;e ait oldu\u011fu \u00f6ne s\u00fcr\u00fclen internetteki ses kay\u0131tlar\u0131 hakk\u0131nda incelemenin yap\u0131larak, ilgililer hakk\u0131nda cezai i\u015flem ba\u015flat\u0131lmas\u0131 talebiyle savc\u0131l\u0131\u011fa su\u00e7 duyurusunda bulunuldu.<\/p>\n<p style=\"text-align: justify;\">Be\u015fikta\u015f&#8217;taki \u0130stanbul Adliyesine gelen &#8220;Gen\u00e7 Siviller&#8221; \u00fcyesi bir grup, Ko\u015faner&#8217;e ait oldu\u011fu \u00f6ne s\u00fcr\u00fclen ses kay\u0131tlar\u0131 hakk\u0131nda inceleme yap\u0131lmas\u0131 ve ilgililer <\/p>\n","protected":false},"author":1,"featured_media":0,"comment_status":"open","ping_status":"open","sticky":false,"template":"","format":"standard","meta":{"footnotes":""},"categories":[105],"tags":[],"class_list":["post-38996","post","type-post","status-publish","format-standard","hentry","category-gundem","odd"],"_links":{"self":[{"href":"http:\/\/www.korhanyilmaz.com\/index.php?rest_route=\/wp\/v2\/posts\/38996","targetHints":{"allow":["GET"]}}],"collection":[{"href":"http:\/\/www.korhanyilmaz.com\/index.php?rest_route=\/wp\/v2\/posts"}],"about":[{"href":"http:\/\/www.korhanyilmaz.com\/index.php?rest_route=\/wp\/v2\/types\/post"}],"author":[{"embeddable":true,"href":"http:\/\/www.korhanyilmaz.com\/index.php?rest_route=\/wp\/v2\/users\/1"}],"replies":[{"embeddable":true,"href":"http:\/\/www.korhanyilmaz.com\/index.php?rest_route=%2Fwp%2Fv2%2Fcomments&post=38996"}],"version-history":[{"count":0,"href":"http:\/\/www.korhanyilmaz.com\/index.php?rest_route=\/wp\/v2\/posts\/38996\/revisions"}],"wp:attachment":[{"href":"http:\/\/www.korhanyilmaz.com\/index.php?rest_route=%2Fwp%2Fv2%2Fmedia&parent=38996"}],"wp:term":[{"taxonomy":"category","embeddable":true,"href":"http:\/\/www.korhanyilmaz.com\/index.php?rest_route=%2Fwp%2Fv2%2Fcategories&post=38996"},{"taxonomy":"post_tag","embeddable":true,"href":"http:\/\/www.korhanyilmaz.com\/index.php?rest_route=%2Fwp%2Fv2%2Ftags&post=38996"}],"curies":[{"name":"wp","href":"https:\/\/api.w.org\/{rel}","templated":true}]}}