{"id":38984,"date":"2011-08-25T23:30:19","date_gmt":"2011-08-25T20:30:19","guid":{"rendered":"http:\/\/www.korhanyilmaz.com\/?p=38984"},"modified":"2011-08-26T02:13:41","modified_gmt":"2011-08-25T23:13:41","slug":"o-iddiaya-kilicdaroglu-ve-tekinden-cevap","status":"publish","type":"post","link":"http:\/\/www.korhanyilmaz.com\/?p=38984","title":{"rendered":"O iddiaya K\u0131l\u0131\u00e7daro\u011flu ve Tekin&#8217;den cevap"},"content":{"rendered":"<p style=\"text-align: center;\"><a href=\"http:\/\/www.korhanyilmaz.com\/wp-content\/uploads\/2011\/08\/7041.jpg\"  class=\"lightview\"><img loading=\"lazy\" decoding=\"async\" class=\"aligncenter size-full wp-image-38985\" src=\"http:\/\/www.korhanyilmaz.com\/wp-content\/uploads\/2011\/08\/7041.jpg\" alt=\"\" width=\"307\" height=\"236\" \/><\/a><\/p>\n<p style=\"text-align: justify;\">CHP Genel Ba\u015fkan\u0131 Kemal K\u0131l\u0131\u00e7daro\u011flu, istifa eden Ankara \u0130l Ba\u015fkan\u0131 Tar\u0131k \u015eeng\u00fcl&#8217;\u00fcn \u00f6ne s\u00fcrd\u00fc\u011f\u00fc iddialar\u0131 ciddiye alarak, konuyla ilgili bir grup olu\u015fturduklar\u0131n\u0131 belirterek, &#8220;buradan Ankara Cumhuriyet Ba\u015fsavc\u0131l\u0131\u011f\u0131&#8217;na \u00e7a\u011fr\u0131da bulunuyoruz, onlar da olaya el koysunlar&#8221; dedi. G\u00fcrsel Tekin de iddialara sert \u00e7\u0131kt\u0131.\u00a0<!--more--><\/p>\n<p style=\"text-align: justify;\">T\u00fcm Sivil Toplum Kurulu\u015flar\u0131 Konfederasyonu (TSTK) taraf\u0131ndan &#8220;Ye\u015fil Vadi&#8221; adl\u0131 teknede Bo\u011faz turu e\u015fli\u011finde verilen iftarda konu\u015fan K\u0131l\u0131\u00e7daro\u011flu, bu tarz yemeklerde konu\u015fma yapmad\u0131\u011f\u0131n\u0131 ifade ederek, &#8220;Arkada\u015flar \u00e7ok \u0131srar ettiler, o nedenle birka\u00e7 c\u00fcmle s\u00f6ylemek istiyorum&#8221; ifadesini kulland\u0131.<\/p>\n<p style=\"text-align: justify;\">Yeme\u011fin ard\u0131ndan bir gazetecinin, &#8220;Bug\u00fcn bir gazetede yer alan haberde, Yenimahalle Belediyesinde rant iddias\u0131 ile ilgili istifa eden Ankara \u0130l Ba\u015fkan\u0131, r\u00fc\u015fveti teklif eden i\u015f adam\u0131na arac\u0131 olan ki\u015fi i\u00e7in &#8216;CHP&#8217;de tenzili r\u00fctbeye u\u011fram\u0131\u015f y\u00f6netici&#8217; tan\u0131mlamas\u0131n\u0131 kulland\u0131. Bu konular\u0131 nas\u0131l de\u011ferlendiriyorsunuz?&#8221; sorusu \u00fczerine K\u0131l\u0131\u00e7daro\u011flu, \u015funlar\u0131 s\u00f6yledi:<\/p>\n<p style=\"text-align: justify;\">&#8220;\u0130ddialar\u0131 ciddiye ald\u0131k, konuyla ilgili olarak bir grup olu\u015fturduk. Arkada\u015flar iddialar\u0131 inceleyecekler. Buradan Ankara Cumhuriyet Ba\u015fsavc\u0131l\u0131\u011f\u0131na \u00e7a\u011fr\u0131da bulunuyoruz, onlar da olaya el koysunlar. Biz, yolsuzluklar konusunda duyarl\u0131 olan bir siyasi partiyiz. Biz, AK Parti gibi bir parti de\u011filiz. Bizim d\u00fcnya g\u00f6r\u00fc\u015f\u00fcm\u00fcz de etik de\u011ferlerimiz de her \u015feyin \u00fcst\u00fcnde. Bir yerde bir yolsuzluk, bir iddia varsa, bunun a\u00e7\u0131kl\u0131\u011fa kavu\u015fturulmas\u0131 laz\u0131m.&#8221;<\/p>\n<p style=\"text-align: justify;\"><strong>Tekin: &#8220;Haberi yapanlarla hesapla\u015faca\u011f\u0131z&#8221;\u00a0<\/strong><\/p>\n<p style=\"text-align: justify;\">CHP Genel Ba\u015fkan Yard\u0131mc\u0131s\u0131 G\u00fcrsel Tekin de &#8220;Tar\u0131k \u015eeng\u00fcl&#8217;\u00fcn r\u00fc\u015fveti teklif eden i\u015f adam\u0131na arac\u0131 olan ki\u015fi i\u00e7in &#8216;CHP&#8217;de tenzili r\u00fctbeye u\u011fram\u0131\u015f bir y\u00f6netici&#8217; tan\u0131mlamas\u0131yla sizi kastetti\u011fi iddias\u0131 var. Bunlar\u0131 nas\u0131l de\u011ferlendiriyorsunuz?&#8221; sorusu \u00fczerine haberin \u00e7ok \u00e7irkin oldu\u011funu ifade ederek, bu haberi yapanlarla yarg\u0131da hesapla\u015facaklar\u0131n\u0131 s\u00f6yledi.<\/p>\n<p style=\"text-align: justify;\">Tekin, \u0130stanbul&#8217;da 3,5 y\u0131l imar rantlar\u0131yla m\u00fccadele etti\u011fini, Ankara&#8217;daki plan tadilinin il\u00e7e belediyelerinin yetkisinde olmad\u0131\u011f\u0131n\u0131 herkesin \u00e7ok iyi bildi\u011fini belirterek, &#8220;Orada bir plan uygulamas\u0131nda bir s\u0131k\u0131nt\u0131 varsa, bunun sorumlusu Ankara B\u00fcy\u00fck\u015fehir Belediyesidir. Bu olayla ilgili uzaktan yak\u0131ndan en ufak bir ilgim ya da dahlim yok. Yarg\u0131ya ba\u015fvuraca\u011f\u0131m ve yar\u0131n bas\u0131n toplant\u0131s\u0131yla b\u00fct\u00fcn kamuoyuna anlataca\u011f\u0131m. \u00c7ok \u00e7irkin, haberin yap\u0131l\u0131\u015f\u0131 da \u00e7irkin. O iddialar\u0131n hepsini s\u00f6yleyenlerle de hesapla\u015faca\u011f\u0131m&#8221; dedi.<\/p>\n<p style=\"text-align: justify;\"><strong>&#8220;K\u0131l\u0131\u00e7daro\u011flu ile aram\u0131z a\u00e7\u0131lmad\u0131&#8221;\u00a0<\/strong><\/p>\n<p style=\"text-align: justify;\">&#8220;Bu haberlerin K\u0131l\u0131\u00e7daro\u011flu ile aran\u0131z\u0131 a\u00e7t\u0131\u011f\u0131 y\u00f6n\u00fcnde iddialar var&#8221; denilmesi \u00fczerine Tekin, \u015f\u00f6yle konu\u015ftu: &#8220;Hay\u0131r, say\u0131n K\u0131l\u0131\u00e7daro\u011flu ile aram\u0131zda \u00f6yle bir \u015fey olabilir mi? Ortada bir mevzu yok ki&#8230; Bu mevzuyu s\u00f6yleyenlerin ortaya bir belge koymas\u0131 laz\u0131m. Benim ya da il\u00e7e belediyesinin b\u00f6yle bir plan yapma yetkisi olabilir mi? Uzaktan yak\u0131ndan ilgisi yok, \u00e7irkin, i\u00e7e d\u00f6n\u00fck bir sald\u0131r\u0131, bu sald\u0131r\u0131n\u0131n mutlaka hesab\u0131 sorulacak. Se\u00e7im d\u00f6neminde defalarca s\u00f6yledim. \u0130stanbul dahil olmak \u00fczere T\u00fcrkiye&#8217;deki imar yolsuzlu\u011funda elde edilen rantlar\u0131n tamam\u0131n\u0131n belgesi bende.<\/p>\n<p style=\"text-align: justify;\">E\u011fer o gazetenin y\u00fcre\u011fi yetiyorsa dedikodu de\u011fil, belgeli haberleri yar\u0131ndan itibaren kendilerine verebilirim, man\u015fetlerine ta\u015f\u0131yabilecekler mi? CHP bundan sonra bu t\u00fcr \u00e7irkin sald\u0131r\u0131lar kar\u015f\u0131s\u0131nda suskun kalmayacak, herkes haddini bilecektir. En az\u0131ndan bizlere sorulur, genel ba\u015fkan\u0131m\u0131za sorulurdu. Yani T\u00fcrkiye yan\u0131yor, bu kadar sorun varken, dedikodu haberleri man\u015fetlere ta\u015f\u0131nabilir mi? Bu nas\u0131l gazeteciliktir, nas\u0131l bir anlay\u0131\u015ft\u0131r? Bunu kabul etmek m\u00fcmk\u00fcn de\u011fildir. Bundan sonra bu t\u00fcr sald\u0131r\u0131larda CHP olarak her t\u00fcrl\u00fc \u00f6nlemi alaca\u011f\u0131z.&#8221;<\/p>\n<p style=\"text-align: justify;\">\u0130ftara, CHP \u0130stanbul Milletvekili Oktay Ek\u015fi ve \u0130stanbul \u0130l Ba\u015fkan\u0131 Bahri \u015eahin de kat\u0131ld\u0131.<\/p>\n<p style=\"text-align: justify;\"><a href=\"http:\/\/www.cnnturk.com\/2011\/turkiye\/08\/25\/o.iddiaya.kilicdaroglu.ve.tekinden.cevap\/627331.0\/index.html\" target=\"_blank\">Kaynak : CNN T\u00dcRK<\/a><\/p>\n","protected":false},"excerpt":{"rendered":"<p style=\"text-align: center;\">\n<p style=\"text-align: justify;\">CHP Genel Ba\u015fkan\u0131 Kemal K\u0131l\u0131\u00e7daro\u011flu, istifa eden Ankara \u0130l Ba\u015fkan\u0131 Tar\u0131k \u015eeng\u00fcl&#8217;\u00fcn \u00f6ne s\u00fcrd\u00fc\u011f\u00fc iddialar\u0131 ciddiye alarak, konuyla ilgili bir grup olu\u015fturduklar\u0131n\u0131 belirterek, &#8220;buradan Ankara Cumhuriyet Ba\u015fsavc\u0131l\u0131\u011f\u0131&#8217;na \u00e7a\u011fr\u0131da bulunuyoruz, onlar da olaya el koysunlar&#8221; dedi. G\u00fcrsel Tekin de iddialara sert \u00e7\u0131kt\u0131. <\/p>\n","protected":false},"author":1,"featured_media":0,"comment_status":"open","ping_status":"open","sticky":false,"template":"","format":"standard","meta":{"footnotes":""},"categories":[105],"tags":[],"class_list":["post-38984","post","type-post","status-publish","format-standard","hentry","category-gundem","odd"],"_links":{"self":[{"href":"http:\/\/www.korhanyilmaz.com\/index.php?rest_route=\/wp\/v2\/posts\/38984","targetHints":{"allow":["GET"]}}],"collection":[{"href":"http:\/\/www.korhanyilmaz.com\/index.php?rest_route=\/wp\/v2\/posts"}],"about":[{"href":"http:\/\/www.korhanyilmaz.com\/index.php?rest_route=\/wp\/v2\/types\/post"}],"author":[{"embeddable":true,"href":"http:\/\/www.korhanyilmaz.com\/index.php?rest_route=\/wp\/v2\/users\/1"}],"replies":[{"embeddable":true,"href":"http:\/\/www.korhanyilmaz.com\/index.php?rest_route=%2Fwp%2Fv2%2Fcomments&post=38984"}],"version-history":[{"count":0,"href":"http:\/\/www.korhanyilmaz.com\/index.php?rest_route=\/wp\/v2\/posts\/38984\/revisions"}],"wp:attachment":[{"href":"http:\/\/www.korhanyilmaz.com\/index.php?rest_route=%2Fwp%2Fv2%2Fmedia&parent=38984"}],"wp:term":[{"taxonomy":"category","embeddable":true,"href":"http:\/\/www.korhanyilmaz.com\/index.php?rest_route=%2Fwp%2Fv2%2Fcategories&post=38984"},{"taxonomy":"post_tag","embeddable":true,"href":"http:\/\/www.korhanyilmaz.com\/index.php?rest_route=%2Fwp%2Fv2%2Ftags&post=38984"}],"curies":[{"name":"wp","href":"https:\/\/api.w.org\/{rel}","templated":true}]}}