{"id":38978,"date":"2011-08-25T23:10:48","date_gmt":"2011-08-25T20:10:48","guid":{"rendered":"http:\/\/www.korhanyilmaz.com\/?p=38978"},"modified":"2011-08-26T02:06:25","modified_gmt":"2011-08-25T23:06:25","slug":"basbakan-yardimcisiydi-rektor-oldu","status":"publish","type":"post","link":"http:\/\/www.korhanyilmaz.com\/?p=38978","title":{"rendered":"Ba\u015fbakan yard\u0131mc\u0131s\u0131yd\u0131, rekt\u00f6r oldu"},"content":{"rendered":"<p style=\"text-align: justify;\"><a href=\"http:\/\/www.korhanyilmaz.com\/wp-content\/uploads\/2011\/08\/7040.jpg\"  class=\"lightview\"><img loading=\"lazy\" decoding=\"async\" class=\"aligncenter size-full wp-image-38979\" title=\"\" src=\"http:\/\/www.korhanyilmaz.com\/wp-content\/uploads\/2011\/08\/7040.jpg\" alt=\"\" width=\"349\" height=\"216\" \/><\/a><\/p>\n<p style=\"text-align: justify;\">Y\u00d6K Genel Kurulu toplant\u0131s\u0131nda, 60. h\u00fck\u00fcmet d\u00f6neminde devlet bakan\u0131 ve ba\u015fbakan yard\u0131mc\u0131s\u0131 olarak g\u00f6rev yapan Prof. Dr. Naz\u0131m Ekren, \u0130stanbul Ticaret \u00dcniversitesi&#8217;ne rekt\u00f6r olarak atand\u0131.<\/p>\n<p style=\"text-align: justify;\">Toplant\u0131da, Eski\u015fehir Osmangazi \u00dcniversitesine rekt\u00f6r se\u00e7imi i\u00e7in Cumhurba\u015fkanl\u0131\u011f\u0131na s\u0131ras\u0131yla Prof. Dr. Mehmet \u015ei\u015fman, Prof. Dr. Hasan G\u00f6nen, Prof. Dr. Yavuz Be\u015fo\u011ful&#8217;un isimlerinin bildirilmesi de karara ba\u011fland\u0131.\u00a0<!--more--><\/p>\n<p style=\"text-align: justify;\">Bug\u00fcn toplanan Y\u00d6K Genel Kurulu toplant\u0131s\u0131n\u0131n ard\u0131ndan yaz\u0131l\u0131 a\u00e7\u0131klama yap\u0131ld\u0131. A\u00e7\u0131klamada, e\u011fitim, kadro, mevzuat ve vak\u0131f \u00fcniversiteleri koordinasyon komisyonlar\u0131 raporlar\u0131n\u0131n ele al\u0131nd\u0131\u011f\u0131 belirtildi.<\/p>\n<p style=\"text-align: justify;\">A\u00e7\u0131klamada, Eski\u015fehir Osmangazi \u00dcniversitesinde se\u00e7imle belirlenen 6 aday aras\u0131ndan, Y\u00fcksek\u00f6\u011fretim Genel Kurulu&#8217;nda yap\u0131lan se\u00e7im sonucunda 3 aday\u0131n belirlendi\u011fi bildirildi. Buna g\u00f6re, s\u0131ras\u0131yla Prof. Dr. Mehmet \u015ei\u015fman, Prof. Dr. Hasan G\u00f6nen, Prof. Dr. Yavuz Be\u015fo\u011ful&#8217;un isimlerinin Cumhurba\u015fkanl\u0131\u011f\u0131 makam\u0131na bildirilmesine karar verildi.<\/p>\n<p style=\"text-align: justify;\">A\u00e7\u0131klamaya g\u00f6re, genel kurulda 4 vak\u0131f \u00fcniversitesinin m\u00fctevelli heyeti taraf\u0131ndan rekt\u00f6r aday\u0131 olarak \u00f6nerilen adaylarla ilgili olumlu g\u00f6r\u00fc\u015f bildirilmesine karar verildi.<\/p>\n<p style=\"text-align: justify;\">\u0130stanbul Ayd\u0131n \u00dcniversitesi i\u00e7in Prof. Dr. Yadigar \u0130zmirli, \u0130stanbul Geli\u015fim \u00dcniversitesi Prof. Dr. Mesut G\u00fcner, \u0130stanbul Ticaret \u00dcniversitesi Prof. Dr. Naz\u0131m Ekren, \u00dcsk\u00fcdar \u00dcniversitesi Prof. Dr. K. Nevzat Tarhan rekt\u00f6r olarak belirlendi.<\/p>\n<p style=\"text-align: justify;\">Genel kurul toplant\u0131s\u0131nda, 38 fak\u00fclteye dekan atamas\u0131 da ger\u00e7ekle\u015ftirildi.<\/p>\n<p style=\"text-align: justify;\">Y\u00d6K Genel Kurulu, 22 Eyl\u00fcl&#8217;de toplanacak.<\/p>\n<p style=\"text-align: justify;\"><a href=\"http:\/\/www.cnnturk.com\/2011\/turkiye\/08\/25\/basbakan.yardimcisiydi.rektor.oldu\/627329.0\/index.html\" target=\"_blank\">Kaynak : CNN T\u00dcRK<\/a><\/p>\n","protected":false},"excerpt":{"rendered":"<p style=\"text-align: justify;\">\n<p style=\"text-align: justify;\">Y\u00d6K Genel Kurulu toplant\u0131s\u0131nda, 60. h\u00fck\u00fcmet d\u00f6neminde devlet bakan\u0131 ve ba\u015fbakan yard\u0131mc\u0131s\u0131 olarak g\u00f6rev yapan Prof. Dr. Naz\u0131m Ekren, \u0130stanbul Ticaret \u00dcniversitesi&#8217;ne rekt\u00f6r olarak atand\u0131.<\/p>\n<p style=\"text-align: justify;\">Toplant\u0131da, Eski\u015fehir Osmangazi \u00dcniversitesine rekt\u00f6r se\u00e7imi i\u00e7in Cumhurba\u015fkanl\u0131\u011f\u0131na s\u0131ras\u0131yla Prof. Dr. Mehmet \u015ei\u015fman, Prof. Dr. Hasan G\u00f6nen, Prof. Dr. Yavuz Be\u015fo\u011ful&#8217;un isimlerinin bildirilmesi <\/p>\n","protected":false},"author":1,"featured_media":0,"comment_status":"open","ping_status":"open","sticky":false,"template":"","format":"standard","meta":{"footnotes":""},"categories":[105],"tags":[],"class_list":["post-38978","post","type-post","status-publish","format-standard","hentry","category-gundem","odd"],"_links":{"self":[{"href":"http:\/\/www.korhanyilmaz.com\/index.php?rest_route=\/wp\/v2\/posts\/38978","targetHints":{"allow":["GET"]}}],"collection":[{"href":"http:\/\/www.korhanyilmaz.com\/index.php?rest_route=\/wp\/v2\/posts"}],"about":[{"href":"http:\/\/www.korhanyilmaz.com\/index.php?rest_route=\/wp\/v2\/types\/post"}],"author":[{"embeddable":true,"href":"http:\/\/www.korhanyilmaz.com\/index.php?rest_route=\/wp\/v2\/users\/1"}],"replies":[{"embeddable":true,"href":"http:\/\/www.korhanyilmaz.com\/index.php?rest_route=%2Fwp%2Fv2%2Fcomments&post=38978"}],"version-history":[{"count":0,"href":"http:\/\/www.korhanyilmaz.com\/index.php?rest_route=\/wp\/v2\/posts\/38978\/revisions"}],"wp:attachment":[{"href":"http:\/\/www.korhanyilmaz.com\/index.php?rest_route=%2Fwp%2Fv2%2Fmedia&parent=38978"}],"wp:term":[{"taxonomy":"category","embeddable":true,"href":"http:\/\/www.korhanyilmaz.com\/index.php?rest_route=%2Fwp%2Fv2%2Fcategories&post=38978"},{"taxonomy":"post_tag","embeddable":true,"href":"http:\/\/www.korhanyilmaz.com\/index.php?rest_route=%2Fwp%2Fv2%2Ftags&post=38978"}],"curies":[{"name":"wp","href":"https:\/\/api.w.org\/{rel}","templated":true}]}}