{"id":38971,"date":"2011-08-25T17:13:40","date_gmt":"2011-08-25T14:13:40","guid":{"rendered":"http:\/\/www.korhanyilmaz.com\/?p=38971"},"modified":"2011-08-26T02:07:21","modified_gmt":"2011-08-25T23:07:21","slug":"protokol-onunde-ilginc-fotograf","status":"publish","type":"post","link":"http:\/\/www.korhanyilmaz.com\/?p=38971","title":{"rendered":"Protokol \u00f6n\u00fcnde ilgin\u00e7 foto\u011fraf"},"content":{"rendered":"<p style=\"text-align: center;\"><a href=\"http:\/\/www.korhanyilmaz.com\/wp-content\/uploads\/2011\/08\/7039.jpg\"  class=\"lightview\"><img loading=\"lazy\" decoding=\"async\" class=\"aligncenter size-full wp-image-38975\" src=\"http:\/\/www.korhanyilmaz.com\/wp-content\/uploads\/2011\/08\/7039.jpg\" alt=\"\" width=\"345\" height=\"266\" \/><\/a><\/p>\n<p style=\"text-align: justify;\">Kastamonu&#8217;nun \u0130nebolu il\u00e7esinde, ulu \u00f6nder Mustafa Kemal Atat\u00fcrk&#8217;\u00fcn kentte gelip \u015fapkay\u0131 tan\u0131tt\u0131\u011f\u0131 ziyaretin 86&#8217;nc\u0131 y\u0131ld\u00f6n\u00fcm\u00fc, t\u00f6renle kutland\u0131. T\u00f6ren program\u0131n\u0131n ba\u015f\u0131nda \u0130stiklal Mar\u015f\u0131 okunurken ya\u015fl\u0131 bir kad\u0131n\u0131n, a\u011f\u0131r ad\u0131mlarla protokol\u00fcn \u00f6n\u00fcnde y\u00fcr\u00fcmesi, ilgin\u00e7 bir g\u00f6r\u00fcnt\u00fc ortaya \u00e7\u0131kard\u0131.\u00a0<!--more--><\/p>\n<p style=\"text-align: justify;\">(DHA) &#8212; T\u00fcrk Oca\u011f\u0131 binas\u0131 \u00f6n\u00fcnde d\u00fczenlenen t\u00f6rene, Kastamonu Valisi Erdo\u011fan Bekta\u015f, Vali Yard\u0131mc\u0131s\u0131 \u00d6mer Faruk Ate\u015f, Kaymakam Kubilay Ant, Kastamonu Jandarma Komutan\u0131 Albay Tevfik Anzerlio\u011flu, &#8216;TCG Salihreis&#8217; Firkateyni Komutan\u0131 Kurmay Yarbay \u00d6zcan Altunbulak, Belediye Ba\u015fkan\u0131 Engin Uzuner, Cumhuriyet Ba\u015fsavc\u0131s\u0131 \u00dcmit \u00d6zkan, protokol \u00fcyeleri ve \u00e7ok say\u0131da ki\u015fi kat\u0131ld\u0131.<\/p>\n<p style=\"text-align: justify;\">Sayg\u0131 duru\u015fu ve \u0130stiklal Mar\u015f\u0131&#8217;n\u0131n okunmas\u0131yla ba\u015flayan t\u00f6rende konu\u015fan Vali Erdo\u011fan Bekta\u015f, \u0130stiklal Yolu&#8217;nun ba\u015flang\u0131c\u0131 olan \u0130nebolu&#8217;nun Kurtulu\u015f Sava\u015f\u0131&#8217;ndaki \u00f6nemine de\u011finerek, &#8220;T\u00fcrkiye Cumhuriyeti, Atat\u00fcrk&#8217;\u00fcn bir projesi. Bu projenin en \u00f6nemli ayaklar\u0131ndan biri de \u015eapka ve K\u0131yafet \u0130nk\u0131lab\u0131&#8217;d\u0131r. Mustafa Kemal Atat\u00fcrk bu projenin en \u00f6nemli ayaklar\u0131ndan birini ba\u015flatmay\u0131 Kastamonu&#8217;da ve \u0130nebolu&#8217;da uygun bulmu\u015ftur&#8221; dedi.<\/p>\n<p style=\"text-align: justify;\"><strong>Nineye selam\u00a0<\/strong><\/p>\n<p style=\"text-align: justify;\">T\u00fcrk Oca\u011f\u0131 binas\u0131 \u00f6n\u00fcndeki program\u0131n ba\u015flang\u0131c\u0131nda \u0130stiklal Mar\u015f\u0131 okunurken, protokol trib\u00fcn\u00fcn\u00fcn \u00f6n\u00fcnden ge\u00e7en ya\u015fl\u0131 kad\u0131n, herkesi \u015fa\u015f\u0131rtt\u0131.<\/p>\n<p style=\"text-align: center;\"><a href=\"http:\/\/www.korhanyilmaz.com\/wp-content\/uploads\/2011\/08\/7037.jpg\"  class=\"lightview\"><img loading=\"lazy\" decoding=\"async\" class=\"size-full wp-image-38972 aligncenter\" src=\"http:\/\/www.korhanyilmaz.com\/wp-content\/uploads\/2011\/08\/7037.jpg\" alt=\"\" width=\"406\" height=\"210\" \/><\/a><\/p>\n<p style=\"text-align: justify;\">\u00a0\u00c7ar\u015f\u0131 merkezine do\u011fru giden ya\u015fl\u0131 kad\u0131n\u0131n a\u011f\u0131r ad\u0131mlarla ge\u00e7i\u015fi s\u0131ras\u0131nda, Vali Erdo\u011fan Bekta\u015f ile birlikte protokol trib\u00fcn\u00fcndeki herkesin sayg\u0131 duru\u015funda bulunmas\u0131 ortaya ilgin\u00e7 g\u00f6r\u00fcnt\u00fcler \u00e7\u0131kard\u0131.<\/p>\n<p style=\"text-align: center;\"><a href=\"http:\/\/www.korhanyilmaz.com\/wp-content\/uploads\/2011\/08\/7038.jpg\"  class=\"lightview\"><img loading=\"lazy\" decoding=\"async\" class=\"size-full wp-image-38973 aligncenter\" src=\"http:\/\/www.korhanyilmaz.com\/wp-content\/uploads\/2011\/08\/7038.jpg\" alt=\"\" width=\"406\" height=\"210\" \/><\/a><\/p>\n<p style=\"text-align: justify;\">Ya\u015fl\u0131 kad\u0131n, her\u015feyden habersiz yoluna devam etti.<\/p>\n<p style=\"text-align: justify;\"><a href=\"http:\/\/www.cnnturk.com\/2011\/yasam\/diger\/08\/25\/protokol.onunde.ilginc.fotograf\/627294.0\/index.html\" target=\"_blank\">Kaynak : CNN T\u00dcRK<\/a><\/p>\n","protected":false},"excerpt":{"rendered":"<p style=\"text-align: center;\">\n<p style=\"text-align: justify;\">Kastamonu&#8217;nun \u0130nebolu il\u00e7esinde, ulu \u00f6nder Mustafa Kemal Atat\u00fcrk&#8217;\u00fcn kentte gelip \u015fapkay\u0131 tan\u0131tt\u0131\u011f\u0131 ziyaretin 86&#8217;nc\u0131 y\u0131ld\u00f6n\u00fcm\u00fc, t\u00f6renle kutland\u0131. T\u00f6ren program\u0131n\u0131n ba\u015f\u0131nda \u0130stiklal Mar\u015f\u0131 okunurken ya\u015fl\u0131 bir kad\u0131n\u0131n, a\u011f\u0131r ad\u0131mlarla protokol\u00fcn \u00f6n\u00fcnde y\u00fcr\u00fcmesi, ilgin\u00e7 bir g\u00f6r\u00fcnt\u00fc ortaya \u00e7\u0131kard\u0131. <\/p>\n","protected":false},"author":1,"featured_media":0,"comment_status":"open","ping_status":"open","sticky":false,"template":"","format":"standard","meta":{"footnotes":""},"categories":[105],"tags":[],"class_list":["post-38971","post","type-post","status-publish","format-standard","hentry","category-gundem","odd"],"_links":{"self":[{"href":"http:\/\/www.korhanyilmaz.com\/index.php?rest_route=\/wp\/v2\/posts\/38971","targetHints":{"allow":["GET"]}}],"collection":[{"href":"http:\/\/www.korhanyilmaz.com\/index.php?rest_route=\/wp\/v2\/posts"}],"about":[{"href":"http:\/\/www.korhanyilmaz.com\/index.php?rest_route=\/wp\/v2\/types\/post"}],"author":[{"embeddable":true,"href":"http:\/\/www.korhanyilmaz.com\/index.php?rest_route=\/wp\/v2\/users\/1"}],"replies":[{"embeddable":true,"href":"http:\/\/www.korhanyilmaz.com\/index.php?rest_route=%2Fwp%2Fv2%2Fcomments&post=38971"}],"version-history":[{"count":0,"href":"http:\/\/www.korhanyilmaz.com\/index.php?rest_route=\/wp\/v2\/posts\/38971\/revisions"}],"wp:attachment":[{"href":"http:\/\/www.korhanyilmaz.com\/index.php?rest_route=%2Fwp%2Fv2%2Fmedia&parent=38971"}],"wp:term":[{"taxonomy":"category","embeddable":true,"href":"http:\/\/www.korhanyilmaz.com\/index.php?rest_route=%2Fwp%2Fv2%2Fcategories&post=38971"},{"taxonomy":"post_tag","embeddable":true,"href":"http:\/\/www.korhanyilmaz.com\/index.php?rest_route=%2Fwp%2Fv2%2Ftags&post=38971"}],"curies":[{"name":"wp","href":"https:\/\/api.w.org\/{rel}","templated":true}]}}