{"id":38943,"date":"2011-08-24T20:57:24","date_gmt":"2011-08-24T17:57:24","guid":{"rendered":"http:\/\/www.korhanyilmaz.com\/?p=38943"},"modified":"2011-08-25T10:38:26","modified_gmt":"2011-08-25T07:38:26","slug":"ataturkun-olumuyle-ilgili-carpici-iddia","status":"publish","type":"post","link":"http:\/\/www.korhanyilmaz.com\/?p=38943","title":{"rendered":"\u2018Atat\u00fcrk 9 Kas\u0131m\u2019da vefat etti\u2019 iddias\u0131"},"content":{"rendered":"<p style=\"text-align: center;\"><a href=\"http:\/\/www.korhanyilmaz.com\/wp-content\/uploads\/2011\/08\/7033.jpg\"  class=\"lightview\"><img loading=\"lazy\" decoding=\"async\" class=\"aligncenter size-full wp-image-38944\" src=\"http:\/\/www.korhanyilmaz.com\/wp-content\/uploads\/2011\/08\/7033.jpg\" alt=\"\" width=\"311\" height=\"239\" \/><\/a><\/p>\n<p style=\"text-align: justify;\">Tarih\u00e7ilere g\u00f6re bu iddiay\u0131 do\u011frulayacak bir bilgi yok.<\/p>\n<p style=\"text-align: justify;\">Latife Han\u0131m\u2019\u0131n ye\u011feni Mehmet Sad\u0131k \u00d6ke, \u2018Teyzem Latife\u2019 adl\u0131 kitab\u0131nda Ata\u00fcrk\u2019\u00fcn 9 Kas\u0131m 1938\u2019de \u00f6ld\u00fc\u011f\u00fcn\u00fc iddia etti. Tarih\u00e7ilere g\u00f6re ise Atat\u00fcrk\u2019\u00fcn sa\u011fl\u0131\u011f\u0131yla ilgili belgelerde \u00f6l\u00fcm raporu a\u00e7\u0131k ve bu iddiay\u0131 do\u011frulayacak bir bilgi yok.<\/p>\n<p style=\"text-align: justify;\">Latife Han\u0131m\u2019\u0131n k\u0131z karde\u015fi Vecihe \u0130lmen\u2019in torunu Mehmet Sad\u0131k \u00d6ke, Fatih Bayhan\u2019la yazd\u0131\u011f\u0131 \u201cTeyzem Latife\u201d adl\u0131 kitapta Atat\u00fcrk\u2019\u00fcn \u00f6l\u00fcm tarihiyle ilgili tart\u0131\u015fmay\u0131 yeniden ate\u015fledi. \u00d6ke\u2019nin iddias\u0131na g\u00f6re Atat\u00fcrk 10 Kas\u0131m\u2019da de\u011fil 9 Kas\u0131m 1938\u2019de \u00f6lm\u00fc\u015ft\u00fc.<!--more--><\/p>\n<p style=\"text-align: justify;\"><strong>\u00d6l\u00fcm raporu ve doktorunun notlar\u0131\u00a0<\/strong><\/p>\n<p style=\"text-align: justify;\">Ancak tarih\u00e7ilere g\u00f6re bu imkans\u0131z. \u00c7\u00fcnk\u00fc Atat\u00fcrk\u2019\u00fcn \u00f6l\u00fcm raporunda \u00f6l\u00fcm g\u00fcn\u00fc ve saati gayet a\u00e7\u0131k. Atat\u00fcrk \u00f6ld\u00fc\u011f\u00fcnde yan\u0131nda bulunan doktor Mehmet Kamil Berk\u2019in \u0130stanbul \u00dcniversitesi T\u0131p Tarihi M\u00fczesine b\u0131rakt\u0131\u011f\u0131 ve 1955\u2019te yay\u0131nlanan notlar\u0131nda da \u00f6l\u00fcm raporuyla ayn\u0131 bilgiler yer al\u0131yor.<\/p>\n<p style=\"text-align: justify;\">Dr. Berk notlar\u0131nda \u201c&#8230;Son koma, vefat\u0131ndan takriben iki g\u00fcn evvel gelmeye ba\u015flad\u0131.. Ve tatbik edilen tedavilere ve daimi oksijen koklat\u0131lmas\u0131na ra\u011fmen 10 te\u015frini sani 1938\u2019de saat 9\u2019u 5 ge\u00e7e teslim-i ruh eyledi. \u00c7enesini ipek mendili ve ayak ba\u015fparmaklar\u0131n\u0131 bir pansuman sarg\u0131y\u0131sla ba\u011flad\u0131m\u201d diye yazm\u0131\u015ft\u0131. Ayn\u0131 konuda daha \u00f6nce g\u00fcndeme gelen bir ba\u015fka iddiaya g\u00f6re ise Atat\u00fcrk, \u00f6l\u00fcm d\u00f6\u015fe\u011finde aras\u0131n\u0131n o d\u00f6nem bozuk oldu\u011fu \u0130smet \u0130n\u00f6n\u00fc\u2019n\u00fcn \u00f6ld\u00fc\u011f\u00fcn\u00fc zannetti\u011fi i\u00e7in \u00e7ocuklar\u0131 \u00d6mer, Erdal ve \u00d6zden\u2019in e\u011fitimleri i\u00e7in miras\u0131ndan pay b\u0131rakm\u0131\u015ft\u0131.<\/p>\n<p style=\"text-align: justify;\"><strong>\u201cDoktor raporlar\u0131 ortada\u201d\u00a0<\/strong><\/p>\n<p style=\"text-align: justify;\">&#8211; Prof. Dr. Mehmet Saray (Atat\u00fcrk Ara\u015ft\u0131rma Merkezi Eski Ba\u015fkan\u0131):\u201cB\u0131rak\u0131n T\u00fcrk hekimleri Atat\u00fcrk\u2019\u00fcn ba\u015f\u0131nda yabanc\u0131 hekimler de vard\u0131. Atat\u00fcrk\u2019\u00fcn hangi g\u00fcn saat ka\u00e7ta \u00f6ld\u00fc\u011f\u00fcn\u00fc resmen ve t\u0131bben ilan eden de onlar. Bunlar \u00f6yle duyumlarla iddia edilecek konular de\u011fil.\u201d<\/p>\n<p style=\"text-align: justify;\"><strong>&#8220;\u00d6l\u00fcm\u00fcyle ilgili bir \u00e7ok belge ve rapor var&#8221;\u00a0<\/strong><\/p>\n<p style=\"text-align: justify;\">&#8211; Turgut \u00d6zakman (Tarih\u00e7i-Yazar): \u201cMasalc\u0131l\u0131ktan ba\u015fka bir \u015fey de\u011fil. B\u00f6yle bir \u015fey olur mu? Tutulmu\u015f g\u00fcnceler, Atat\u00fcrk\u2019\u00fc ziyaret edenlerin yazd\u0131\u011f\u0131 defterler var. Doktorlar\u0131n g\u00fcnl\u00fck raporlar\u0131 ve \u00f6l\u00fcm raporu da ortada. O tarihlerde radyodan Atat\u00fcrk\u2019le ilgili g\u00fcnl\u00fck sa\u011fl\u0131k tebli\u011fi vermeye ba\u015flam\u0131\u015flard\u0131. Biz de radyo yoktu ama kom\u015fumuzun evine gider, bu sa\u011fl\u0131k tebli\u011flerini dinlerdik. Bunlar\u0131n hepsi bo\u015f iddia.\u201d<\/p>\n<p style=\"text-align: justify;\"><strong>&#8220;\u0130ddiay\u0131 Benal Nevzat Han\u0131m\u2019dan duydum&#8221;\u00a0<\/strong><\/p>\n<p style=\"text-align: justify;\">&#8211; Mehmet Sad\u0131k \u00d6ke (Latife Han\u0131m\u2019\u0131n ye\u011feni): \u201cBabam Prof. Dr. Nevzat \u00d6ke\u2019nin teyzesi Benal Nevzat Han\u0131m, Atat\u00fcrk\u2019\u00fcn se\u00e7ti\u011fi ilk kad\u0131n milletvekillerinden biriydi. Bu bilginin kayna\u011f\u0131 da Benal Nevzat Han\u0131m. Ben bunu kendisinden dinledim. Bir g\u00fcnl\u00fck ge\u00e7 a\u00e7\u0131klaman\u0131n nedeninin Ata\u2019n\u0131n \u00f6l\u00fcm\u00fcn\u00fcn arkas\u0131ndan Cumhurba\u015fkan\u0131 se\u00e7imleriyle ilgili oldu\u011fu konu\u015fulurdu. O d\u00f6nem \u0130smet Pa\u015fa ve Celal Bayar\u2019\u0131 Cumhurba\u015fkan\u0131 olmas\u0131n\u0131 isteyen iki ayr\u0131 grup oldu\u011funu ancak Mare\u015fal Fevzi \u00c7akmak\u2019\u0131n, Bayar\u2019a \u201cSiz s\u0131ran\u0131z\u0131 bekleyin\u201d dedikten sonra \u0130smet \u0130n\u00f6n\u00fc\u2019n\u00fcn se\u00e7ildi\u011fini anlat\u0131rlard\u0131. Ancak her 10 Kas\u0131m\u2019da Latife Teyzem b\u00fct\u00fcn aileyi evinde toplar ve bir \u00f6\u011fle yeme\u011fi daveti verirdi. Rak\u0131y\u0131 sevmemesine ra\u011fmen o yemeklerde bir kadeh rak\u0131 i\u00e7erdi. &#8220;<\/p>\n<p style=\"text-align: justify;\"><a href=\"http:\/\/haber.gazetevatan.com\/ataturk-9-kasimda-vefat-etti-iddiasi\/396107\/1\/Gundem\" target=\"_blank\">Kaynak : VATAN Gazetesi<\/a><\/p>\n","protected":false},"excerpt":{"rendered":"<p style=\"text-align: center;\">\n<p style=\"text-align: justify;\">Tarih\u00e7ilere g\u00f6re bu iddiay\u0131 do\u011frulayacak bir bilgi yok.<\/p>\n<p style=\"text-align: justify;\">Latife Han\u0131m\u2019\u0131n ye\u011feni Mehmet Sad\u0131k \u00d6ke, \u2018Teyzem Latife\u2019 adl\u0131 kitab\u0131nda Ata\u00fcrk\u2019\u00fcn 9 Kas\u0131m 1938\u2019de \u00f6ld\u00fc\u011f\u00fcn\u00fc iddia etti. Tarih\u00e7ilere g\u00f6re ise Atat\u00fcrk\u2019\u00fcn sa\u011fl\u0131\u011f\u0131yla ilgili belgelerde \u00f6l\u00fcm raporu a\u00e7\u0131k ve bu iddiay\u0131 do\u011frulayacak bir bilgi yok.<\/p>\n<p style=\"text-align: justify;\">Latife Han\u0131m\u2019\u0131n k\u0131z karde\u015fi <\/p>\n","protected":false},"author":1,"featured_media":0,"comment_status":"open","ping_status":"open","sticky":false,"template":"","format":"standard","meta":{"footnotes":""},"categories":[105],"tags":[],"class_list":["post-38943","post","type-post","status-publish","format-standard","hentry","category-gundem","odd"],"_links":{"self":[{"href":"http:\/\/www.korhanyilmaz.com\/index.php?rest_route=\/wp\/v2\/posts\/38943","targetHints":{"allow":["GET"]}}],"collection":[{"href":"http:\/\/www.korhanyilmaz.com\/index.php?rest_route=\/wp\/v2\/posts"}],"about":[{"href":"http:\/\/www.korhanyilmaz.com\/index.php?rest_route=\/wp\/v2\/types\/post"}],"author":[{"embeddable":true,"href":"http:\/\/www.korhanyilmaz.com\/index.php?rest_route=\/wp\/v2\/users\/1"}],"replies":[{"embeddable":true,"href":"http:\/\/www.korhanyilmaz.com\/index.php?rest_route=%2Fwp%2Fv2%2Fcomments&post=38943"}],"version-history":[{"count":0,"href":"http:\/\/www.korhanyilmaz.com\/index.php?rest_route=\/wp\/v2\/posts\/38943\/revisions"}],"wp:attachment":[{"href":"http:\/\/www.korhanyilmaz.com\/index.php?rest_route=%2Fwp%2Fv2%2Fmedia&parent=38943"}],"wp:term":[{"taxonomy":"category","embeddable":true,"href":"http:\/\/www.korhanyilmaz.com\/index.php?rest_route=%2Fwp%2Fv2%2Fcategories&post=38943"},{"taxonomy":"post_tag","embeddable":true,"href":"http:\/\/www.korhanyilmaz.com\/index.php?rest_route=%2Fwp%2Fv2%2Ftags&post=38943"}],"curies":[{"name":"wp","href":"https:\/\/api.w.org\/{rel}","templated":true}]}}