{"id":38933,"date":"2011-08-25T07:37:59","date_gmt":"2011-08-25T04:37:59","guid":{"rendered":"http:\/\/www.korhanyilmaz.com\/?p=38933"},"modified":"2011-08-25T07:37:59","modified_gmt":"2011-08-25T04:37:59","slug":"jet-fadil-1-5-milyon-dolara-deniz-taksinin-adini-%e2%80%98capsea%e2%80%99-yapti","status":"publish","type":"post","link":"http:\/\/www.korhanyilmaz.com\/?p=38933","title":{"rendered":"Jet Fad\u0131l, 1.5 milyon dolara deniz taksinin ad\u0131n\u0131 \u2018Capsea\u2019 yapt\u0131"},"content":{"rendered":"<p style=\"text-align: center;\"><a href=\"http:\/\/www.korhanyilmaz.com\/wp-content\/uploads\/2011\/08\/7031.jpg\"  class=\"lightview\"><img loading=\"lazy\" decoding=\"async\" class=\"aligncenter size-full wp-image-38934\" src=\"http:\/\/www.korhanyilmaz.com\/wp-content\/uploads\/2011\/08\/7031.jpg\" alt=\"\" width=\"400\" height=\"209\" \/><\/a><\/p>\n<p style=\"text-align: justify;\">\u00d6zelle\u015ftirilen \u0130stanbul B\u00fcy\u00fck\u015fehir Belediyesi \u015firketlerinden \u0130DO\u2019nun denetiminde Teknomar Denizcilik taraf\u0131ndan i\u015fletilen Deniz Taksi\u2019yi kamuoyunda \u201cJet Fad\u0131l\u201d olarak tan\u0131nan i\u015fadam\u0131 Fad\u0131l Akg\u00fcnd\u00fcz sat\u0131n ald\u0131.\u00a0<!--more--><\/p>\n<p style=\"text-align: justify;\">Anla\u015fmadan sonra \u015firketin Genel M\u00fcd\u00fcr\u00fc G\u00fcrkan Canga\u2019n\u0131n yerine de Giray Ozan getirildi. 1.5 milyon dolar yat\u0131r\u0131m yapan Fad\u0131l Akg\u00fcnd\u00fcz, Deniz Taksi\u2019nin ad\u0131n\u0131 da de\u011fi\u015ftirip Capsea yapt\u0131. Deniz Taksi lisans\u0131n\u0131n kendilerinde oldu\u011funu s\u00f6yleyen Fad\u0131l Akg\u00fcnd\u00fcz, birka\u00e7 y\u0131l i\u00e7inde denizdeki taksilerin say\u0131s\u0131n\u0131 ilk etapta 100\u2019e sonra da 1000\u2019e \u00e7\u0131kararak \u0130stanbul trafi\u011fini rahatlatmak istediklerini s\u00f6yledi. Teknomar\u2019\u0131n sahibi Alphan Manas da Deniz Taksi\u2019nin Fad\u0131l Akg\u00fcnd\u00fcz\u2019e sat\u0131\u015f\u0131n\u0131 do\u011frulayarak, resmi i\u015flemler tamamlanmad\u0131\u011f\u0131 i\u00e7in sat\u0131\u015f\u0131 hen\u00fcz a\u00e7\u0131klamad\u0131klar\u0131n\u0131 s\u00f6yledi. Manas, \u015firketin bedelini ise a\u00e7\u0131klamad\u0131.<\/p>\n<p style=\"text-align: justify;\"><a href=\"http:\/\/www.hurriyet.com.tr\/ekonomi\/18571944.asp\" target=\"_blank\">Kaynak : H\u00fcrriyet.com.tr<\/a><\/p>\n","protected":false},"excerpt":{"rendered":"<p style=\"text-align: center;\">\n<p style=\"text-align: justify;\">\u00d6zelle\u015ftirilen \u0130stanbul B\u00fcy\u00fck\u015fehir Belediyesi \u015firketlerinden \u0130DO\u2019nun denetiminde Teknomar Denizcilik taraf\u0131ndan i\u015fletilen Deniz Taksi\u2019yi kamuoyunda \u201cJet Fad\u0131l\u201d olarak tan\u0131nan i\u015fadam\u0131 Fad\u0131l Akg\u00fcnd\u00fcz sat\u0131n ald\u0131. <\/p>\n","protected":false},"author":1,"featured_media":0,"comment_status":"open","ping_status":"open","sticky":false,"template":"","format":"standard","meta":{"footnotes":""},"categories":[105],"tags":[],"class_list":["post-38933","post","type-post","status-publish","format-standard","hentry","category-gundem","odd"],"_links":{"self":[{"href":"http:\/\/www.korhanyilmaz.com\/index.php?rest_route=\/wp\/v2\/posts\/38933","targetHints":{"allow":["GET"]}}],"collection":[{"href":"http:\/\/www.korhanyilmaz.com\/index.php?rest_route=\/wp\/v2\/posts"}],"about":[{"href":"http:\/\/www.korhanyilmaz.com\/index.php?rest_route=\/wp\/v2\/types\/post"}],"author":[{"embeddable":true,"href":"http:\/\/www.korhanyilmaz.com\/index.php?rest_route=\/wp\/v2\/users\/1"}],"replies":[{"embeddable":true,"href":"http:\/\/www.korhanyilmaz.com\/index.php?rest_route=%2Fwp%2Fv2%2Fcomments&post=38933"}],"version-history":[{"count":0,"href":"http:\/\/www.korhanyilmaz.com\/index.php?rest_route=\/wp\/v2\/posts\/38933\/revisions"}],"wp:attachment":[{"href":"http:\/\/www.korhanyilmaz.com\/index.php?rest_route=%2Fwp%2Fv2%2Fmedia&parent=38933"}],"wp:term":[{"taxonomy":"category","embeddable":true,"href":"http:\/\/www.korhanyilmaz.com\/index.php?rest_route=%2Fwp%2Fv2%2Fcategories&post=38933"},{"taxonomy":"post_tag","embeddable":true,"href":"http:\/\/www.korhanyilmaz.com\/index.php?rest_route=%2Fwp%2Fv2%2Ftags&post=38933"}],"curies":[{"name":"wp","href":"https:\/\/api.w.org\/{rel}","templated":true}]}}