{"id":38922,"date":"2011-08-24T18:56:22","date_gmt":"2011-08-24T15:56:22","guid":{"rendered":"http:\/\/www.korhanyilmaz.com\/?p=38922"},"modified":"2011-08-25T07:05:45","modified_gmt":"2011-08-25T04:05:45","slug":"tugamiral-alaettin-sevim-tutuklandi","status":"publish","type":"post","link":"http:\/\/www.korhanyilmaz.com\/?p=38922","title":{"rendered":"Tu\u011famiral Alaettin Sevim tutukland\u0131"},"content":{"rendered":"<p style=\"text-align: center;\"><a href=\"http:\/\/www.korhanyilmaz.com\/wp-content\/uploads\/2011\/08\/7029.jpg\"  class=\"lightview\"><img loading=\"lazy\" decoding=\"async\" class=\"aligncenter size-full wp-image-38923\" src=\"http:\/\/www.korhanyilmaz.com\/wp-content\/uploads\/2011\/08\/7029.jpg\" alt=\"\" width=\"400\" height=\"225\" \/><\/a><\/p>\n<p style=\"text-align: justify;\">&#8220;Kamuoyunu y\u00f6nlendirme ama\u00e7l\u0131 internet siteleri&#8221; davas\u0131 kapsam\u0131nda haklar\u0131nda yakalama emri \u00e7\u0131kart\u0131lan 14 san\u0131ktan biri olan Tu\u011famiral Alaettin Sevim tutukland\u0131.<\/p>\n<p style=\"text-align: justify;\">Be\u015fikta\u015f&#8217;taki \u0130stanbul Adliyesine \u0130stanbul Merkez Komutanl\u0131\u011fa ait ara\u00e7la \u00c7\u0131ra\u011fan Caddesi \u00fczerindeki savc\u0131 ve hakimlerin kulland\u0131\u011f\u0131 kap\u0131dan giri\u015f yapan Sevim, daha sonra i\u015flemlerinin yap\u0131lmas\u0131 amac\u0131yla \u0130stanbul 13. A\u011f\u0131r Ceza Mahkemesinin Yaz\u0131 \u0130\u015fleri M\u00fcd\u00fcrl\u00fc\u011f\u00fcne \u00e7\u0131kt\u0131. Mahkemece hakk\u0131ndaki yakalama emri y\u00fcz\u00fcne kar\u015f\u0131 okunan Sevim&#8217;in tutuklanmas\u0131na karar verildi.\u00a0<!--more--><\/p>\n<p style=\"text-align: justify;\">\u0130stanbul 13. A\u011f\u0131r Ceza Mahkemesi, 22 san\u0131kl\u0131 davada YA\u015e karar\u0131yla Kara Kuvvetleri E\u011fitim ve Doktrin Komutanl\u0131\u011f\u0131na atanan Orgeneral H\u00fcseyin Nusret<\/p>\n<p style=\"text-align: justify;\">Ta\u015fdeler, eski 1. Ordu Komutan\u0131 emekli Orgeneral Hasan I\u011fs\u0131z, Koramiral Mehmet Otuzbiro\u011flu, korgeneraller Mehmet Er\u00f6z, \u0130smail Hakk\u0131 Pekin, t\u00fcmgeneraller H\u0131fz\u0131 \u00c7ubuklu, Mustafa Bak\u0131c\u0131, Tu\u011famiral Alaettin Sevim, Albay Sedat \u00d6z\u00fcer, emekli albaylar Fuat Selvi ve Hulusi G\u00fclbahar ile Cemal G\u00f6k\u00e7eo\u011flu, Mehmet B\u00fclent<\/p>\n<p style=\"text-align: justify;\">Sar\u0131kahya ve Ziya \u0130lker G\u00f6kta\u015f hakk\u0131nda yakalama emri \u00e7\u0131kartm\u0131\u015ft\u0131.<\/p>\n<p style=\"text-align: justify;\">Bu ki\u015filerden teslim olan emekli Orgeneral I\u011fs\u0131z ve T\u00fcmgeneral \u00c7ubuklu&#8217;nun da aralar\u0131nda bulundu\u011fu 8 ki\u015fi tutuklanarak cezaevine konulmu\u015ftu.<\/p>\n<p style=\"text-align: justify;\"><a href=\"http:\/\/www.cnnturk.com\/2011\/turkiye\/08\/24\/tugamiral.alaettin.sevim.tutuklandi\/627140.0\/index.html\" target=\"_blank\">Kaynak : CNN T\u00dcRK<\/a><\/p>\n","protected":false},"excerpt":{"rendered":"<p style=\"text-align: center;\">\n<p style=\"text-align: justify;\">&#8220;Kamuoyunu y\u00f6nlendirme ama\u00e7l\u0131 internet siteleri&#8221; davas\u0131 kapsam\u0131nda haklar\u0131nda yakalama emri \u00e7\u0131kart\u0131lan 14 san\u0131ktan biri olan Tu\u011famiral Alaettin Sevim tutukland\u0131.<\/p>\n<p style=\"text-align: justify;\">Be\u015fikta\u015f&#8217;taki \u0130stanbul Adliyesine \u0130stanbul Merkez Komutanl\u0131\u011fa ait ara\u00e7la \u00c7\u0131ra\u011fan Caddesi \u00fczerindeki savc\u0131 ve hakimlerin kulland\u0131\u011f\u0131 kap\u0131dan giri\u015f yapan Sevim, daha sonra i\u015flemlerinin yap\u0131lmas\u0131 amac\u0131yla \u0130stanbul 13. A\u011f\u0131r Ceza Mahkemesinin <\/p>\n","protected":false},"author":1,"featured_media":0,"comment_status":"open","ping_status":"open","sticky":false,"template":"","format":"standard","meta":{"footnotes":""},"categories":[105],"tags":[],"class_list":["post-38922","post","type-post","status-publish","format-standard","hentry","category-gundem","odd"],"_links":{"self":[{"href":"http:\/\/www.korhanyilmaz.com\/index.php?rest_route=\/wp\/v2\/posts\/38922","targetHints":{"allow":["GET"]}}],"collection":[{"href":"http:\/\/www.korhanyilmaz.com\/index.php?rest_route=\/wp\/v2\/posts"}],"about":[{"href":"http:\/\/www.korhanyilmaz.com\/index.php?rest_route=\/wp\/v2\/types\/post"}],"author":[{"embeddable":true,"href":"http:\/\/www.korhanyilmaz.com\/index.php?rest_route=\/wp\/v2\/users\/1"}],"replies":[{"embeddable":true,"href":"http:\/\/www.korhanyilmaz.com\/index.php?rest_route=%2Fwp%2Fv2%2Fcomments&post=38922"}],"version-history":[{"count":0,"href":"http:\/\/www.korhanyilmaz.com\/index.php?rest_route=\/wp\/v2\/posts\/38922\/revisions"}],"wp:attachment":[{"href":"http:\/\/www.korhanyilmaz.com\/index.php?rest_route=%2Fwp%2Fv2%2Fmedia&parent=38922"}],"wp:term":[{"taxonomy":"category","embeddable":true,"href":"http:\/\/www.korhanyilmaz.com\/index.php?rest_route=%2Fwp%2Fv2%2Fcategories&post=38922"},{"taxonomy":"post_tag","embeddable":true,"href":"http:\/\/www.korhanyilmaz.com\/index.php?rest_route=%2Fwp%2Fv2%2Ftags&post=38922"}],"curies":[{"name":"wp","href":"https:\/\/api.w.org\/{rel}","templated":true}]}}