{"id":38912,"date":"2011-08-24T22:05:55","date_gmt":"2011-08-24T19:05:55","guid":{"rendered":"http:\/\/www.korhanyilmaz.com\/?p=38912"},"modified":"2011-08-25T06:02:09","modified_gmt":"2011-08-25T03:02:09","slug":"camide-anayasa-degistirmeye-kalkti","status":"publish","type":"post","link":"http:\/\/www.korhanyilmaz.com\/?p=38912","title":{"rendered":"Camide Anayasa de\u011fi\u015ftirmeye kalkt\u0131"},"content":{"rendered":"<p style=\"text-align: center;\"><a href=\"http:\/\/www.korhanyilmaz.com\/wp-content\/uploads\/2011\/08\/7027.jpg\"  class=\"lightview\"><img loading=\"lazy\" decoding=\"async\" class=\"aligncenter size-full wp-image-38913\" src=\"http:\/\/www.korhanyilmaz.com\/wp-content\/uploads\/2011\/08\/7027.jpg\" alt=\"\" width=\"399\" height=\"190\" \/><\/a><\/p>\n<p style=\"text-align: justify;\">Kayseri\u2019de hangi yetkiyle minbere \u00e7\u0131kt\u0131\u011f\u0131 bilinmeyen yanda\u015f yazar\u0131n camiye siyaset sokmas\u0131 ve tepki g\u00f6sterenlere de hakaret etmesi \u00f6fkeye yol a\u00e7t\u0131.<\/p>\n<p style=\"text-align: justify;\">Anayasa de\u011fi\u015fikli\u011fi tart\u0131\u015fmalar\u0131n\u0131 camiye ta\u015f\u0131yan yanda\u015f TV programc\u0131s\u0131 Senai Demirci, Kayseri Uluta\u015f Camii\u2019nde de\u011fi\u015ftirilmesi teklif dahi edilemeyecek ilk 3 maddeyi diline dolad\u0131. Diyanet\u2019in sessiz kald\u0131\u011f\u0131 olayda, Demirci kendisine tepki g\u00f6sterenlere \u201cHavlamay\u0131n\u201d dedi!\u00a0<!--more--><\/p>\n<p style=\"text-align: justify;\"><strong>Yanda\u015f yazar camide co\u015ftu!<\/strong><\/p>\n<p style=\"text-align: justify;\">Anayasa de\u011fi\u015fikli\u011fi tart\u0131\u015fmalar\u0131n\u0131 camiye ta\u015f\u0131yan TV programc\u0131s\u0131 Senai Demirci, b\u00fcy\u00fck tepki ald\u0131.<\/p>\n<p style=\"text-align: justify;\">AKP iktidar\u0131n\u0131n Anayasa\u2019y\u0131 de\u011fi\u015ftirmek i\u00e7in d\u00fc\u011fmeye basmas\u0131ndan sonra yanda\u015flar\u0131 da harekete ge\u00e7ti. Yanda\u015f yazar Senai Demirci Anayasa\u2019n\u0131n de\u011fi\u015ftirilmez ilk 3 maddesinin de\u011fi\u015ftirilmesi i\u00e7in camide vaaz vermeye kalk\u0131\u015ft\u0131. Kayseri Kocasinan \u0130l\u00e7esi Eski Sanayi Mahallesi Devlet Hastanesi yan\u0131nda bulunan ve cemaatin \u00e7o\u011funlu\u011funu hastane personelinin olu\u015fturdu\u011fu Uluta\u015f Camii\u2019nde birka\u00e7 g\u00fcnd\u00fcr vaazlar veren TV program yap\u0131mc\u0131s\u0131 ve yazar Senai Demirci bu vaazlar\u0131ndan birinde \u201cAnayasa\u2019n\u0131n ilk 3 maddesi de de\u011fi\u015ftirilebilir\u201d dedi.<\/p>\n<p style=\"text-align: justify;\"><strong>Size ne karde\u015fim!<\/strong><\/p>\n<p style=\"text-align: justify;\">Demirci vaaz\u0131nda ezan\u0131n tek merkezden okutulmas\u0131n\u0131 ele\u015ftirerek \u201cEzan\u0131 teke indirdiler, daha sonra da kald\u0131racaklar. Bu uygulama 28 \u015eubat\u2019\u0131n bir \u00fcr\u00fcn\u00fcd\u00fcr, bunun i\u00e7in M\u00fcsl\u00fcmanlar\u0131n direni\u015f g\u00f6stermesi gerekir\u201d diyerek cemaati harekete ge\u00e7meye \u00e7a\u011f\u0131rd\u0131. Cemaatten birinin Kuran-\u0131 Kerim\u2019e dokunmayla ilgili sorusu \u00fczerine konuyu Anayasa\u2019n\u0131n de\u011fi\u015ftirilemez ilk 3 maddesinin de\u011fi\u015ftirilmesine getiren Senai Demirci, \u201cSize ne karde\u015fim istersem de\u011fi\u015ftiririm, Anayasa\u2019n\u0131n ilk 3 maddesi de de\u011fi\u015febilir\u201d diye konu\u015ftu. Bunun \u00fczerine cemaatten baz\u0131 ki\u015filerle Senai Demirci aras\u0131nda tart\u0131\u015fma \u00e7\u0131kt\u0131. Demirci vaaz sonras\u0131 kendisini \u201cCamide siyaset yapmay\u0131n, siyaset yapacaksan\u0131z siyasi partilere gidin orada yap\u0131n\u201d diye uyaranlara da sinirlenip, \u201cBurada havlamay\u0131n, ba\u015fka yerde havlay\u0131n\u201d \u015feklinde hakarette bulundu. Hakarete u\u011frayan cemattten bir ki\u015fi, konuyla ilgili Kayseri M\u00fcft\u00fcl\u00fc\u011f\u00fc\u2019ne verdi\u011fi dilek\u00e7e ile \u015fikayet\u00e7i oldu.<\/p>\n<p style=\"text-align: justify;\"><a href=\"http:\/\/www.yg.yenicaggazetesi.com.tr\/habergoster.php?haber=55162\" target=\"_blank\">Kaynak : Yeni\u00e7a\u011f Gazetesi<\/a><\/p>\n","protected":false},"excerpt":{"rendered":"<p style=\"text-align: center;\">\n<p style=\"text-align: justify;\">Kayseri\u2019de hangi yetkiyle minbere \u00e7\u0131kt\u0131\u011f\u0131 bilinmeyen yanda\u015f yazar\u0131n camiye siyaset sokmas\u0131 ve tepki g\u00f6sterenlere de hakaret etmesi \u00f6fkeye yol a\u00e7t\u0131.<\/p>\n<p style=\"text-align: justify;\">Anayasa de\u011fi\u015fikli\u011fi tart\u0131\u015fmalar\u0131n\u0131 camiye ta\u015f\u0131yan yanda\u015f TV programc\u0131s\u0131 Senai Demirci, Kayseri Uluta\u015f Camii\u2019nde de\u011fi\u015ftirilmesi teklif dahi edilemeyecek ilk 3 maddeyi diline dolad\u0131. Diyanet\u2019in sessiz kald\u0131\u011f\u0131 olayda, Demirci kendisine <\/p>\n","protected":false},"author":1,"featured_media":0,"comment_status":"open","ping_status":"open","sticky":false,"template":"","format":"standard","meta":{"footnotes":""},"categories":[105],"tags":[],"class_list":["post-38912","post","type-post","status-publish","format-standard","hentry","category-gundem","odd"],"_links":{"self":[{"href":"http:\/\/www.korhanyilmaz.com\/index.php?rest_route=\/wp\/v2\/posts\/38912","targetHints":{"allow":["GET"]}}],"collection":[{"href":"http:\/\/www.korhanyilmaz.com\/index.php?rest_route=\/wp\/v2\/posts"}],"about":[{"href":"http:\/\/www.korhanyilmaz.com\/index.php?rest_route=\/wp\/v2\/types\/post"}],"author":[{"embeddable":true,"href":"http:\/\/www.korhanyilmaz.com\/index.php?rest_route=\/wp\/v2\/users\/1"}],"replies":[{"embeddable":true,"href":"http:\/\/www.korhanyilmaz.com\/index.php?rest_route=%2Fwp%2Fv2%2Fcomments&post=38912"}],"version-history":[{"count":0,"href":"http:\/\/www.korhanyilmaz.com\/index.php?rest_route=\/wp\/v2\/posts\/38912\/revisions"}],"wp:attachment":[{"href":"http:\/\/www.korhanyilmaz.com\/index.php?rest_route=%2Fwp%2Fv2%2Fmedia&parent=38912"}],"wp:term":[{"taxonomy":"category","embeddable":true,"href":"http:\/\/www.korhanyilmaz.com\/index.php?rest_route=%2Fwp%2Fv2%2Fcategories&post=38912"},{"taxonomy":"post_tag","embeddable":true,"href":"http:\/\/www.korhanyilmaz.com\/index.php?rest_route=%2Fwp%2Fv2%2Ftags&post=38912"}],"curies":[{"name":"wp","href":"https:\/\/api.w.org\/{rel}","templated":true}]}}