{"id":38908,"date":"2011-08-24T22:04:12","date_gmt":"2011-08-24T19:04:12","guid":{"rendered":"http:\/\/www.korhanyilmaz.com\/?p=38908"},"modified":"2011-08-25T05:57:53","modified_gmt":"2011-08-25T02:57:53","slug":"akp-artik-dinlemeyle-yuzlesmeli","status":"publish","type":"post","link":"http:\/\/www.korhanyilmaz.com\/?p=38908","title":{"rendered":"AKP art\u0131k dinlemeyle y\u00fczle\u015fmeli"},"content":{"rendered":"<p style=\"text-align: center;\"><a href=\"http:\/\/www.korhanyilmaz.com\/wp-content\/uploads\/2011\/08\/7026.jpg\"  class=\"lightview\"><img loading=\"lazy\" decoding=\"async\" class=\"aligncenter size-full wp-image-38909\" src=\"http:\/\/www.korhanyilmaz.com\/wp-content\/uploads\/2011\/08\/7026.jpg\" alt=\"\" width=\"419\" height=\"201\" \/><\/a><\/p>\n<p style=\"text-align: justify;\">Eski Genelkurmay Ba\u015fkan\u0131 ve kuvvet komutanlar\u0131na ait dinleme kay\u0131tlar\u0131n\u0131n internete d\u00fc\u015fmesi \u00fczerine CHP\u2019li Atilla Kart, AKP\u2019yi uyard\u0131: Bu sorunla y\u00fczle\u015fin. Yoksa bu illegal yap\u0131lanma iktidar\u0131 da savurur. Ulusal \u00e7\u0131karlar\u0131m\u0131z tehlikede!\u00a0<!--more--><\/p>\n<p style=\"text-align: justify;\"><strong>AKP iktidar\u0131 yasa d\u0131\u015f\u0131 dinlemeyle y\u00fczle\u015fmeli<\/strong><\/p>\n<p style=\"text-align: justify;\">Eski Genelkurmay Ba\u015fkan\u0131 Org. Ko\u015faner\u2019in dinlendi\u011fi iddialar\u0131na CHP\u2019den tepki: AKP bir\u00a0an \u00f6nce gerekeni yapmal\u0131<\/p>\n<p style=\"text-align: justify;\">\u0130stifa eden Genelkurmay eski ba\u015fkan\u0131 ve kuvvet komutanlar\u0131na ait ses dinlemelerinin internet ortam\u0131na d\u00fc\u015fmesinin ard\u0131ndan siyasiler dinlemelerin yasal olmad\u0131\u011f\u0131n\u0131 belirtti. CHP Konya Milletvekili Atilla Kart, T\u00fcrkiye\u2019nin be\u015f alt\u0131 senedir bu sorunla kar\u015f\u0131la\u015ft\u0131\u011f\u0131n\u0131 ve AKP iktidar\u0131n\u0131n cesaretle bu sorunla y\u00fczle\u015fmesi gerekti\u011fini ifade etti. Kart, T\u00fcrkiye\u2019de sorumlu ve anayasal \u00e7er\u00e7evede kurulmu\u015f birimleri tenzih ederek s\u00f6yledi\u011fini ifade etti\u011fi illegal karargah yap\u0131s\u0131yla AKP iktidar\u0131n\u0131n bir an \u00f6nce, cesaretle y\u00fczle\u015fmesi gerekti\u011fini ifade ederek, bu yap\u0131n\u0131n AKP iktidar\u0131n\u0131 da ku\u015fatt\u0131\u011f\u0131n\u0131 savundu. T\u00fcrkiye\u2019nin be\u015f-alt\u0131 senedir ayn\u0131 sorunla u\u011fra\u015ft\u0131\u011f\u0131n\u0131 ve her kritik s\u00fcre\u00e7te yasal olmayan dinlemelerin ortaya \u00e7\u0131kt\u0131\u011f\u0131n\u0131 ifade eden Kart, \u201c Ba\u015fbakanl\u0131k, Adalet Bakanl\u0131\u011f\u0131, \u0130\u00e7i\u015fleri Bakanl\u0131\u011f\u0131 b\u00fcnyesinde illegal bir yap\u0131lanma oldu\u011funu ge\u00e7en d\u00f6nem de s\u00f6yledim, bu d\u00f6nem de yinelemek zorunda kald\u0131m. Bu yap\u0131lanmay\u0131 ifade ederken ayn\u0131 bakanl\u0131klar b\u00fcnyesinde bulunan anayasal kurumlar\u0131 ve sorumlular\u0131 elbette tenzih ediyorum. Bu yap\u0131lanma \u00f6yle bir yap\u0131lanma ki AKP iktidar\u0131n\u0131 ku\u015fatm\u0131\u015f durumdad\u0131r. Bu illegal karargah varl\u0131\u011f\u0131n\u0131 s\u00fcrd\u00fcrmeye devam ediyor ve egemenli\u011fini kabul ettirmeye ba\u015flam\u0131\u015f durumda. Bir an \u00f6nce AKP iktidar\u0131 gerekeni yapmak zorundad\u0131r\u201d dedi. Kart \u015f\u00f6yle devam etti: \u201c Bug\u00fcn bunlar\u0131 konu\u015fuyoruz ancak bundan \u00f6nce AKP iktidar\u0131 hakk\u0131nda oldu\u011fu iddia edilen dinlemelere ili\u015fkin olarak o kay\u0131tlar\u0131n bulundu\u011fu iddia edilen yay\u0131n kurulu\u015flar\u0131 arand\u0131. Bu yay\u0131n kurulu\u015flar\u0131 bask\u0131 alt\u0131na al\u0131nd\u0131. Ayn\u0131 zamanda giri\u015fimler s\u00fcr\u00fcyor. Bunlar da sorgulanmal\u0131. As\u0131l olan t\u00fcm bunlar\u0131n kayna\u011f\u0131n\u0131 sorgulamakt\u0131r. E\u011fer as\u0131l kayna\u011f\u0131 sorgulayamazsak sorun daha da b\u00fcy\u00fcyebilir. E\u011fer bunu tarafs\u0131z bir bi\u00e7imde iktidar sorgulayamazsa sorun \u00e7ok b\u00fcy\u00fcyecektir. Ulusal \u00e7\u0131karlar\u0131m\u0131z\u0131 savunamaz noktaya gelmeden cesaretle bunu sorgulamal\u0131y\u0131z. AKP iktidar\u0131 t\u00fcm cesaretini toplay\u0131p bu yap\u0131yla y\u00fczle\u015fmeli. Bunu yaparken de taraf psikolojisiyle hareket etmemelidir. Tablo vahim, sorun b\u00fcy\u00fcyor. AKP iktidar\u0131n\u0131n teslim olmu\u015f g\u00f6r\u00fcnt\u00fcs\u00fcnden kurtulmal\u0131d\u0131r. Ben pek umutlu de\u011filim.\u201d<\/p>\n<p style=\"text-align: justify;\"><strong>Plastik toplum arzusu<\/strong><\/p>\n<p style=\"text-align: justify;\">CHP K\u0131rklareli Milletvekili Turgut Dibek ise internet ortam\u0131na d\u00fc\u015fen bu dinlemelerin ard\u0131ndan yasal s\u00fcrecin ba\u015flayabilme ihtimalinin y\u00fcksek oldu\u011funu da savundu. Dibek, \u201cBas\u0131ndan okuduklar\u0131m\u0131z var. Bundan \u00f6nceki yasama d\u00f6neminde CHP milletvekillerinin soru \u00f6nergeleri var. Bir tak\u0131m mobil dinleme ara\u00e7lar\u0131n\u0131n T\u00fcrkiye\u2019ye geldi\u011fi iddialar\u0131 var. Demek ki AKP bunu daha \u00f6nce planl\u0131 bir \u015fekilde hayata ge\u00e7irmeyi akl\u0131na koymu\u015f. Plastik bir toplum yarat\u0131lmak isteniyor. \u0130nsanlar T\u00fcrkiye\u2019nin g\u00fcndemine ili\u015fkin olarak hi\u00e7bir \u015fey konu\u015fmas\u0131n sadece evden i\u015fe rutininde devam etsin isteniyor. Olanlar bunun kan\u0131t\u0131 gibi\u201d dedi. Genelkurmay Ba\u015fkan\u0131 ve kuvvet komutanlar\u0131n\u0131n bile dinlenebildi\u011fine dikkat \u00e7eken Dibek, \u201c T\u00fcrkiye \u00f6yle bir hale geldi ki Genelkurmay Ba\u015fkan\u0131 ve Kuvvet komutanlar\u0131 dahi dinleniyor. Bunun alt yap\u0131s\u0131 daha \u00f6nce haz\u0131rlanm\u0131\u015f ki bunlar oluyor. T\u0130B kuruluyor, buraya atanan ki\u015fi ba\u015fbakana yak\u0131nl\u0131\u011f\u0131yla tan\u0131n\u0131yor. T\u00fcrkiye\u2019de s\u00fcrekli olarak bu t\u00fcrden g\u00fcndem de\u011fi\u015ftirme amac\u0131yla dinlemeler yap\u0131l\u0131yor. Belki \u015fu an da sizinle yapt\u0131\u011f\u0131m\u0131z konu\u015fma bile dinleniyor olabilir. Bu noktaya gelmi\u015f durumday\u0131z\u201d \u015feklinde konu\u015ftu.<\/p>\n<p style=\"text-align: justify;\"><a href=\"http:\/\/www.yg.yenicaggazetesi.com.tr\/habergoster.php?haber=55161\" target=\"_blank\">Kaynak : Fatih Erboz &#8211; Yeni\u00e7a\u011f Gazetesi<\/a><\/p>\n","protected":false},"excerpt":{"rendered":"<p style=\"text-align: center;\">\n<p style=\"text-align: justify;\">Eski Genelkurmay Ba\u015fkan\u0131 ve kuvvet komutanlar\u0131na ait dinleme kay\u0131tlar\u0131n\u0131n internete d\u00fc\u015fmesi \u00fczerine CHP\u2019li Atilla Kart, AKP\u2019yi uyard\u0131: Bu sorunla y\u00fczle\u015fin. Yoksa bu illegal yap\u0131lanma iktidar\u0131 da savurur. Ulusal \u00e7\u0131karlar\u0131m\u0131z tehlikede! <\/p>\n","protected":false},"author":1,"featured_media":0,"comment_status":"open","ping_status":"open","sticky":false,"template":"","format":"standard","meta":{"footnotes":""},"categories":[105],"tags":[],"class_list":["post-38908","post","type-post","status-publish","format-standard","hentry","category-gundem","odd"],"_links":{"self":[{"href":"http:\/\/www.korhanyilmaz.com\/index.php?rest_route=\/wp\/v2\/posts\/38908","targetHints":{"allow":["GET"]}}],"collection":[{"href":"http:\/\/www.korhanyilmaz.com\/index.php?rest_route=\/wp\/v2\/posts"}],"about":[{"href":"http:\/\/www.korhanyilmaz.com\/index.php?rest_route=\/wp\/v2\/types\/post"}],"author":[{"embeddable":true,"href":"http:\/\/www.korhanyilmaz.com\/index.php?rest_route=\/wp\/v2\/users\/1"}],"replies":[{"embeddable":true,"href":"http:\/\/www.korhanyilmaz.com\/index.php?rest_route=%2Fwp%2Fv2%2Fcomments&post=38908"}],"version-history":[{"count":0,"href":"http:\/\/www.korhanyilmaz.com\/index.php?rest_route=\/wp\/v2\/posts\/38908\/revisions"}],"wp:attachment":[{"href":"http:\/\/www.korhanyilmaz.com\/index.php?rest_route=%2Fwp%2Fv2%2Fmedia&parent=38908"}],"wp:term":[{"taxonomy":"category","embeddable":true,"href":"http:\/\/www.korhanyilmaz.com\/index.php?rest_route=%2Fwp%2Fv2%2Fcategories&post=38908"},{"taxonomy":"post_tag","embeddable":true,"href":"http:\/\/www.korhanyilmaz.com\/index.php?rest_route=%2Fwp%2Fv2%2Ftags&post=38908"}],"curies":[{"name":"wp","href":"https:\/\/api.w.org\/{rel}","templated":true}]}}