{"id":38891,"date":"2011-08-24T21:05:28","date_gmt":"2011-08-24T18:05:28","guid":{"rendered":"http:\/\/www.korhanyilmaz.com\/?p=38891"},"modified":"2011-08-25T05:22:19","modified_gmt":"2011-08-25T02:22:19","slug":"iki-bin-250-yonetici-kizaga-cekildi","status":"publish","type":"post","link":"http:\/\/www.korhanyilmaz.com\/?p=38891","title":{"rendered":"&#8220;\u0130ki bin 250 y\u00f6netici k\u0131za\u011fa \u00e7ekildi&#8221;"},"content":{"rendered":"<p style=\"text-align: center;\"><a href=\"http:\/\/www.korhanyilmaz.com\/wp-content\/uploads\/2011\/08\/7022.jpg\"  class=\"lightview\"><img loading=\"lazy\" decoding=\"async\" class=\"aligncenter size-full wp-image-38892\" src=\"http:\/\/www.korhanyilmaz.com\/wp-content\/uploads\/2011\/08\/7022.jpg\" alt=\"\" width=\"322\" height=\"241\" \/><\/a><\/p>\n<p style=\"text-align: justify;\">CHP MYK&#8217;nin ard\u0131ndan a\u00e7\u0131klama yapan Parti S\u00f6zc\u00fcs\u00fc ve Genel Ba\u015fkan Yard\u0131mc\u0131s\u0131 Birg\u00fcl Ayman G\u00fcler&#8217;den KHK&#8217;lerle ilgili, \u00f6rnekler e\u015fli\u011finde &#8216;b\u00fcrokrasi darbesi&#8217; a\u00e7\u0131klamas\u0131 geldi: \u00c7\u0131kard\u0131\u011f\u0131 KHK&#8217;ler, kabul edilmi\u015f Yetki Kanunu&#8217;nun s\u0131n\u0131rlar\u0131n\u0131 da i\u00e7eri\u011fini de a\u015fm\u0131\u015ft\u0131r. Aceleyle \u00e7\u0131kar\u0131lan KHK&#8217;ler, ba\u015fka bir KHK ile ortadan kald\u0131r\u0131lmaktad\u0131r. Bu d\u00fczenlemeler ile, 2250 \u00fcst ve orta kademe y\u00f6netici k\u0131za\u011fa \u00e7ekilmi\u015ftir.<!--more--><\/p>\n<p style=\"text-align: justify;\">\u0130stanbul \/ Ankara- G\u00fcler, K\u0131l\u0131\u00e7daro\u011flu ba\u015fkanl\u0131\u011f\u0131nda yap\u0131lan ve yakla\u015f\u0131k 4 saat s\u00fcren toplant\u0131n\u0131n ard\u0131ndan gazetecilere a\u00e7\u0131klamalarda bulundu ve sorular\u0131 yan\u0131tlad\u0131.<\/p>\n<p style=\"text-align: justify;\">G\u00fcler, bir gazetecinin Orgeneral I\u015f\u0131k Ko\u015faner&#8217;e ait oldu\u011fu iddia edilen ses kay\u0131tlar\u0131n\u0131n MYK&#8217;da g\u00fcndeme gelip gelmedi\u011finin sorulmas\u0131 \u00fczerine, \u015funlar\u0131 s\u00f6yledi:<\/p>\n<p style=\"text-align: justify;\">&#8221;Bu olmamal\u0131, olmamas\u0131 gereken, \u00f6zel konu\u015fmalar\u0131n\u0131z\u0131n hi\u00e7 bilmedi\u011fimiz yetkili ya da yetkisiz ki\u015filer taraf\u0131ndan hukuka ayk\u0131r\u0131 olarak dinlenmesi ar\u015fivlenmesi ve kendileri i\u00e7in uygun bir zaman geldi\u011finde servis edilerek bizim birey olarak anayasal haklar\u0131m\u0131z\u0131n ihlal edilmesi. Olmamas\u0131 gereken ku\u015fkusuz bu. \u00d6te yandan T\u00fcrkiye son derece s\u0131k\u0131nt\u0131l\u0131 zamanlar ya\u015f\u0131yor ku\u015fkusuz, Kuzey Afrika \u00fclkerine bak\u0131n, Irak, ter\u00f6r sorunu, Suriye&#8217;de ya\u015fananlar. Bir taraftan \u00fclkenin g\u00fcvenli\u011fi i\u00e7in ordudan \u00e7ok y\u00fcksek beklentileriniz var ama \u00f6te taraftan ordunun durmadan y\u0131prat\u0131lmas\u0131 y\u00f6n\u00fcnde adeta sistemli bir resmi \u00e7al\u0131\u015fma y\u00fcr\u00fct\u00fcyorsunuz. Mutlaka bu s\u00fcre\u00e7le ilgili olsa gerek.&#8221;<\/p>\n<p style=\"text-align: justify;\">G\u00fcler, bir soru \u00fczerine konu\u015fman\u0131n i\u00e7eri\u011fine y\u00f6nelik bir de\u011ferlendirme yapmad\u0131klar\u0131n\u0131 s\u00f6yledi.<\/p>\n<p style=\"text-align: justify;\">Suriye&#8217;ye bir heyet g\u00f6nderilip g\u00f6nderilmeyece\u011finin sorulmas\u0131 \u00fczerine ise G\u00fcler, konunun ge\u00e7ti\u011fimiz hafta yap\u0131lan MYK&#8217;da g\u00fcndeme geldi\u011fini bug\u00fcn de g\u00f6r\u00fc\u015f\u00fcld\u00fc\u011f\u00fcn\u00fc belirtti.<\/p>\n<p style=\"text-align: justify;\">G\u00fcler, Suriye&#8217;ye CHP&#8217;li bir heyetin gidece\u011fini ve oradaki durumu yerinde inceleyerek, MYK ve Parti Meclisi&#8217;ne rapor sunaca\u011f\u0131n\u0131 bildirdi.<\/p>\n<p style=\"text-align: justify;\">Heyette kimlerin olaca\u011f\u0131n\u0131n tam olarak netle\u015fmedi\u011fini anlatan G\u00fcler, Genel Ba\u015fkan K\u0131l\u0131\u00e7daro\u011flu&#8217;nun da heyette yer almas\u0131n\u0131n d\u00fc\u015f\u00fcn\u00fcld\u00fc\u011f\u00fcn\u00fc, b\u00f6yle bir ihtimalin s\u00f6z konusu oldu\u011funu kaydetti.<\/p>\n<p style=\"text-align: justify;\">G\u00fcler, Suriye gezisi ile ilgili zaman\u0131n da hen\u00fcz netle\u015fmedi\u011fini bildirdi.<\/p>\n<p style=\"text-align: justify;\">Ankara \u0130l Ba\u015fkan\u0131&#8217;n\u0131n istifas\u0131n\u0131n MYK&#8217;da g\u00f6r\u00fc\u015f\u00fcl\u00fcp g\u00f6r\u00fc\u015f\u00fclmedi\u011finin sorulmas\u0131 \u00fczerine ise G\u00fcler, konunun g\u00fcndeme geldi\u011fini ancak \u0130l Ba\u015fkanl\u0131\u011f\u0131na hen\u00fcz atama yap\u0131lmad\u0131\u011f\u0131n\u0131 kaydetti.<\/p>\n<p style=\"text-align: justify;\">G\u00fcler, &#8221;Biliyorsunuz, arkada\u015f\u0131m\u0131z\u0131n baz\u0131 iddialar\u0131 oldu, Do\u00e7. Dr. Tar\u0131k \u015eeng\u00fcl \u00e7ok \u00f6nemli bir akademisyendir. Atama i\u015flemleri devam edecek, ileri s\u00fcrd\u00fc\u011f\u00fc iddialar bak\u0131m\u0131ndan da biz durum nedir diye onun \u00fczerinde ara\u015ft\u0131rmalar\u0131m\u0131z\u0131 yapaca\u011f\u0131z&#8221; dedi.<\/p>\n<p style=\"text-align: justify;\">G\u00fcler, bir soru \u00fczerine iddialar\u0131n komisyon taraf\u0131ndan de\u011fil, MYK&#8217;daki baz\u0131 \u00fcyeler taraf\u0131ndan ger\u00e7ekle\u015ftirilece\u011fini bildirdi.<\/p>\n<p style=\"text-align: justify;\">\u0130ddialar i\u00e7erisinde bir Genel Ba\u015fkan Yard\u0131mc\u0131s\u0131n\u0131n da ad\u0131n\u0131n ge\u00e7ti\u011finin hat\u0131rlat\u0131larak, &#8221;\u0130l Ba\u015fkan\u0131 a\u00e7\u0131klama yaparken, tenzili r\u00fctbe alan bir y\u00f6netici diyerek say\u0131n G\u00fcrsel Tekin&#8217;i i\u015faret etti. Bu konuyla ilgili say\u0131n MYK&#8217;da Tekin a\u00e7\u0131klamada bulundu mu?&#8221; y\u00f6n\u00fcndeki soru \u00fczerine G\u00fcler, &#8221;\u00d6yle bir de\u011ferlendirme olmad\u0131&#8221; yan\u0131t\u0131n\u0131 verdi.<\/p>\n<p style=\"text-align: justify;\">&#8221;K\u00fcrt raporunun g\u00fcncellendi\u011fi y\u00f6n\u00fcnde baz\u0131 a\u00e7\u0131klamalar\u0131n&#8221; oldu\u011funun hat\u0131rlat\u0131larak, b\u00f6yle bir \u00e7al\u0131\u015fman\u0131n olup olmad\u0131\u011f\u0131n\u0131n sorulmas\u0131 \u00fczerine ise G\u00fcler, &#8221;Baz\u0131 g\u00f6r\u00fc\u015fmeler yap\u0131ld\u0131 bu K\u00fcrt raporunun g\u00fcncellenmesi \u00fczerine de\u011fil, g\u00fcn\u00fcm\u00fczde ter\u00f6r\u00fcn ula\u015ft\u0131\u011f\u0131 boyut ve bununla m\u00fccadele etmede beceriksiz olan h\u00fck\u00fcmet ger\u00e7e\u011fi nedeniyle g\u00fcncel ko\u015fullar neler, bunun \u00fczerinde daha dikkatli durma gere\u011fi vurguland\u0131&#8221; dedi.<\/p>\n<p style=\"text-align: justify;\">G\u00fcler, ba\u015fka bir soru \u00fczerine de &#8221;K\u00fcrt Raporu&#8221;nun yenilenmesi i\u00e7in herhangi bir komisyon kurulmad\u0131\u011f\u0131n\u0131, raporun yenilenmesine y\u00f6nelik de bir karar al\u0131nmad\u0131\u011f\u0131n\u0131 bildirdi.<\/p>\n<p style=\"text-align: justify;\">G\u00fcler, bir soruyu yan\u0131tlarken de \u0130stanbul \u0130l Ba\u015fkanl\u0131\u011f\u0131&#8217;na yeni bir atama yap\u0131lmas\u0131n\u0131n g\u00fcndemlerinde olmad\u0131\u011f\u0131n\u0131 ifade etti.<\/p>\n<p style=\"text-align: justify;\">Bayramla\u015fmaya ili\u015fkin program\u0131n belli olup olmad\u0131\u011f\u0131n\u0131n ve BDP ile bayramla\u015fma yap\u0131l\u0131p yap\u0131lmayaca\u011f\u0131n\u0131n sorulmas\u0131 \u00fczerine de G\u00fcler, &#8221;Bayramla\u015fma program\u0131m\u0131z belli, BDP bir yaz\u0131l\u0131 mesaj g\u00f6ndererek bayram program\u0131n\u0131 iptal etti\u011fini bildirdi, onlar\u0131n bu bildirimi \u00fczerine bizim program\u0131m\u0131zda dolay\u0131s\u0131yla BDP ile bayramla\u015fma zorunlu olarak yer alamayacak. Bayram bar\u0131\u015f g\u00fcn\u00fc, biz bayramla\u015fmak i\u00e7in herkesi bekliyoruz&#8221; diye konu\u015ftu.<\/p>\n<p style=\"text-align: justify;\">&#8221;H\u00fck\u00fcmet&#8217;in ter\u00f6re kar\u015f\u0131 m\u00fccadelede politika yoksunlu\u011funu, T\u00fcrkiye i\u00e7in b\u00fcy\u00fck bir sorun olarak g\u00f6rmektedir. 61. H\u00fck\u00fcmet&#8217;in program\u0131nda, ter\u00f6rle m\u00fccadele konusunda tek bir c\u00fcmlenin yer almamas\u0131, bu a\u011f\u0131r durumun en a\u00e7\u0131k g\u00f6stergesidir&#8221; diyen G\u00fcler, \u015fehit ve gazilerle yitirilen her t\u00fcrl\u00fc maddi ve manevi de\u011ferin t\u00fcm sorumlulu\u011funun h\u00fck\u00fcmete ait oldu\u011funu s\u00f6yledi.<\/p>\n<p style=\"text-align: justify;\">H\u00fck\u00fcmeti, bu sorumlulu\u011fu \u00fcstlenmeye \u00e7a\u011f\u0131ran G\u00fcler s\u00f6zlerini \u015f\u00f6yle s\u00fcrd\u00fcrd\u00fc:<\/p>\n<p style=\"text-align: justify;\">&#8221;H\u00fck\u00fcmet, sorumlulu\u011funun gereklerini nas\u0131l yerine getirece\u011fini a\u00e7\u0131klamal\u0131d\u0131r. H\u00fck\u00fcmet, bu sorumlulu\u011funun gere\u011fini yerine getirmeli, ba\u015far\u0131s\u0131zl\u0131\u011f\u0131n\u0131n y\u00fck\u00fcn\u00fc ordunun omuzlar\u0131na b\u0131rakmaktan vazge\u00e7erek ter\u00f6rle m\u00fccadele \u00e7al\u0131\u015fmalar\u0131ndaki sonu\u00e7lar\u0131 do\u011frudan kendisi, H\u00fck\u00fcmet&#8217;in sorumlusu Milli Savunma Bakan\u0131 a\u00e7\u0131klamal\u0131d\u0131r.<\/p>\n<p style=\"text-align: justify;\">\u00d6te yandan, H\u00fck\u00fcmet \u00fcyelerinin konu\u015fmalar\u0131n\u0131 banda alm\u0131\u015f olabilecekleri ku\u015fkusuyla, gazete ve yay\u0131n b\u00fcrolar\u0131n\u0131 basan H\u00fck\u00fcmet&#8217;in, do\u011frudan kendisinin kulland\u0131\u011f\u0131 dinlemeler i\u00e7in duyars\u0131z kalmas\u0131 dikkat \u00e7ekicidir.<\/p>\n<p style=\"text-align: justify;\">T\u00fcrkiye, yine en \u00fcst devlet y\u00f6neticilerinin \u00f6zel telefon g\u00f6r\u00fc\u015fmelerinin izlendi\u011fi ger\u00e7e\u011fini seyretmektedir. \u00dczerinde konu\u015fmam\u0131z gereken \u015fey, izinsiz ve yasa d\u0131\u015f\u0131 dinlenen telefon konu\u015fmalar\u0131n\u0131n konusu, i\u00e7eri\u011fi, \u00fcslubu de\u011fildir. \u00dczerinde konu\u015fulmas\u0131 gereken, bireyin temel anayasal haklar\u0131n\u0131n pervazs\u0131zca ihlal edilmesi ve H\u00fck\u00fcmet&#8217;in bu ihlal ile ilgili olarak inceleme, soru\u015fturma ve sorumlular\u0131 ortaya \u00e7\u0131karma g\u00f6revinin kendisine ait oldu\u011funu akl\u0131na bile getirmemesidir.<\/p>\n<p style=\"text-align: justify;\">T\u00fcm siyasal ve y\u00f6netsel ki\u015filer ve yaln\u0131zca onlar da de\u011fil, t\u00fcm vatanda\u015flar dinlenebiliyor, dinlemeler ar\u015fivleniyor, bunlar arzu edildi\u011fi zaman ortal\u0131\u011fa sa\u00e7\u0131labiliyor. B\u00f6yle bir mekanizma, T\u00fcrkiye&#8217;de nas\u0131l g\u00fcvensiz ve nas\u0131l anti-demokratik bir ortamda nefes almaya \u00e7al\u0131\u015ft\u0131\u011f\u0131m\u0131z\u0131 yeterince a\u00e7\u0131k bi\u00e7imde g\u00f6steriyor. H\u00fck\u00fcmet&#8217;i, I\u015f\u0131k Ko\u015faner Pa\u015fa&#8217;n\u0131n konu\u015fmalar\u0131n\u0131 dinleyip kaydedenleri ve ortal\u0131\u011fa sa\u00e7anlar\u0131 ara\u015ft\u0131r\u0131p bulmaya ve if\u015fa etmeye \u00e7a\u011f\u0131r\u0131yoruz.&#8221;<\/p>\n<p style=\"text-align: justify;\">Birg\u00fcl Ayman G\u00fcler, Deniz Feneri Davas\u0131&#8217;n\u0131 yak\u0131ndan izlemeyi s\u00fcrd\u00fcrd\u00fcklerini de ifade ederek, &#8221;Bu davan\u0131n savc\u0131s\u0131n\u0131n g\u00f6revden al\u0131nmas\u0131, H\u00fck\u00fcmet&#8217;in yarg\u0131 organlar\u0131n\u0131 siyasalla\u015ft\u0131rma politikas\u0131n\u0131n yeni bir uygulamas\u0131d\u0131r. Bu uygulama hukukun \u00fcst\u00fcnl\u00fc\u011f\u00fc kural\u0131na, soru\u015fturman\u0131n gizlili\u011fi kural\u0131na, yani temel yarg\u0131 ilkelerine uygun davranan yarg\u0131\u00e7 ve savc\u0131lar\u0131n, bundan b\u00f6yle H\u00fck\u00fcmet&#8217;in g\u00f6revden alma tehdidi alt\u0131nda b\u0131rak\u0131lacaklar\u0131n\u0131n g\u00f6stergesidir. H\u00fck\u00fcmet&#8217;i, yarg\u0131n\u0131n ba\u011f\u0131ms\u0131zl\u0131\u011f\u0131 ve yarg\u0131 adamlar\u0131n\u0131n mesleki g\u00fcvenceleri konusunda evrensel ilkelere uygun davranmaya \u00e7a\u011f\u0131r\u0131yoruz&#8221; ifadelerini kulland\u0131.<\/p>\n<p style=\"text-align: justify;\"><strong>&#8221;\u00c7\u0131kard\u0131\u011f\u0131 KHK&#8217;ler, kabul edilmi\u015f Yetki Kanunu&#8217;nun s\u0131n\u0131rlar\u0131n\u0131 da i\u00e7eri\u011fini de a\u015fm\u0131\u015ft\u0131r&#8221;<\/strong><\/p>\n<p style=\"text-align: justify;\">\u00a0G\u00fcler, H\u00fck\u00fcmet&#8217;in, 28 Mart 2011 g\u00fcnl\u00fc Yetki Kanunu ile, TBMM&#8217;nin yasama yetkisine adeta el koydu\u011funu \u00f6ne s\u00fcrd\u00fc.<\/p>\n<p style=\"text-align: justify;\">G\u00fcler, s\u00f6zlerini \u015f\u00f6yle s\u00fcrd\u00fcrd\u00fc:<\/p>\n<p style=\"text-align: justify;\">&#8221;\u00c7\u0131kard\u0131\u011f\u0131 KHK&#8217;ler, kabul edilmi\u015f Yetki Kanunu&#8217;nun s\u0131n\u0131rlar\u0131n\u0131 da i\u00e7eri\u011fini de a\u015fm\u0131\u015ft\u0131r. Aceleyle \u00e7\u0131kar\u0131lan KHK&#8217;ler, ba\u015fka bir KHK ile ortadan kald\u0131r\u0131lmaktad\u0131r. Bu d\u00fczenlemeler ile, 2250 \u00fcst ve orta kademe y\u00f6netici k\u0131za\u011fa \u00e7ekilmi\u015ftir. Partizan kadrola\u015fman\u0131n tarihte g\u00f6r\u00fclen en kapsaml\u0131 \u00f6rneklerinden biriyle kar\u015f\u0131 kar\u015f\u0131yay\u0131z. Bu d\u00fczenlemelerle belediyelerin imar planlama ve uygulama yetkileri, en y\u00fcksek rant alanlar\u0131 bak\u0131m\u0131ndan merkezi y\u00f6netimin tekeline \u00e7ekilmektedir. \u015eehircilik, hem hem\u015fehrilerin karar alan\u0131ndan \u00e7\u0131kar\u0131lmakta, hem de en de\u011ferli kentsel topraklar H\u00fck\u00fcmet yetkililerinin ellerine teslim edilmektedir. Devlet Planlama Te\u015fkilat\u0131 kald\u0131r\u0131lm\u0131\u015f, kalk\u0131nma planlamas\u0131 devri kapat\u0131lm\u0131\u015ft\u0131r. TBMM bundan habersizdir. T\u00fcm devlet sistemini de\u011fi\u015ftiren bu talan\u0131 \u00f6nlemek, Anayasa Mahkemesinin elindedir. CHP olarak Yetki Kanununu Anayasa Mahkemesine g\u00f6t\u00fcrm\u00fc\u015f ve yaln\u0131zca iptal de\u011fil ayn\u0131 zamanda y\u00fcr\u00fcrl\u00fc\u011f\u00fc durdurma karar\u0131 da istemi\u015ftik.<\/p>\n<p style=\"text-align: justify;\">Anayasa Mahkemesi hala sessizdir. Bu tutumu nedeniyle H\u00fck\u00fcmet&#8217;in bu yanl\u0131\u015flar\u0131n\u0131 payla\u015fma konumuna d\u00fc\u015fm\u00fc\u015ft\u00fcr. Anayasa Mahkemesinin bir an \u00f6nce karar vererek, kendisini bu talihsiz durumdan kurtarmas\u0131n\u0131 diliyoruz. B\u00fcrokrasi darbesini engellemek i\u00e7in KHK&#8217;leri de Anayasa Mahkemesine g\u00f6t\u00fcrd\u00fck. Kamuoyunu ve bas\u0131n\u0131m\u0131z\u0131 bu \u00f6nemli s\u00fcre\u00e7le yak\u0131ndan izlemeye \u00e7a\u011f\u0131r\u0131yoruz.&#8221;<\/p>\n<p style=\"text-align: justify;\">MYK&#8217;da Libya&#8217;daki durumun da ayr\u0131nt\u0131l\u0131 bir \u015fekilde de\u011ferlendirildi\u011fine vurgu yapan G\u00fcler, tarihte bar\u0131\u015f d\u00f6neminin a\u00e7aca\u011f\u0131 umulan k\u00fcreselle\u015fmenin, mazlum \u00fclkelere uygulanan bask\u0131 ve sald\u0131r\u0131larla d\u00fcnyaya ne yaz\u0131k ki sava\u015f \u00e7a\u011f\u0131n\u0131 geri getirdi\u011fini savundu.<\/p>\n<p style=\"text-align: justify;\">Karde\u015f Libya&#8217;da ya\u015fananlar\u0131n, t\u00fcm T\u00fcrkiye&#8217;yi derinden yaralad\u0131\u011f\u0131n\u0131 belirten G\u00fcler, &#8221;D\u00fcnyada, ba\u011f\u0131ms\u0131zl\u0131\u011f\u0131n\u0131 ulusal kurtulu\u015f sava\u015f\u0131yla kazanm\u0131\u015f ve ba\u011f\u0131ms\u0131zl\u0131k ilkesini her t\u00fcrl\u00fc ilkenin \u00fcst\u00fcnde tutmaya hep \u00e7aba g\u00f6stermi\u015f bir \u00fclkenin yurtta\u015flar\u0131 olarak, Libya&#8217;ya demokrasi g\u00f6t\u00fcrmek ad\u0131na nas\u0131l ac\u0131mas\u0131z bir kaynak payla\u015fma seferberli\u011fi oldu\u011funu g\u00f6r\u00fcyoruz. T\u00fcrkiye, Libya&#8217;da kaynak payla\u015fman\u0131n taraf\u0131 olarak de\u011fil, Libya halk\u0131n\u0131n kendini \u00f6zg\u00fcrce y\u00f6netme iradesinin taraf\u0131 ve g\u00fcvencesi olmal\u0131d\u0131r. T\u00fcrkiye, karde\u015f Libya halk\u0131n\u0131 hayal k\u0131r\u0131kl\u0131\u011f\u0131na u\u011fratmamal\u0131d\u0131r&#8221; ifadelerini kulland\u0131.<\/p>\n<p style=\"text-align: justify;\"><a href=\"http:\/\/www.cumhuriyet.com.tr\/?hn=271888&amp;kw=%22%DDki+bin+250+y%F6netici+k%FDza%F0a+%E7ekildi%22\" target=\"_blank\">Kaynak : Cumhuriyet Haber Portal\u0131<\/a><\/p>\n","protected":false},"excerpt":{"rendered":"<p style=\"text-align: center;\">\n<p style=\"text-align: justify;\">CHP MYK&#8217;nin ard\u0131ndan a\u00e7\u0131klama yapan Parti S\u00f6zc\u00fcs\u00fc ve Genel Ba\u015fkan Yard\u0131mc\u0131s\u0131 Birg\u00fcl Ayman G\u00fcler&#8217;den KHK&#8217;lerle ilgili, \u00f6rnekler e\u015fli\u011finde &#8216;b\u00fcrokrasi darbesi&#8217; a\u00e7\u0131klamas\u0131 geldi: \u00c7\u0131kard\u0131\u011f\u0131 KHK&#8217;ler, kabul edilmi\u015f Yetki Kanunu&#8217;nun s\u0131n\u0131rlar\u0131n\u0131 da i\u00e7eri\u011fini de a\u015fm\u0131\u015ft\u0131r. Aceleyle \u00e7\u0131kar\u0131lan KHK&#8217;ler, ba\u015fka bir KHK ile ortadan kald\u0131r\u0131lmaktad\u0131r. Bu d\u00fczenlemeler ile, 2250 \u00fcst ve orta kademe <\/p>\n","protected":false},"author":1,"featured_media":0,"comment_status":"open","ping_status":"open","sticky":false,"template":"","format":"standard","meta":{"footnotes":""},"categories":[105],"tags":[],"class_list":["post-38891","post","type-post","status-publish","format-standard","hentry","category-gundem","odd"],"_links":{"self":[{"href":"http:\/\/www.korhanyilmaz.com\/index.php?rest_route=\/wp\/v2\/posts\/38891","targetHints":{"allow":["GET"]}}],"collection":[{"href":"http:\/\/www.korhanyilmaz.com\/index.php?rest_route=\/wp\/v2\/posts"}],"about":[{"href":"http:\/\/www.korhanyilmaz.com\/index.php?rest_route=\/wp\/v2\/types\/post"}],"author":[{"embeddable":true,"href":"http:\/\/www.korhanyilmaz.com\/index.php?rest_route=\/wp\/v2\/users\/1"}],"replies":[{"embeddable":true,"href":"http:\/\/www.korhanyilmaz.com\/index.php?rest_route=%2Fwp%2Fv2%2Fcomments&post=38891"}],"version-history":[{"count":0,"href":"http:\/\/www.korhanyilmaz.com\/index.php?rest_route=\/wp\/v2\/posts\/38891\/revisions"}],"wp:attachment":[{"href":"http:\/\/www.korhanyilmaz.com\/index.php?rest_route=%2Fwp%2Fv2%2Fmedia&parent=38891"}],"wp:term":[{"taxonomy":"category","embeddable":true,"href":"http:\/\/www.korhanyilmaz.com\/index.php?rest_route=%2Fwp%2Fv2%2Fcategories&post=38891"},{"taxonomy":"post_tag","embeddable":true,"href":"http:\/\/www.korhanyilmaz.com\/index.php?rest_route=%2Fwp%2Fv2%2Ftags&post=38891"}],"curies":[{"name":"wp","href":"https:\/\/api.w.org\/{rel}","templated":true}]}}