{"id":38887,"date":"2011-08-23T15:51:55","date_gmt":"2011-08-23T12:51:55","guid":{"rendered":"http:\/\/www.korhanyilmaz.com\/?p=38887"},"modified":"2011-08-23T17:21:55","modified_gmt":"2011-08-23T14:21:55","slug":"devlet-de-pkk-da-silahlari-susturmali","status":"publish","type":"post","link":"http:\/\/www.korhanyilmaz.com\/?p=38887","title":{"rendered":"&#8220;Devlet de, PKK da silahlar\u0131 susturmal\u0131&#8221;"},"content":{"rendered":"<div id=\"attachment_38888\" style=\"width: 310px\" class=\"wp-caption aligncenter\"><a href=\"http:\/\/www.korhanyilmaz.com\/wp-content\/uploads\/2011\/08\/7021.jpg\"  class=\"lightview\"><img loading=\"lazy\" decoding=\"async\" aria-describedby=\"caption-attachment-38888\" class=\"size-full wp-image-38888\" title=\"\u015eerafettin El\u00e7i\" src=\"http:\/\/www.korhanyilmaz.com\/wp-content\/uploads\/2011\/08\/7021.jpg\" alt=\"\" width=\"300\" height=\"225\" \/><\/a><p id=\"caption-attachment-38888\" class=\"wp-caption-text\">\u015eerafettin El\u00e7i ( Ar\u015fiv )<\/p><\/div>\n<p style=\"text-align: justify;\">BDP, DTK, KADEP, HAKPAR ve sivil toplum \u00f6rg\u00fctleri ad\u0131na yap\u0131lan ortak a\u00e7\u0131klamay\u0131 okuyan \u015eerafettin El\u00e7i, &#8220;Bar\u0131\u015f i\u00e7in devlet operasyonlar\u0131 sonland\u0131rmal\u0131, PKK&#8217;da silahlar\u0131 susturmal\u0131d\u0131r&#8221; dedi.<\/p>\n<p style=\"text-align: justify;\">Diyarbak\u0131r&#8217;da BDP, DTK, KADEP, HAKPAR ve sivil toplum \u00f6rg\u00fctleri biraraya gelerek, artan ter\u00f6r olaylar\u0131 ve T\u00fcrk Silahl\u0131 Kuvvetleri&#8217;nin Irak&#8217;\u0131n kuzeyindeki PKK kamplar\u0131na hava operasyonuyla ilgili g\u00f6r\u00fc\u015flerini a\u00e7\u0131klad\u0131.\u00a0<!--more--><\/p>\n<p style=\"text-align: justify;\">Ortak a\u00e7\u0131klamay\u0131 okuyan \u015eerafettin El\u00e7i, Ba\u015fbakan Erdo\u011fan&#8217;\u0131n son operasyonlarla \u00f6\u00e7 ald\u0131\u011f\u0131n\u0131 ileri s\u00fcrd\u00fc. El\u00e7i, &#8220;Bar\u0131\u015f i\u00e7in devlet operasyonlar\u0131 sonland\u0131rmal\u0131, PKK&#8217;da silahlar\u0131 susturmal\u0131d\u0131r&#8221; dedi. BDP Grup Ba\u015fkan\u0131 Selahattin Demirta\u015f ise \u0130mral\u0131&#8217;da Abdullah \u00d6calan&#8217;la g\u00f6r\u00fc\u015fmelerine izin verilmesinin siyasal bir geli\u015fme olaca\u011f\u0131n\u0131 savundu.<\/p>\n<p style=\"text-align: justify;\">B\u00f6lgede art\u0131n ter\u00f6r olaylar\u0131 ve T\u00fcrkiye&#8217;nin PKK&#8217;n\u0131n Kuzey Irak&#8217;taki kamplar\u0131na y\u00f6nelik hava operasyonlar\u0131n\u0131n d\u00fczenlemesinin ard\u0131ndan Diyarbak\u0131r&#8217;da BDP Grup Ba\u015fkan\u0131 ve Hakkari Milletvekili Selahattin Demirta\u015f, DTK Genel Ba\u015fkan Yard\u0131mc\u0131s\u0131 Aysel Tu\u011fluk, Kat\u0131l\u0131mc\u0131 Demokrasi Partisi (KADEP) Genel Ba\u015fkan\u0131 ve Diyarbak\u0131r Milletvekili \u015eerafettin El\u00e7i, Hak ve \u00d6zg\u00fcrl\u00fckler Genel Partisi (HAK-PAR) Genel Ba\u015fkan\u0131 Bayram Bozyel, aralar\u0131nda siyasi partiler, 21 sivil toplum \u00f6rg\u00fct\u00fc temsilcileriyle bas\u0131n toplant\u0131s\u0131 d\u00fczenledi.<\/p>\n<p style=\"text-align: justify;\"><strong>&#8220;Ama\u00e7 K\u00fcrtleri stat\u00fcs\u00fcz b\u0131rakmak&#8221;\u00a0<\/strong><\/p>\n<p style=\"text-align: justify;\">Ortak bas\u0131n a\u00e7\u0131klamas\u0131n\u0131 okuyan KADEP Genel Ba\u015fkan\u0131 ve Diyarbak\u0131r Miletvekili \u015eerafettin El\u00e7i, siyasal iktidar\u0131n K\u00fcrt sorununda \u00e7\u00f6z\u00fcms\u00fczl\u00fckte \u0131srar\u0131 sonucu son g\u00fcnlerde t\u0131rmand\u0131r\u0131lan \u015fiddet dalgas\u0131n\u0131n, can kay\u0131plar\u0131na yol a\u00e7makla kalmad\u0131\u011f\u0131n\u0131 ayr\u0131ca demokratik \u00e7\u00f6z\u00fcm se\u00e7ene\u011fini ve bar\u0131\u015f ortam\u0131n\u0131 da tehdit etti\u011fini s\u00f6yledi. El\u00e7i, \u015funlar\u0131 s\u00f6yledi:<\/p>\n<p style=\"text-align: justify;\">&#8220;Ba\u015fta K\u00fcrt sorununu \u00e7\u00f6z\u00fcm\u00fc olmak \u00fczere, demokratikle\u015fme ve temel insan haklar\u0131n\u0131n korunmas\u0131 g\u00f6reviyle y\u00fczy\u00fcze bulunan h\u00fck\u00fcmet yetkililerinin bug\u00fcnlerde meydana gelen olaylar kar\u015f\u0131s\u0131ndaki tutumu endi\u015fe verici boyutlara ula\u015fm\u0131\u015ft\u0131r. \u0130ran ve T\u00fcrkiye&#8217;nin Kandil ve dolay\u0131s\u0131yla G\u00fcney K\u00fcrdistan&#8217;a e\u015f zamanl\u0131 olarak operasyonlar d\u00fczenlemeleri ve kimi uluslararas\u0131 g\u00fc\u00e7lerin de bu sald\u0131r\u0131lara destek vermeleri, yeniden dizayn edilmekte olan Ortaddo\u011fu&#8217;da, mevcut K\u00fcrt kazan\u0131mlar\u0131n\u0131 ortadan kald\u0131rarak, K\u00fcrtleri bir kez daha stat\u00fcs\u00fcz b\u0131rakma ama\u00e7l\u0131d\u0131r.&#8221;<\/p>\n<p style=\"text-align: justify;\"><strong>&#8220;Ba\u015fbakan Erdo\u011fan \u00f6\u00e7 al\u0131yor&#8221;\u00a0<\/strong><\/p>\n<p style=\"text-align: justify;\">\u015eerafettin El\u00e7i, kamuoyunun \u00f6zellikle Ba\u015fbakan&#8217;\u0131n \u00f6\u00e7 alma duygusuyla haraket etti\u011fini, ayn\u0131 konseptin 1990&#8217;l\u0131 y\u0131llarda topyek\u00fcn sava\u015f ad\u0131 alt\u0131nda denendi\u011fini ileri s\u00fcren El\u00e7i, Kamuoyu T\u00fcrk\u00fcyle, K\u00fcrd\u00fcyle iyi biliyorki \u015fiddet ve onu besleyen her t\u00fcrl\u00fc g\u00fcvenlik tedbiri daha \u00e7ok g\u00f6zya\u015f\u0131n\u0131n d\u00f6k\u00fclmesine, kan\u0131n ak\u0131t\u0131lmas\u0131na, derin ac\u0131lar\u0131n ya\u015fanmas\u0131na ve haklar\u0131n k\u0131s\u0131tlanmas\u0131na yol a\u00e7m\u0131\u015ft\u0131r. Bu ger\u00e7e\u011fin g\u00f6r\u00fclerek \u015fiddet y\u00f6ntemlerinden vazge\u00e7ilmesi i\u00e7in yeterli deney ve sebep mevcuttur&#8221; dedi.<\/p>\n<p style=\"text-align: justify;\">Yap\u0131lmas\u0131 gerekenin \u0131srarla ve kararl\u0131 bir bi\u00e7imde ger\u00e7ek bir demokratikle\u015fme s\u00fcreci ba\u015flatarak, \u015fiddet d\u00f6ng\u00fcs\u00fc i\u00e7inde devinen K\u00fcrt sorununu \u00e7\u00f6zecek ad\u0131mlar at\u0131lmas\u0131 oldu\u011funu belirten \u015eerafettin El\u00e7i, &#8220;Bunun yolu ise, toplumun gelece\u011fini karartan sava\u015f\u0131n durdurulmas\u0131ndan, kar\u015f\u0131l\u0131kl\u0131 diyalogdan, K\u00fcrt halk\u0131n\u0131n haklar\u0131n\u0131n tan\u0131nmas\u0131ndan, halklar\u0131n e\u015fitli\u011fi ve \u00f6zg\u00fcrl\u00fc\u011f\u00fc temelinde yeni demokratik bir anayasan\u0131n yap\u0131lmas\u0131ndan ge\u00e7er&#8221; diye konu\u015ftu.<\/p>\n<p style=\"text-align: justify;\">\u015eerafettin El\u00e7e, Ba\u015fbakan Erdo\u011fan&#8217;\u0131n &#8220;Bir \u00f6l\u00fcr bin do\u011far\u0131z&#8221; demesini ele\u015ftirerek, &#8220;Duygular\u0131n siyaseti esir ald\u0131\u011f\u0131 bu d\u00f6nemde, herkesin daha \u00e7ok sorumluluk ta\u015f\u0131mas\u0131, akla, mant\u0131\u011fa ve karde\u015flik duygular\u0131na uygun hareket etmesi gerekir. Ba\u015fta h\u00fck\u00fcmet olmak \u00fczere, her kesim sab\u0131r ve kararl\u0131l\u0131kla bar\u0131\u015f se\u00e7ene\u011fini \u00f6ncelikli g\u00fcndem haline getirmeli, toplumu geren a\u00e7\u0131klama ve tav\u0131rlardan uzak durmal\u0131&#8221; dedi.<\/p>\n<p style=\"text-align: justify;\"><strong>&#8220;Devlet de, PKK da silahlar\u0131 susturmal\u0131&#8221;\u00a0<\/strong><\/p>\n<p style=\"text-align: justify;\">&#8220;Devlet operasyonlar\u0131 durdurmal\u0131, PKK da silahlar\u0131 susturmal\u0131&#8221; diyen \u015eerafettin El\u00e7i, s\u00f6zlerini \u015f\u00f6yle s\u00fcrd\u00fcrd\u00fc:<\/p>\n<p style=\"text-align: justify;\">&#8220;Bizler sivil toplum kurulu\u015flar\u0131 ve K\u00fcrt siyasal parti ve hareketleri olarak, bir daha belirtmek istiyoruz ki, K\u00fcrt sorununun \u00e7\u00f6z\u00fcm\u00fc, \u015fiddet politikalar\u0131yla de\u011fil, demokratik ve bar\u0131\u015f\u00e7\u0131l ad\u0131mlar\u0131n at\u0131lmas\u0131yla m\u00fcmk\u00fcnd\u00fcr. \u0130ki toplumun da yarar\u0131na olan bar\u0131\u015f\u00e7\u0131l demokratik ortam\u0131n olu\u015fmas\u0131 ve kal\u0131c\u0131 bar\u0131\u015f i\u00e7in adil, somut ve ger\u00e7ek\u00e7i ad\u0131mlar\u0131n at\u0131lmas\u0131n\u0131 talep ediyoruz. Bunun ilk ad\u0131m\u0131 devletin operasyonlar\u0131n\u0131 durdurmas\u0131, PKK&#8217;n\u0131n da silahlar\u0131 susturmas\u0131d\u0131r&#8221; dedi.<\/p>\n<p style=\"text-align: justify;\">\u015eerafettin El\u00e7i, s\u0131n\u0131r \u00f6tesi hava operasyonunda sivil hedeflerin de vuruldu\u011funu ileri s\u00fcrerek, T\u00fcrkiye&#8217;nin uyar\u0131lmas\u0131n\u0131 istedi. El\u00e7i, &#8220;PKK&#8217;ya operasyon yap\u0131yoruz bahanesiyle PKK ile uzaktan yak\u0131ndan ilgisi olmayan sivil bir aile normal bir yoldan hareket ederken jetlerden at\u0131lan bombayla hunharca, b\u00fct\u00fcn insanl\u0131k vijdan\u0131n\u0131 rencide eden, insanl\u0131k vijdan\u0131n\u0131 isyana getirebilen \u00e7ok vah\u015fiyane bir olay ya\u015fanm\u0131\u015ft\u0131r&#8221; diye konu\u015ftu.<\/p>\n<p style=\"text-align: justify;\"><strong>Demi\u015fta\u015f: Ba\u015fbakan Meclis&#8217;e gitme zeminimizi tahrip ediyor\u00a0<\/strong><\/p>\n<p style=\"text-align: justify;\">BDP Grup Ba\u015fkan\u0131 Selahattin Demirta\u015f bas\u0131n a\u00e7\u0131klamas\u0131n\u0131n ard\u0131ndan gazetecilerle konu\u015ftu. Meclis boykotunun s\u00fcr\u00fcp s\u00fcrmeyece\u011fine ili\u015fkin soruya Demirta\u015f, &#8220;Biz Meclis&#8217;ten \u00e7ekilmi\u015f de\u011filiz. Say\u0131n Ba\u015fbakan \u00f6zellikle bizi Meclis&#8217;e her defa davet etti\u011finde biz her seferinde Ba\u015fbakan&#8217;a hat\u0131rlat\u0131yoruz. Biz Meclis&#8217;i terk etmi\u015f de\u011filiz. \u015euanda genel kurul \u00e7al\u0131\u015fmalar\u0131na kat\u0131lm\u0131yoruz. Boykotumuzun tavr\u0131 genel kurul \u00e7al\u0131\u015fmalar\u0131na kat\u0131lamama \u015feklindedir&#8221; dedi.<\/p>\n<p style=\"text-align: justify;\">BDP&#8217;nin resmi olarak Meclis&#8217;te bir grubu oldu\u011funu belirten Demirta\u015f, &#8220;Olay\u0131 Ba\u015fbakan \u00e7arp\u0131tarak ve \u00f6zellikle de Meclis&#8217;e gelme zeminimizi tahrip etmek \u00fczere provokatif bir dil kullan\u0131yorlar. Karar\u0131m\u0131z\u0131n hangi ko\u015fullar alt\u0131nda g\u00f6zden ge\u00e7irilece\u011fini bu karar\u0131 alan blok bile\u015fenleri olarak her zaman oturup tart\u0131\u015f\u0131r\u0131z. Bu karar\u0131 kendimiz veririz&#8221; diye konu\u015ftu.<\/p>\n<p style=\"text-align: justify;\"><strong>\u0130mral\u0131&#8217;ya gidi\u015fimize izin verilmesi siyasal bir geli\u015fme olur\u00a0<\/strong><\/p>\n<p style=\"text-align: justify;\">Demirta\u015f, olu\u015fturacaklar\u0131 heyetin \u0130mral\u0131&#8217;ya gidi\u015fine resmi olarak izin verilmesinin ba\u015fl\u0131 ba\u015f\u0131na siyasal bir geli\u015fme olaca\u011f\u0131 g\u00f6r\u00fc\u015f\u00fcn\u00fc savunarak, \u015fuhlar\u0131 s\u00f6yledi:<\/p>\n<p style=\"text-align: justify;\">&#8220;Biz bu nedenle gidi\u015fi \u00e7ok \u00f6nemsiyoruz. Tabi e\u011fer gidi\u015f ger\u00e7ekle\u015firse bizler gerek DTK, BDP gerek blok bile\u015fenleri olarak s\u00fcrece nas\u0131l bakt\u0131\u011f\u0131m\u0131z\u0131 nas\u0131l siyasal bir yakla\u015f\u0131m i\u00e7erisinde oldu\u011fumuzu ve i\u00e7inde bulunan bu \u00e7at\u0131\u015fmal\u0131 s\u00fcrecin bir an \u00f6nce diyalog bar\u0131\u015f m\u00fczakere s\u00fcrecine evrilmesi i\u00e7in neler yapabilece\u011fimizi ve nelere yap\u0131lmas\u0131 gerekti\u011fini payla\u015faca\u011f\u0131z ve kendisinin de bu konuda g\u00f6r\u00fc\u015flerini alaca\u011f\u0131z. Tabi ki sonu\u00e7ta diyalog, g\u00f6r\u00fc\u015fme hi\u00e7 kimseye zarar vermez. Adalet Bakanl\u0131\u011f\u0131 ve devletin di\u011fer kurumlar\u0131 bu talebimizi ciddiyetle ele almal\u0131d\u0131r. Kestirmeci bir yakla\u015f\u0131mla ret edilmesini biz do\u011frusu s\u0131k\u0131nt\u0131l\u0131 eksik bir yakla\u015f\u0131m olarak de\u011ferlendiririz. Umut ediyorum ki devlet akl\u0131, ortak akl\u0131 b\u00f6yle bir s\u00fcre\u00e7te bu gidi\u015fin \u00f6n\u00fcn\u00fc a\u00e7arlar ve bizlerde katk\u0131 sunmak i\u00e7in \u00e7abalar\u0131m\u0131z\u0131 daha fazla art\u0131rabiliriz.&#8221;<\/p>\n<p style=\"text-align: justify;\">Selahattin Demirta\u015f da Ba\u015fbakan Erdo\u011fan&#8217;\u0131n &#8220;Bir \u00f6l\u00fcr bin diriliriz&#8221; demesine tepki g\u00f6stererek, &#8220;Bir yandan analar\u0131n g\u00f6z ya\u015flar\u0131n\u0131 durduraca\u011f\u0131z diyeceksiniz. \u00d6b\u00fcr taraftan &#8216;bir \u00f6l\u00fcr bin geliriz&#8217; diyeceksiniz. Bu ikisi birbiriyle tezatt\u0131r. Ba\u015fbakan askeri ve siyasi operasyonlar\u0131 derinle\u015ftirerek hani kendisinin kazanaca\u011f\u0131n\u0131 d\u00fc\u015f\u00fcn\u00fcyorsa burdan yan\u0131l\u0131r. T\u00fcrkiye kaybederse hep birlikte kaybederiz&#8221; dedi.<\/p>\n<p style=\"text-align: justify;\"><a href=\"http:\/\/www.cnnturk.com\/2011\/turkiye\/08\/23\/devlet.de.pkk.da.silahlari.susturmali\/627021.0\/index.html\" target=\"_blank\">Kaynak : CNN T\u00dcRK<\/a><\/p>\n","protected":false},"excerpt":{"rendered":"<p id=\"caption-attachment-38888\" class=\"wp-caption-text\">\u015eerafettin El\u00e7i ( Ar\u015fiv )<\/p>\n<p style=\"text-align: justify;\">BDP, DTK, KADEP, HAKPAR ve sivil toplum \u00f6rg\u00fctleri ad\u0131na yap\u0131lan ortak a\u00e7\u0131klamay\u0131 okuyan \u015eerafettin El\u00e7i, &#8220;Bar\u0131\u015f i\u00e7in devlet operasyonlar\u0131 sonland\u0131rmal\u0131, PKK&#8217;da silahlar\u0131 susturmal\u0131d\u0131r&#8221; dedi.<\/p>\n<p style=\"text-align: justify;\">Diyarbak\u0131r&#8217;da BDP, DTK, KADEP, HAKPAR ve sivil toplum \u00f6rg\u00fctleri biraraya gelerek, artan ter\u00f6r olaylar\u0131 ve T\u00fcrk Silahl\u0131 Kuvvetleri&#8217;nin Irak&#8217;\u0131n kuzeyindeki <\/p>\n","protected":false},"author":1,"featured_media":0,"comment_status":"open","ping_status":"open","sticky":false,"template":"","format":"standard","meta":{"footnotes":""},"categories":[105],"tags":[],"class_list":["post-38887","post","type-post","status-publish","format-standard","hentry","category-gundem","odd"],"_links":{"self":[{"href":"http:\/\/www.korhanyilmaz.com\/index.php?rest_route=\/wp\/v2\/posts\/38887","targetHints":{"allow":["GET"]}}],"collection":[{"href":"http:\/\/www.korhanyilmaz.com\/index.php?rest_route=\/wp\/v2\/posts"}],"about":[{"href":"http:\/\/www.korhanyilmaz.com\/index.php?rest_route=\/wp\/v2\/types\/post"}],"author":[{"embeddable":true,"href":"http:\/\/www.korhanyilmaz.com\/index.php?rest_route=\/wp\/v2\/users\/1"}],"replies":[{"embeddable":true,"href":"http:\/\/www.korhanyilmaz.com\/index.php?rest_route=%2Fwp%2Fv2%2Fcomments&post=38887"}],"version-history":[{"count":0,"href":"http:\/\/www.korhanyilmaz.com\/index.php?rest_route=\/wp\/v2\/posts\/38887\/revisions"}],"wp:attachment":[{"href":"http:\/\/www.korhanyilmaz.com\/index.php?rest_route=%2Fwp%2Fv2%2Fmedia&parent=38887"}],"wp:term":[{"taxonomy":"category","embeddable":true,"href":"http:\/\/www.korhanyilmaz.com\/index.php?rest_route=%2Fwp%2Fv2%2Fcategories&post=38887"},{"taxonomy":"post_tag","embeddable":true,"href":"http:\/\/www.korhanyilmaz.com\/index.php?rest_route=%2Fwp%2Fv2%2Ftags&post=38887"}],"curies":[{"name":"wp","href":"https:\/\/api.w.org\/{rel}","templated":true}]}}