{"id":38884,"date":"2011-08-23T10:47:38","date_gmt":"2011-08-23T07:47:38","guid":{"rendered":"http:\/\/www.korhanyilmaz.com\/?p=38884"},"modified":"2011-08-23T17:15:09","modified_gmt":"2011-08-23T14:15:09","slug":"davos-ona-geliyor","status":"publish","type":"post","link":"http:\/\/www.korhanyilmaz.com\/?p=38884","title":{"rendered":"Davos ona geliyor!"},"content":{"rendered":"<p style=\"text-align: center;\"><a href=\"http:\/\/www.korhanyilmaz.com\/wp-content\/uploads\/2011\/08\/7020.jpg\"  class=\"lightview\"><img loading=\"lazy\" decoding=\"async\" class=\"aligncenter size-full wp-image-38885\" src=\"http:\/\/www.korhanyilmaz.com\/wp-content\/uploads\/2011\/08\/7020.jpg\" alt=\"\" width=\"345\" height=\"265\" \/><\/a><\/p>\n<p style=\"text-align: justify;\">Davos zirvesini d\u00fczenleyen D\u00fcnya Ekonomi Forumu \u0130cra Kurulu Ba\u015fkan\u0131 Klaus Schwab T\u00fcrkiye&#8217;de zirve d\u00fczenleyecek.<\/p>\n<p style=\"text-align: justify;\">Milliyet gazetesinin haberine g\u00f6re Ba\u015fbakan Schwab\u2019\u0131 \u00f6nceki g\u00fcn \u0130stanbul\u2019daki ofisinde kabul etmi\u015fti. Schwab\u2019\u0131n Avrupa Birli\u011fi Bakan\u0131 ve Ba\u015fm\u00fczakereci Egemen Ba\u011f\u0131\u015f\u2019\u0131n bulundu\u011fu masaya oturmas\u0131 i\u00e7in masa d\u00fczeni de\u011fi\u015ftirilirken, Schwab\u2019\u0131n yak\u0131n arkada\u015f\u0131 C\u00fcneyd Zapsu da bu masaya ge\u00e7ti.\u00a0<!--more--><\/p>\n<p style=\"text-align: justify;\">Schwab\u2019\u0131n iftara kat\u0131lma s\u00fcrecini sordu\u011fum Egemen Ba\u011f\u0131\u015f \u015funlar\u0131 s\u00f6yledi: \u201cT\u00fcrkiye\u2019de, kuzeyle g\u00fcney, do\u011fuyla bat\u0131n\u0131n bulu\u015faca\u011f\u0131 bir zirve d\u00fczenlemek istiyorlar. B\u00f6yle bir toplant\u0131 i\u00e7in Ba\u015fbakan\u2019dan izin almak istediler. Yapt\u0131klar\u0131 g\u00f6r\u00fc\u015fmede bunun i\u00e7in Ba\u015fbakan\u2019dan destek istediler. Ba\u015fbakan, \u2018Biz memnun oluruz. Siz AB Bakan\u0131m\u0131z Egemen Ba\u011f\u0131\u015f ve yak\u0131n arkada\u015f\u0131n\u0131z C\u00fcneyd Zapsu ile bir \u00e7al\u0131\u015fma yap\u0131n, sonra yine de\u011ferlendiririz\u2019 dedi.\u201d<\/p>\n<p style=\"text-align: justify;\">Schwab, \u201cSomali ziyaretinizi yak\u0131ndan takip ettik. D\u00fcnyaya bir cesaret \u00f6rne\u011fi oldunuz\u201d dedi\u011fi Ba\u015fbakan\u2019\u0131n iftar davetini, \u201cRamazan\u2019da bir iftar tecr\u00fcbesi ya\u015famaktan onur duyar\u0131m\u201d s\u00f6zleriyle kabul etti. Schwab Davos\u2019taki \u2018One minute\u2019 s\u00f6z\u00fcyle tarihe ge\u00e7en diyaloglar nedeniyle \u00fcz\u00fcnt\u00fclerini yinelerken Erdo\u011fan\u2019\u0131 se\u00e7imdeki b\u00fcy\u00fck ba\u015far\u0131s\u0131 ve olumsuz k\u00fcresel ko\u015fullara kar\u015f\u0131n b\u00fcy\u00fcyen T\u00fcrk ekonomisi nedeniyle tebrik etti. Ba\u015fbakan, Schwab\u2019a Somali g\u00f6zlemlerini aktar\u0131rken, Avrupa\u2019n\u0131n Somali\u2019ye daha duyarl\u0131 olmas\u0131 gerekti\u011fi uyar\u0131s\u0131nda bulundu.<\/p>\n<p style=\"text-align: justify;\"><a href=\"http:\/\/www.cnnturk.com\/2011\/turkiye\/08\/23\/davos.ona.geliyor\/626948.0\/index.html\" target=\"_blank\">Kaynak : CNN T\u00dcRK<\/a><\/p>\n","protected":false},"excerpt":{"rendered":"<p style=\"text-align: center;\">\n<p style=\"text-align: justify;\">Davos zirvesini d\u00fczenleyen D\u00fcnya Ekonomi Forumu \u0130cra Kurulu Ba\u015fkan\u0131 Klaus Schwab T\u00fcrkiye&#8217;de zirve d\u00fczenleyecek.<\/p>\n<p style=\"text-align: justify;\">Milliyet gazetesinin haberine g\u00f6re Ba\u015fbakan Schwab\u2019\u0131 \u00f6nceki g\u00fcn \u0130stanbul\u2019daki ofisinde kabul etmi\u015fti. Schwab\u2019\u0131n Avrupa Birli\u011fi Bakan\u0131 ve Ba\u015fm\u00fczakereci Egemen Ba\u011f\u0131\u015f\u2019\u0131n bulundu\u011fu masaya oturmas\u0131 i\u00e7in masa d\u00fczeni de\u011fi\u015ftirilirken, Schwab\u2019\u0131n yak\u0131n arkada\u015f\u0131 C\u00fcneyd Zapsu da bu <\/p>\n","protected":false},"author":1,"featured_media":0,"comment_status":"open","ping_status":"open","sticky":false,"template":"","format":"standard","meta":{"footnotes":""},"categories":[105],"tags":[],"class_list":["post-38884","post","type-post","status-publish","format-standard","hentry","category-gundem","odd"],"_links":{"self":[{"href":"http:\/\/www.korhanyilmaz.com\/index.php?rest_route=\/wp\/v2\/posts\/38884","targetHints":{"allow":["GET"]}}],"collection":[{"href":"http:\/\/www.korhanyilmaz.com\/index.php?rest_route=\/wp\/v2\/posts"}],"about":[{"href":"http:\/\/www.korhanyilmaz.com\/index.php?rest_route=\/wp\/v2\/types\/post"}],"author":[{"embeddable":true,"href":"http:\/\/www.korhanyilmaz.com\/index.php?rest_route=\/wp\/v2\/users\/1"}],"replies":[{"embeddable":true,"href":"http:\/\/www.korhanyilmaz.com\/index.php?rest_route=%2Fwp%2Fv2%2Fcomments&post=38884"}],"version-history":[{"count":0,"href":"http:\/\/www.korhanyilmaz.com\/index.php?rest_route=\/wp\/v2\/posts\/38884\/revisions"}],"wp:attachment":[{"href":"http:\/\/www.korhanyilmaz.com\/index.php?rest_route=%2Fwp%2Fv2%2Fmedia&parent=38884"}],"wp:term":[{"taxonomy":"category","embeddable":true,"href":"http:\/\/www.korhanyilmaz.com\/index.php?rest_route=%2Fwp%2Fv2%2Fcategories&post=38884"},{"taxonomy":"post_tag","embeddable":true,"href":"http:\/\/www.korhanyilmaz.com\/index.php?rest_route=%2Fwp%2Fv2%2Ftags&post=38884"}],"curies":[{"name":"wp","href":"https:\/\/api.w.org\/{rel}","templated":true}]}}