{"id":38881,"date":"2011-08-23T14:55:11","date_gmt":"2011-08-23T11:55:11","guid":{"rendered":"http:\/\/www.korhanyilmaz.com\/?p=38881"},"modified":"2011-08-23T17:11:57","modified_gmt":"2011-08-23T14:11:57","slug":"canimiz-yaniyor-hakim-bey","status":"publish","type":"post","link":"http:\/\/www.korhanyilmaz.com\/?p=38881","title":{"rendered":"&#8220;Can\u0131m\u0131z yan\u0131yor hakim bey&#8221;"},"content":{"rendered":"<p style=\"text-align: center;\"><a href=\"http:\/\/www.korhanyilmaz.com\/wp-content\/uploads\/2011\/08\/7019.jpg\"  class=\"lightview\"><img loading=\"lazy\" decoding=\"async\" class=\"aligncenter size-full wp-image-38882\" src=\"http:\/\/www.korhanyilmaz.com\/wp-content\/uploads\/2011\/08\/7019.jpg\" alt=\"\" width=\"343\" height=\"243\" \/><\/a><\/p>\n<p style=\"text-align: justify;\">&#8220;Balyoz Plan\u0131&#8221; iddialar\u0131na ili\u015fkin 196 emekli ve muvazzaf askerin yarg\u0131land\u0131\u011f\u0131 davan\u0131n 41. duru\u015fmas\u0131n\u0131n g\u00f6r\u00fclmesine devam ediliyor. Duru\u015fmaya tutuklu san\u0131k Dursun \u00c7i\u00e7ek&#8217;le mahkeme ba\u015fkan\u0131 aras\u0131ndaki \u00fcslup tart\u0131\u015fmas\u0131 damga vurdu.<\/p>\n<p style=\"text-align: justify;\">\u0130stanbul 10. A\u011f\u0131r Ceza Mahkemesi&#8217;nce Silivri Ceza \u0130nfaz Kurumlar\u0131 Yerle\u015fkesi&#8217;ndeki salonda yap\u0131lan duru\u015fmaya, eski Hava Kuvvetleri Komutan\u0131 emekli Orgeneral Halil \u0130brahim F\u0131rt\u0131na, eski Deniz Kuvvetleri Komutan\u0131 emekli Oramiral \u00d6zden \u00d6rnek, Eski 1. Ordu Komutan\u0131 emekli Orgeneral \u00c7etin Do\u011fan, Albay Dursun \u00c7i\u00e7ek ve MHP \u0130stanbul milletvekili Emekli Korgeneral Engin Alan&#8217;\u0131n de aralar\u0131nda bulundu\u011fu 143 tutuklu san\u0131k kat\u0131ld\u0131.<!--more--><\/p>\n<p style=\"text-align: justify;\">Koramiral Kadir Sa\u011fd\u0131\u00e7 ve Albay Ali T\u00fcrk\u015fen&#8217;in de aralar\u0131nda bulundu\u011f\u0131 19 tutuklu san\u0131k ise duru\u015fmaya kat\u0131lmad\u0131. Sa\u011fd\u0131\u00e7 ve T\u00fcrk\u015fen G\u00f6lc\u00fck Donanma Komutanl\u0131\u011f\u0131&#8217;nda ele ge\u00e7irilen belgelere ili\u015fkin a\u00e7\u0131lan davan\u0131n ilk duru\u015fmas\u0131na haz\u0131r bulunduklar\u0131 i\u00e7in bu davan\u0131n duru\u015fmas\u0131nda haz\u0131r bulunmad\u0131. A 16 tutuksuz san\u0131k duru\u015fmada haz\u0131r bulunurken, hakk\u0131nda yakalama karar\u0131 olan emekli Orgeneral Ergun Saygun&#8217;un GATA&#8217;daki tedavisi devam etti\u011fi i\u00e7in duru\u015fmaya kat\u0131lamad\u0131. Mahkeme Ba\u015fkan\u0131 \u00d6mer Diken san\u0131klar\u0131n savunmalar\u0131n\u0131n al\u0131nmas\u0131na devam edece\u011fini belirterek, tutuklu san\u0131k Dursun \u00c7i\u00e7ek&#8217;i k\u00fcrs\u00fcye \u00e7a\u011f\u0131rd\u0131.<\/p>\n<p style=\"text-align: justify;\"><strong>\u00c7i\u00e7ek su\u00e7lamalar\u0131 reddetti\u00a0<\/strong><\/p>\n<p style=\"text-align: justify;\">Balyoz Davas\u0131&#8217;nda ilk kez savunma yapan san\u0131k Dursun \u00c7i\u00e7ek, hakk\u0131ndaki su\u00e7lamalar\u0131 reddetti. 45 dakika savunma yapan san\u0131k \u00c7i\u00e7ek, 27 ayd\u0131r tutuklu oldu\u011funu bunun bir hukuk cinayeti oldu\u011funun alt\u0131n\u0131 \u00e7izdi. &#8216;Silahl\u0131 ter\u00f6r \u00f6rg\u00fct\u00fc \u00fcyesi olmak&#8217;, &#8216;H\u00fck\u00fcmeti ortadan kald\u0131rmaya te\u015febb\u00fcs etmek&#8217; su\u00e7lar\u0131ndan yarg\u0131land\u0131\u011f\u0131n\u0131 hat\u0131rlatan \u00c7i\u00e7ek, &#8220;Suga Harekat Plan\u0131 kapsam\u0131nda Akdeniz B\u00f6lgesi &#8216;M\u00fczahir subay&#8217; ve &#8216;Astsubay listesinin&#8217; haz\u0131rlanmas\u0131 i\u00e7in g\u00f6revlendirildi\u011fi ve listeyi haz\u0131rlad\u0131\u011f\u0131 iddias\u0131 \u00fczerine yarg\u0131land\u0131\u011f\u0131n\u0131 belirtti. &#8220;iddia makam\u0131 iddias\u0131n\u0131 yasal delillerle ispatlamakla m\u00fckelleftir&#8221; diyen \u00c7i\u00e7ek, &#8220;\u015eahs\u0131ma ait hi\u00e7bir maddi ve dijital izi bulunmayan iddiaya konu iki sayfal\u0131k isim listesini haz\u0131rlayan, kaydeden ve son kaydedenin \u015fahs\u0131m olmad\u0131\u011f\u0131 gibi benimle hi\u00e7bir illiyet ba\u011f\u0131 bulunmad\u0131\u011f\u0131 iddianamede itiraf edilmektedir. Hukuka uygunluk denetimi yap\u0131lmayan bu isim listesinin hi\u00e7bir yasal delil niteli\u011fi yoktur&#8221; dedi.<\/p>\n<p style=\"text-align: justify;\"><strong>&#8220;Listenin taraf\u0131mdan haz\u0131rland\u0131\u011f\u0131na dair hi\u00e7bir dijital ve somut delil yoktur&#8221;\u00a0<\/strong><\/p>\n<p style=\"text-align: justify;\">Listenin sahte delil \u00fcretim \u00e7etesi taraf\u0131ndan haz\u0131rland\u0131\u011f\u0131n\u0131 iddia eden \u00c7i\u00e7ek, &#8220;Hakk\u0131mdaki davada tek delil oldu\u011fu iddia edilen, \u00fczerinde hi\u00e7 bir tarih ve dosya bilgisi olmayan iki sayfal\u0131k isim listesini i\u00e7eren word dosyas\u0131 hukuki tan\u0131m\u0131 ile tam bir sahtecilik \u00f6rne\u011fidir. Sahte listede yer alan 42 personelden sadece ikisini ayn\u0131 birlikte g\u00f6rev yapt\u0131\u011f\u0131m i\u00e7in tan\u0131yorum. \u015eayet bu isim listesini haz\u0131rlam\u0131\u015f olsayd\u0131m listenin ba\u015f\u0131na kendi ismimi yazmazd\u0131m. Komutan\u0131 oldu\u011fum Deniz Er E\u011fitim Alay\u0131&#8217;ndaki \u015fahsen tan\u0131d\u0131\u011f\u0131m daha k\u0131demli ve etkin olan onlarca subay ve astsubay\u0131n ismini yazard\u0131m&#8221; ifadelerini kulland\u0131. \u00c7i\u00e7ek,&#8221;Akdeniz B\u00f6lge Komutan\u0131 Emekli Tu\u011famiral Hasan Ho\u015fgit&#8217;in bana g\u00f6rev verdi\u011fine dair bir belge delil yok. Hasan Ho\u015fgit beni tan\u0131mad\u0131\u011f\u0131n\u0131 da savunmas\u0131nda s\u00f6ylemi\u015ftir. Sahte liste 2009 y\u0131l\u0131nda haz\u0131rland\u0131\u011f\u0131 delillerle ortaya \u00e7\u0131km\u0131\u015ft\u0131r. \u00c7\u00fcnk\u00fc o tarihten \u00f6nce Dursun \u00c7i\u00e7ek hedef de\u011fildi. 1.Ordu Komutanl\u0131\u011f\u0131&#8217;nda seminerin icra edildi\u011fi d\u00f6nemde, \u0130skenderun\/Hatay&#8217;da, Deniz Er E\u011fitim Alay Komutan\u0131 olarak g\u00f6rev yapt\u0131\u011f\u0131m, ge\u00e7ici g\u00f6revle de olsa b\u00f6lgeden ayr\u0131lmad\u0131\u011f\u0131m ve seminere kat\u0131lmad\u0131\u011f\u0131m sabittir. Listenin haz\u0131rlanmas\u0131na y\u00f6nelik kesinlikle hi\u00e7 bir emir almad\u0131m ve b\u00f6yle bir liste haz\u0131rlamad\u0131m. D\u00f6nemin Akdeniz B\u00f6lge Komutan\u0131 ifadesinde bu kapsamda bir emir vermedi\u011fini a\u00e7\u0131klam\u0131\u015ft\u0131r&#8221; dedi.<\/p>\n<p style=\"text-align: justify;\"><strong>&#8220;Son 100 y\u0131lda ger\u00e7ekle\u015fen darbeler tarihini inceledim&#8221;\u00a0<\/strong><\/p>\n<p style=\"text-align: justify;\">&#8220;Son 100 y\u0131lda ger\u00e7ekle\u015fen darbeler tarihini inceledi\u011fini s\u00f6yleyen \u00c7i\u00e7ek, &#8220;Merkezi y\u00f6netimde ve ba\u015fkentte kontrol\u00fc planlanmayan hi\u00e7bir darbe te\u015febb\u00fcs\u00fc yoktur. Ankara&#8217;ya ve merkezi devlet kurumlar\u0131na y\u00f6nelik hi\u00e7bir tedbir \u00f6ng\u00f6rmeyen bir darbe plan\u0131 olamaz. Askeri darbe i\u00e7in kullan\u0131labilecek askeri g\u00fcc\u00fc ve imkan\u0131 bulunmayan Donanma Komutanl\u0131\u011f\u0131 ve Harp Akademileri Komutanl\u0131\u011f\u0131 ile 1.Ordu Komutanl\u0131\u011f\u0131 ba\u011fl\u0131 unsurlar\u0131 kullan\u0131larak \u0130stanbul veya Marmara B\u00f6lgesinde bir darbe planlamas\u0131 hayat\u0131n do\u011fal ak\u0131\u015f\u0131na ayk\u0131r\u0131d\u0131r ve mant\u0131k d\u0131\u015f\u0131d\u0131r&#8221; \u015feklinde konu\u015ftu.<\/p>\n<p style=\"text-align: justify;\"><strong>&#8220;Avrupa insan haklar\u0131 mahkemesi&#8217;ne ba\u015fvurduk&#8221;\u00a0<\/strong><\/p>\n<p style=\"text-align: justify;\">&#8220;Mahkemeden \u00f6ncelikle adil, tarafs\u0131z ve ba\u011f\u0131ms\u0131z yarg\u0131lama yapmas\u0131n\u0131 talep ediyorum&#8221; diyen \u00c7i\u00e7ek, &#8220;B\u00fct\u00fcn davalar\u0131n tuzu biberi oldu\u011fum i\u00e7in beni bu davaya da dahil ettiler. Bu bir darbe plan\u0131 de\u011fil iftira plan\u0131d\u0131r. Sahte delilleri polis de\u011ferlendiriyor. Savc\u0131 iddianameyi yaz\u0131yor siz de iddianameyi kabul ediyorsunuz. 2 polisin yapt\u0131\u011f\u0131 de\u011ferlendirme de\u011fildir. Savc\u0131 iddialar\u0131n\u0131 ispatlamal\u0131d\u0131r. Bu kadar masum insan su\u00e7suz yere burada. Ben de dahil olmak \u00fczere hepimiz Avrupa \u0130nsan Haklar\u0131 Mahkemesi&#8217;ne ba\u015fvurduk. B\u00f6yle adil yarg\u0131lama olmaz&#8221; dedi.<\/p>\n<p style=\"text-align: justify;\"><strong>Mahkeme ba\u015fkan\u0131 diken, san\u0131k dursun \u00e7i\u00e7ek&#8217;i uyard\u0131\u00a0<\/strong><\/p>\n<p style=\"text-align: justify;\">\u0130nternet And\u0131c\u0131 Davas\u0131&#8217;na da de\u011finen San\u0131k Dursun \u00c7i\u00e7ek, &#8220;1999&#8217;dan itibaren yasal olarak kurulan siteleri, su\u00e7luymu\u015f gibi yarg\u0131layan mahkemelersiniz siz. Genelkurmay&#8217;\u0131 da su\u00e7luyorsunuz bu durumda. Kararlar evrensel hukuk kurallar\u0131na uygun mu?&#8221; diye sordu. Bunun \u00fczerine Ba\u015fkan \u00d6mer Diken&#8217;den san\u0131k \u00c7i\u00e7ek&#8217;i uyard\u0131.<\/p>\n<p style=\"text-align: justify;\">\u00d6mer Diken: Savunma ile hakaret aras\u0131nda gidip geliyorsunuz. Bizi hakk\u0131n\u0131zda i\u015flem yapmak zorunda b\u0131rakmay\u0131n.<\/p>\n<p style=\"text-align: justify;\">Dursun \u00c7i\u00e7ek: Can\u0131m\u0131z yan\u0131yor Hakim Bey,<\/p>\n<p style=\"text-align: justify;\">\u00d6mer Diken: Sizin ibreniz ince \u00e7izgide gidip geliyor.<\/p>\n<p style=\"text-align: justify;\">Dursun \u00c7i\u00e7ek: Ailemiz s\u0131k\u0131nt\u0131 \u00e7ekiyor.<\/p>\n<p style=\"text-align: justify;\">\u00d6mer Diken: Aileniz zor g\u00fcnler ge\u00e7iriyor olabilir. Ancak bu mahkeme heyetine ve iddia makam\u0131na hakaret etmenizi gerektirmez.<\/p>\n<p style=\"text-align: justify;\">Dursun \u00c7i\u00e7ek: Ya\u015fad\u0131\u011f\u0131m\u0131z s\u0131k\u0131nt\u0131lar\u0131 bir kez daha ifade etmek istedim. Hakaret etme amac\u0131m yok.<\/p>\n<p style=\"text-align: justify;\">\u00d6mer Diken: Savunma s\u0131n\u0131rlar\u0131 i\u00e7inde kal\u0131n\u0131z o s\u0131n\u0131r\u0131 a\u015fmay\u0131n\u0131z. Konu\u015fmalar\u0131n\u0131za dikkat edin.<\/p>\n<p style=\"text-align: justify;\"><strong>\u00c7i\u00e7ek tahliyesini istedi\u00a0<\/strong><\/p>\n<p style=\"text-align: justify;\">\u00c7i\u00e7ek savunmas\u0131n\u0131 \u015f\u00f6yle tamamlad\u0131: &#8220;Sahte dijital veriler asla delil de\u011fildir. Adalet m\u00fclk\u00fcn yani devletin temelidir. Hak, hukuk ve adalet olmayan yerde devlet de olmaz mahkeme ve hakim de olmaz. Masum oldu\u011fum i\u00e7in benim, ailemin ve vicdan\u0131m rahatt\u0131r. Ey Yarg\u0131\u00e7lar, bir ki\u015fiyi tutuklad\u0131\u011f\u0131n\u0131zda bir aileyi ve hatta onun t\u00fcm sevenlerini tutuklam\u0131\u015f oluyorsunuz. Kanser tedavisi g\u00f6ren ve o\u011flunun maruz kald\u0131\u011f\u0131 hukuk cinayetinden habersiz olan annem, e\u015fim, sevgili k\u0131z\u0131m ve o\u011flum, sevenlerim ve insanl\u0131ktan nasibini alm\u0131\u015f t\u00fcm insanlar sizden adalet bekliyor. Geciken adalet adalet de\u011fildir. Tahliyemi ve beraatimi istiyorum.&#8221; Dursun \u00c7i\u00e7ek avukat\u0131 olan ayn\u0131 zamanda k\u0131z\u0131 \u0130rem \u00c7i\u00e7ek&#8217;in yazd\u0131\u011f\u0131 K\u0131\u015fladan Hasdal&#8217;a isimli kitab\u0131 da delil olarak mahkemeye sundu.<\/p>\n<p style=\"text-align: justify;\"><a href=\"http:\/\/www.cnnturk.com\/2011\/turkiye\/08\/23\/canimiz.yaniyor.hakim.bey\/627013.0\/index.html\" target=\"_blank\">Kaynak : CNN T\u00dcRK<\/a><\/p>\n","protected":false},"excerpt":{"rendered":"<p style=\"text-align: center;\">\n<p style=\"text-align: justify;\">&#8220;Balyoz Plan\u0131&#8221; iddialar\u0131na ili\u015fkin 196 emekli ve muvazzaf askerin yarg\u0131land\u0131\u011f\u0131 davan\u0131n 41. duru\u015fmas\u0131n\u0131n g\u00f6r\u00fclmesine devam ediliyor. Duru\u015fmaya tutuklu san\u0131k Dursun \u00c7i\u00e7ek&#8217;le mahkeme ba\u015fkan\u0131 aras\u0131ndaki \u00fcslup tart\u0131\u015fmas\u0131 damga vurdu.<\/p>\n<p style=\"text-align: justify;\">\u0130stanbul 10. A\u011f\u0131r Ceza Mahkemesi&#8217;nce Silivri Ceza \u0130nfaz Kurumlar\u0131 Yerle\u015fkesi&#8217;ndeki salonda yap\u0131lan duru\u015fmaya, eski Hava Kuvvetleri Komutan\u0131 emekli Orgeneral Halil <\/p>\n","protected":false},"author":1,"featured_media":0,"comment_status":"open","ping_status":"open","sticky":false,"template":"","format":"standard","meta":{"footnotes":""},"categories":[105],"tags":[],"class_list":["post-38881","post","type-post","status-publish","format-standard","hentry","category-gundem","odd"],"_links":{"self":[{"href":"http:\/\/www.korhanyilmaz.com\/index.php?rest_route=\/wp\/v2\/posts\/38881","targetHints":{"allow":["GET"]}}],"collection":[{"href":"http:\/\/www.korhanyilmaz.com\/index.php?rest_route=\/wp\/v2\/posts"}],"about":[{"href":"http:\/\/www.korhanyilmaz.com\/index.php?rest_route=\/wp\/v2\/types\/post"}],"author":[{"embeddable":true,"href":"http:\/\/www.korhanyilmaz.com\/index.php?rest_route=\/wp\/v2\/users\/1"}],"replies":[{"embeddable":true,"href":"http:\/\/www.korhanyilmaz.com\/index.php?rest_route=%2Fwp%2Fv2%2Fcomments&post=38881"}],"version-history":[{"count":0,"href":"http:\/\/www.korhanyilmaz.com\/index.php?rest_route=\/wp\/v2\/posts\/38881\/revisions"}],"wp:attachment":[{"href":"http:\/\/www.korhanyilmaz.com\/index.php?rest_route=%2Fwp%2Fv2%2Fmedia&parent=38881"}],"wp:term":[{"taxonomy":"category","embeddable":true,"href":"http:\/\/www.korhanyilmaz.com\/index.php?rest_route=%2Fwp%2Fv2%2Fcategories&post=38881"},{"taxonomy":"post_tag","embeddable":true,"href":"http:\/\/www.korhanyilmaz.com\/index.php?rest_route=%2Fwp%2Fv2%2Ftags&post=38881"}],"curies":[{"name":"wp","href":"https:\/\/api.w.org\/{rel}","templated":true}]}}