{"id":38865,"date":"2011-08-23T09:09:43","date_gmt":"2011-08-23T06:09:43","guid":{"rendered":"http:\/\/www.korhanyilmaz.com\/?p=38865"},"modified":"2011-08-23T10:06:32","modified_gmt":"2011-08-23T07:06:32","slug":"perincekin-oglu-da-tutuklandi","status":"publish","type":"post","link":"http:\/\/www.korhanyilmaz.com\/?p=38865","title":{"rendered":"Perin\u00e7ek&#8217;in o\u011flu da tutukland\u0131"},"content":{"rendered":"<p style=\"text-align: center;\"><a href=\"http:\/\/www.korhanyilmaz.com\/wp-content\/uploads\/2011\/08\/7017.jpg\"  class=\"lightview\"><img loading=\"lazy\" decoding=\"async\" class=\"aligncenter size-full wp-image-38866\" src=\"http:\/\/www.korhanyilmaz.com\/wp-content\/uploads\/2011\/08\/7017.jpg\" alt=\"\" width=\"320\" height=\"217\" \/><\/a><\/p>\n<p style=\"text-align: justify;\">&#8220;Ergenekon&#8221; soru\u015fturmas\u0131 kapsam\u0131nda aralar\u0131nda \u0130\u015f\u00e7i Partisi (\u0130P) Genel Ba\u015fkan\u0131 ve birinci Ergenekon davas\u0131n\u0131n tutuklu san\u0131\u011f\u0131 Do\u011fu Perin\u00e7ek&#8217;in o\u011flu Mehmet Perin\u00e7ek&#8217;in de bulundu\u011fu 4 ki\u015fi tutukland\u0131.<!--more--><\/p>\n<p style=\"text-align: justify;\">\u0130STANBUL &#8211; Be\u015fikta\u015f&#8217;taki \u0130stanbul Adliyesinde \u201cErgenekon\u201d soru\u015fturmas\u0131n\u0131 y\u00fcr\u00fcten \u00f6zel yetkili \u0130stanbul Cumhuriyet Savc\u0131s\u0131 Cihan Kans\u0131z taraf\u0131ndan ifadelerinin al\u0131nmas\u0131n\u0131n ard\u0131ndan tutuklanma istemiyle \u0130stanbul N\u00f6bet\u00e7i 12. A\u011f\u0131r Ceza Mahkemesine sevk edilen 4 ki\u015finin sorgusu tamamland\u0131.<\/p>\n<p style=\"text-align: justify;\">N\u00f6bet\u00e7i hakimlik, \u0130P Genel Ba\u015fkan\u0131 ve birinci \u201cErgenekon\u201d davas\u0131n\u0131n tutuklu san\u0131\u011f\u0131 Do\u011fu Perin\u00e7ek&#8217;in o\u011flu Mehmet Perin\u00e7ek, \u0130P Genel Ba\u015fkan Yard\u0131mc\u0131s\u0131 Mehmet Bedri G\u00fcltekin, \u0130P \u0130stanbul \u0130l Ba\u015fkan\u0131 ve Genel Ba\u015fkan Yard\u0131mc\u0131s\u0131 Erkan \u00d6nsel ile Ulusal Kanal Genel Yay\u0131n Y\u00f6netmeni Turhan \u00d6zl\u00fc&#8217;n\u00fcn tutuklanmas\u0131na karar verdi.<\/p>\n<p style=\"text-align: justify;\">Soru\u015fturma kapsam\u0131nda ifadesi al\u0131nan 5 ki\u015fi de savc\u0131l\u0131k sorgusunun ard\u0131ndan serbest b\u0131rak\u0131lm\u0131\u015ft\u0131.<\/p>\n<p style=\"text-align: justify;\"><a href=\"\u0130STANBUL - Be\u015fikta\u015f'taki \u0130stanbul Adliyesinde \u201cErgenekon\u201d soru\u015fturmas\u0131n\u0131 y\u00fcr\u00fcten \u00f6zel yetkili \u0130stanbul Cumhuriyet Savc\u0131s\u0131 Cihan Kans\u0131z taraf\u0131ndan ifadelerinin al\u0131nmas\u0131n\u0131n ard\u0131ndan tutuklanma istemiyle \u0130stanbul N\u00f6bet\u00e7i 12. A\u011f\u0131r Ceza Mahkemesine sevk edilen 4 ki\u015finin sorgusu tamamland\u0131.   N\u00f6bet\u00e7i hakimlik, \u0130P Genel Ba\u015fkan\u0131 ve birinci \u201cErgenekon\u201d davas\u0131n\u0131n tutuklu san\u0131\u011f\u0131 Do\u011fu Perin\u00e7ek'in o\u011flu Mehmet Perin\u00e7ek, \u0130P Genel Ba\u015fkan Yard\u0131mc\u0131s\u0131 Mehmet Bedri G\u00fcltekin, \u0130P \u0130stanbul \u0130l Ba\u015fkan\u0131 ve Genel Ba\u015fkan Yard\u0131mc\u0131s\u0131 Erkan \u00d6nsel ile Ulusal Kanal Genel Yay\u0131n Y\u00f6netmeni Turhan \u00d6zl\u00fc'n\u00fcn tutuklanmas\u0131na karar verdi.   Soru\u015fturma kapsam\u0131nda ifadesi al\u0131nan 5 ki\u015fi de savc\u0131l\u0131k sorgusunun ard\u0131ndan serbest b\u0131rak\u0131lm\u0131\u015ft\u0131\" target=\"_blank\">Kaynak : Radikal.com.tr<\/a><\/p>\n","protected":false},"excerpt":{"rendered":"<p style=\"text-align: center;\">\n<p style=\"text-align: justify;\">&#8220;Ergenekon&#8221; soru\u015fturmas\u0131 kapsam\u0131nda aralar\u0131nda \u0130\u015f\u00e7i Partisi (\u0130P) Genel Ba\u015fkan\u0131 ve birinci Ergenekon davas\u0131n\u0131n tutuklu san\u0131\u011f\u0131 Do\u011fu Perin\u00e7ek&#8217;in o\u011flu Mehmet Perin\u00e7ek&#8217;in de bulundu\u011fu 4 ki\u015fi tutukland\u0131.<\/p>\n","protected":false},"author":1,"featured_media":0,"comment_status":"open","ping_status":"open","sticky":false,"template":"","format":"standard","meta":{"footnotes":""},"categories":[105],"tags":[],"class_list":["post-38865","post","type-post","status-publish","format-standard","hentry","category-gundem","odd"],"_links":{"self":[{"href":"http:\/\/www.korhanyilmaz.com\/index.php?rest_route=\/wp\/v2\/posts\/38865","targetHints":{"allow":["GET"]}}],"collection":[{"href":"http:\/\/www.korhanyilmaz.com\/index.php?rest_route=\/wp\/v2\/posts"}],"about":[{"href":"http:\/\/www.korhanyilmaz.com\/index.php?rest_route=\/wp\/v2\/types\/post"}],"author":[{"embeddable":true,"href":"http:\/\/www.korhanyilmaz.com\/index.php?rest_route=\/wp\/v2\/users\/1"}],"replies":[{"embeddable":true,"href":"http:\/\/www.korhanyilmaz.com\/index.php?rest_route=%2Fwp%2Fv2%2Fcomments&post=38865"}],"version-history":[{"count":0,"href":"http:\/\/www.korhanyilmaz.com\/index.php?rest_route=\/wp\/v2\/posts\/38865\/revisions"}],"wp:attachment":[{"href":"http:\/\/www.korhanyilmaz.com\/index.php?rest_route=%2Fwp%2Fv2%2Fmedia&parent=38865"}],"wp:term":[{"taxonomy":"category","embeddable":true,"href":"http:\/\/www.korhanyilmaz.com\/index.php?rest_route=%2Fwp%2Fv2%2Fcategories&post=38865"},{"taxonomy":"post_tag","embeddable":true,"href":"http:\/\/www.korhanyilmaz.com\/index.php?rest_route=%2Fwp%2Fv2%2Ftags&post=38865"}],"curies":[{"name":"wp","href":"https:\/\/api.w.org\/{rel}","templated":true}]}}