{"id":38857,"date":"2011-08-23T07:59:40","date_gmt":"2011-08-23T04:59:40","guid":{"rendered":"http:\/\/www.korhanyilmaz.com\/?p=38857"},"modified":"2011-08-23T10:03:12","modified_gmt":"2011-08-23T07:03:12","slug":"cora-da-hasdalda","status":"publish","type":"post","link":"http:\/\/www.korhanyilmaz.com\/?p=38857","title":{"rendered":"Cora da Hasdal&#8217;da"},"content":{"rendered":"<p style=\"text-align: center;\"><a href=\"http:\/\/www.korhanyilmaz.com\/wp-content\/uploads\/2011\/08\/7016.jpg\"  class=\"lightview\"><img loading=\"lazy\" decoding=\"async\" class=\"aligncenter size-full wp-image-38862\" src=\"http:\/\/www.korhanyilmaz.com\/wp-content\/uploads\/2011\/08\/7016.jpg\" alt=\"\" width=\"346\" height=\"229\" \/><\/a><\/p>\n<p style=\"text-align: justify;\">&#8216;Amirallere suikast&#8217; davas\u0131 kapsam\u0131nda Koramiral Deniz Cora da tutukland\u0131. Cora&#8217;yla birlikte tutuklu general say\u0131s\u0131 47 oldu.<\/p>\n<p style=\"text-align: justify;\">Eski Deniz Kuvvetleri Komutan\u0131 E\u015fref U\u011fur Yi\u011fit ve Metin Ata\u00e7\u2019a suikast haz\u0131rlad\u0131klar\u0131 iddias\u0131 \u00fczerine hakk\u0131nda dava a\u00e7\u0131lan Deniz Kuvvetleri Kurmay Ba\u015fkan\u0131 Koramiral Deniz Cora tutukland\u0131. D\u00f6nemin Deniz Kuvvetleri Komutan\u0131 Oramiral Metin Ata\u00e7 ve Donanma Komutan\u0131 E\u015fref U\u011fur Yi\u011fit\u2019e suikast iddialar\u0131 kapsam\u0131nda G\u00f6lc\u00fck Donanma Komutanl\u0131\u011f\u0131\u2019nda belgeler ele ge\u00e7irilmi\u015f ve belgelerde Cora\u2019n\u0131n ad\u0131n\u0131n ge\u00e7ti\u011fi iddianamede yer alm\u0131\u015ft\u0131. Bunun \u00fczerine 12. A\u011f\u0131r Ceza Mahkemesi \u015f\u00fcphelinin yakalanmas\u0131na karar vermi\u015fti.<!--more--><\/p>\n<p style=\"text-align: justify;\"><strong>2 albay daha tutukland\u0131<\/strong><\/p>\n<p style=\"text-align: justify;\">\u00d6te yandan G\u00f6lc\u00fck Donanma Komutanl\u0131\u011f\u0131\u2019nda yap\u0131lan aramalarda ele ge\u00e7ti\u011fi \u00f6ne s\u00fcr\u00fclen \u2018Balyoz\u2019 darbe plan\u0131 belgeleri soru\u015fturmas\u0131 kapsam\u0131nda kurmay albaylar Bora Oyurdu, Levent Kerim U\u00e7a ve Murat \u00d6zenalp ile emekli Yarbay Binali Aydo\u011fdu d\u00fcn hakim kar\u015f\u0131s\u0131na \u00e7\u0131kt\u0131. \u00d6zel Yetkili Cumhuriyet Savc\u0131s\u0131 H\u00fcseyin Ayar taraf\u0131ndan sorgulanan \u015f\u00fcphelilerden Aydo\u011fdu serbest kal\u0131rken, 3 albay mahkemeye sevk edildi. Albaylardan U\u00e7a ve \u00d6zenalp, \u2018h\u00fck\u00fcmeti ortadan kald\u0131rmaya te\u015febb\u00fcs etmek\u2019 ve \u2018\u00f6rg\u00fcte \u00fcye olmak\u2019 su\u00e7lar\u0131ndan tutukland\u0131. Soru\u015fturma kapsam\u0131nda cumartesi g\u00fcn\u00fc de Tu\u011famiraller \u015eafak Y\u00fcrekli ve Osman Kayalar tutuklanm\u0131\u015ft\u0131.<\/p>\n<p style=\"text-align: justify;\"><a href=\"http:\/\/www.radikal.com.tr\/Radikal.aspx?aType=RadikalDetayV3&amp;ArticleID=1060995&amp;Date=23.08.2011&amp;CategoryID=77\" target=\"_blank\">Kaynak : Radikal.com.tr<\/a><\/p>\n","protected":false},"excerpt":{"rendered":"<p style=\"text-align: center;\">\n<p style=\"text-align: justify;\">&#8216;Amirallere suikast&#8217; davas\u0131 kapsam\u0131nda Koramiral Deniz Cora da tutukland\u0131. Cora&#8217;yla birlikte tutuklu general say\u0131s\u0131 47 oldu.<\/p>\n<p style=\"text-align: justify;\">Eski Deniz Kuvvetleri Komutan\u0131 E\u015fref U\u011fur Yi\u011fit ve Metin Ata\u00e7\u2019a suikast haz\u0131rlad\u0131klar\u0131 iddias\u0131 \u00fczerine hakk\u0131nda dava a\u00e7\u0131lan Deniz Kuvvetleri Kurmay Ba\u015fkan\u0131 Koramiral Deniz Cora tutukland\u0131. D\u00f6nemin Deniz Kuvvetleri Komutan\u0131 Oramiral Metin Ata\u00e7 <\/p>\n","protected":false},"author":1,"featured_media":0,"comment_status":"open","ping_status":"open","sticky":false,"template":"","format":"standard","meta":{"footnotes":""},"categories":[105],"tags":[],"class_list":["post-38857","post","type-post","status-publish","format-standard","hentry","category-gundem","odd"],"_links":{"self":[{"href":"http:\/\/www.korhanyilmaz.com\/index.php?rest_route=\/wp\/v2\/posts\/38857","targetHints":{"allow":["GET"]}}],"collection":[{"href":"http:\/\/www.korhanyilmaz.com\/index.php?rest_route=\/wp\/v2\/posts"}],"about":[{"href":"http:\/\/www.korhanyilmaz.com\/index.php?rest_route=\/wp\/v2\/types\/post"}],"author":[{"embeddable":true,"href":"http:\/\/www.korhanyilmaz.com\/index.php?rest_route=\/wp\/v2\/users\/1"}],"replies":[{"embeddable":true,"href":"http:\/\/www.korhanyilmaz.com\/index.php?rest_route=%2Fwp%2Fv2%2Fcomments&post=38857"}],"version-history":[{"count":0,"href":"http:\/\/www.korhanyilmaz.com\/index.php?rest_route=\/wp\/v2\/posts\/38857\/revisions"}],"wp:attachment":[{"href":"http:\/\/www.korhanyilmaz.com\/index.php?rest_route=%2Fwp%2Fv2%2Fmedia&parent=38857"}],"wp:term":[{"taxonomy":"category","embeddable":true,"href":"http:\/\/www.korhanyilmaz.com\/index.php?rest_route=%2Fwp%2Fv2%2Fcategories&post=38857"},{"taxonomy":"post_tag","embeddable":true,"href":"http:\/\/www.korhanyilmaz.com\/index.php?rest_route=%2Fwp%2Fv2%2Ftags&post=38857"}],"curies":[{"name":"wp","href":"https:\/\/api.w.org\/{rel}","templated":true}]}}