{"id":38853,"date":"2011-08-19T19:33:59","date_gmt":"2011-08-19T16:33:59","guid":{"rendered":"http:\/\/www.korhanyilmaz.com\/?p=38853"},"modified":"2011-08-23T03:25:54","modified_gmt":"2011-08-23T00:25:54","slug":"gursel-tekin-de-bunu-yaparsa","status":"publish","type":"post","link":"http:\/\/www.korhanyilmaz.com\/?p=38853","title":{"rendered":"G\u00fcrsel Tekin de bunu yaparsa"},"content":{"rendered":"<p style=\"text-align: justify;\"><a href=\"http:\/\/www.korhanyilmaz.com\/wp-content\/uploads\/2011\/08\/7015.jpg\"  class=\"lightview\"><img loading=\"lazy\" decoding=\"async\" class=\"aligncenter size-full wp-image-38854\" title=\"\" src=\"http:\/\/www.korhanyilmaz.com\/wp-content\/uploads\/2011\/08\/7015.jpg\" alt=\"\" width=\"350\" height=\"245\" \/><\/a><\/p>\n<p style=\"text-align: justify;\">Zaman gazetesinin birinci sayfas\u0131nda koskoca g\u00fclen bir G\u00fcrsel Tekin foto\u011fraf\u0131 vard\u0131. (17.8.2011)<\/p>\n<p style=\"text-align: justify;\">Niye?<\/p>\n<p style=\"text-align: justify;\">Evet, niye Zaman gazetesi G\u00fcrsel Tekin\u2019in koskoca foto\u011fraf\u0131n\u0131 birinci sayfas\u0131na koymu\u015ftu?<\/p>\n<p style=\"text-align: justify;\">Niye abartm\u0131\u015ft\u0131? G\u00fcrsel Tekin \u00e7ok \u00f6nemli bir haber mi s\u00f6ylemi\u015fti; hay\u0131r.<!--more--><\/p>\n<p style=\"text-align: justify;\">Peki, bir soru daha: Zaman gazetesi G\u00fcrsel Tekin\u2019le niye r\u00f6portaj yapt\u0131? Soru anlams\u0131z gibi gelebilir ama de\u011fil\u2026<\/p>\n<p style=\"text-align: justify;\">Odatv, ge\u00e7ti\u011fimiz g\u00fcnlerde bir ger\u00e7e\u011fin alt\u0131n\u0131 \u00e7izdi:<\/p>\n<p style=\"text-align: justify;\">\u201cEy CHP\u2019liler Zaman gazetesine r\u00f6portaj vermeyin, s\u00f6zlerinizi \u00e7arp\u0131t\u0131yorlar; demediklerinizi yaz\u0131yorlar; sonra tekzip a\u00e7\u0131klama pe\u015finde ko\u015fuyorsunuz.\u201d<\/p>\n<p style=\"text-align: justify;\">En son \u00e7i\u00e7e\u011fi burnunda milletvekili Ayd\u0131n Ayayd\u0131n\u2019\u0131n ba\u015f\u0131na geldi; s\u00f6zleri \u00e7arp\u0131t\u0131ld\u0131. Ayayd\u0131n araya neredeyse Pensilvanya\u2019y\u0131 sokacakt\u0131, a\u00e7\u0131klanmas\u0131n\u0131n yay\u0131nlanmas\u0131 i\u00e7in!<\/p>\n<p style=\"text-align: justify;\">Ara not: peki sanki bu olay kendi ba\u015f\u0131na gelmemi\u015f gibi Ayd\u0131n Ayayd\u0131n cemaatin iftar\u0131na niye ko\u015fa ko\u015fa gitti?<\/p>\n<p style=\"text-align: justify;\">Bu sorunun yan\u0131t\u0131n\u0131 bir soruyla verelim:<\/p>\n<p style=\"text-align: justify;\">G\u00fcrsel Tekin niye Zaman gazetesine r\u00f6portaj verdi?<\/p>\n<p style=\"text-align: justify;\">Ayn\u0131 Deniz Baykal\u2019\u0131n o pis kaset tezgah\u0131 ortaya serildi\u011finde, \u201cPensilvanya\u2019n\u0131n iyi niyetli samimi a\u00e7\u0131klamas\u0131na inan\u0131yorum\u201d s\u00f6z\u00fc gibi\u2026<\/p>\n<p style=\"text-align: justify;\">Bak\u0131n\u0131z\u2026<\/p>\n<p style=\"text-align: justify;\">Kimi insanlar\u2026<\/p>\n<p style=\"text-align: justify;\">Korkuyu enselerinde hissettiklerinde kar\u015f\u0131 koymak yerine teslim olurlar\u2026<\/p>\n<p style=\"text-align: justify;\">Meydan okuma yerine, vah\u015fi, ba\u011fnaz bir cemaatle anla\u015faca\u011f\u0131n\u0131, uzla\u015faca\u011f\u0131n\u0131 d\u00fc\u015f\u00fcn\u00fcrler.<\/p>\n<p style=\"text-align: justify;\">Pop\u00fclizmdir bunun ad\u0131.<\/p>\n<p style=\"text-align: justify;\">O halde\u2026<\/p>\n<p style=\"text-align: justify;\">K\u0131l\u0131\u00e7daro\u011flu ve CHP ne diye Balbay\u2019\u0131n, Haberal\u2019\u0131n ba\u015f\u0131na gelenlerin hesab\u0131n\u0131 soruyor?<\/p>\n<p style=\"text-align: justify;\">Ne diye yarg\u0131lamadan, polisten \u015fikayet ediliyor?<\/p>\n<p style=\"text-align: justify;\">Zaman gazetesi sa\u00e7aya\u011f\u0131n\u0131n bir par\u00e7as\u0131 de\u011fil mi? Kim kimi kand\u0131r\u0131yor?<\/p>\n<p style=\"text-align: justify;\">Cemaat kendisinden olmayan herkesi b\u00fcy\u00fck bir h\u0131rsla, kinle yok etmek istemiyor mu? G\u00fcrsel Tekin bunu bilmiyor mu?<\/p>\n<p style=\"text-align: justify;\">CHP\u2019nin kafas\u0131 m\u0131 kar\u0131\u015f\u0131k? \u00d6yleyse Ergenekon, Balyoz, Islak \u0130mza vd. davalar\u0131 nas\u0131l anlayabilir?<\/p>\n<p style=\"text-align: justify;\">Ve as\u0131l mesele de bu de\u011fil mi; G\u00fcrsel Tekin ve arkada\u015flar\u0131 Silivri duru\u015fmalar\u0131nda ger\u00e7ekte ne olup bitti\u011fini bilmiyorlar. Bu b\u00fcy\u00fck tezgah\u0131 analiz edemiyorlar. Hala gazetede okuduklar\u0131yla s\u00fcreci de\u011ferlendirmeye \u00e7al\u0131\u015f\u0131yorlar. Duru\u015fmalar\u0131 izlemeye gittiklerinde, yine ba\u015fta Zaman olmak \u00fczere cemaat medyas\u0131 taraf\u0131ndan topa tutuluyorlar. \u00c7\u00fcnk\u00fc duru\u015fmalardan uzak tutulmaya \u00e7al\u0131\u015f\u0131l\u0131yorlar.<\/p>\n<p style=\"text-align: justify;\">CHP\u2019nin bu davalarda ilgili bir komisyon kurmas\u0131 ve bu komisyonun kendilerini acilen ayd\u0131nlatmas\u0131 gerekiyor. T\u00fcrkiye\u2019nin en \u00f6nemli davalar\u0131yla ilgili \u00fc\u00e7-be\u015f gazetenin yazd\u0131\u011f\u0131yla bu mesele anla\u015f\u0131lamaz.<\/p>\n<p style=\"text-align: justify;\">Yani\u2026<\/p>\n<p style=\"text-align: justify;\">Zaman, bir odakt\u0131r. Bu tertibin merkezindedir.<\/p>\n<p style=\"text-align: justify;\">G\u00fcrsel Tekin, Zaman\u2019\u0131 hala sadece gazete olarak g\u00f6rmeyi s\u00fcrd\u00fcrs\u00fcn; ne diyelim umar\u0131m ger\u00e7e\u011fi o da \u00e7o\u011fu ki\u015fi gibi kendi deneyimiyle \u00f6\u011frenmez!<\/p>\n<p style=\"text-align: justify;\">NOT: Zaman\u2019\u0131n \u0130lhan Cihaner\u2019le ilgili neler yazd\u0131\u011f\u0131n\u0131, milletvekilinden \u00f6\u011frenebilir.<\/p>\n<p style=\"text-align: justify;\"><a href=\"http:\/\/www.odatv.com\/n.php?n=gursel-tekin-de-bunu-yaparsa-1908111200\" target=\"_blank\">Kaynak : Odatv.com<\/a><\/p>\n","protected":false},"excerpt":{"rendered":"<p style=\"text-align: justify;\">\n<p style=\"text-align: justify;\">Zaman gazetesinin birinci sayfas\u0131nda koskoca g\u00fclen bir G\u00fcrsel Tekin foto\u011fraf\u0131 vard\u0131. (17.8.2011)<\/p>\n<p style=\"text-align: justify;\">Niye?<\/p>\n<p style=\"text-align: justify;\">Evet, niye Zaman gazetesi G\u00fcrsel Tekin\u2019in koskoca foto\u011fraf\u0131n\u0131 birinci sayfas\u0131na koymu\u015ftu?<\/p>\n<p style=\"text-align: justify;\">Niye abartm\u0131\u015ft\u0131? G\u00fcrsel Tekin \u00e7ok \u00f6nemli bir haber mi s\u00f6ylemi\u015fti; hay\u0131r.<\/p>\n","protected":false},"author":1,"featured_media":0,"comment_status":"open","ping_status":"open","sticky":false,"template":"","format":"standard","meta":{"footnotes":""},"categories":[105],"tags":[],"class_list":["post-38853","post","type-post","status-publish","format-standard","hentry","category-gundem","odd"],"_links":{"self":[{"href":"http:\/\/www.korhanyilmaz.com\/index.php?rest_route=\/wp\/v2\/posts\/38853","targetHints":{"allow":["GET"]}}],"collection":[{"href":"http:\/\/www.korhanyilmaz.com\/index.php?rest_route=\/wp\/v2\/posts"}],"about":[{"href":"http:\/\/www.korhanyilmaz.com\/index.php?rest_route=\/wp\/v2\/types\/post"}],"author":[{"embeddable":true,"href":"http:\/\/www.korhanyilmaz.com\/index.php?rest_route=\/wp\/v2\/users\/1"}],"replies":[{"embeddable":true,"href":"http:\/\/www.korhanyilmaz.com\/index.php?rest_route=%2Fwp%2Fv2%2Fcomments&post=38853"}],"version-history":[{"count":0,"href":"http:\/\/www.korhanyilmaz.com\/index.php?rest_route=\/wp\/v2\/posts\/38853\/revisions"}],"wp:attachment":[{"href":"http:\/\/www.korhanyilmaz.com\/index.php?rest_route=%2Fwp%2Fv2%2Fmedia&parent=38853"}],"wp:term":[{"taxonomy":"category","embeddable":true,"href":"http:\/\/www.korhanyilmaz.com\/index.php?rest_route=%2Fwp%2Fv2%2Fcategories&post=38853"},{"taxonomy":"post_tag","embeddable":true,"href":"http:\/\/www.korhanyilmaz.com\/index.php?rest_route=%2Fwp%2Fv2%2Ftags&post=38853"}],"curies":[{"name":"wp","href":"https:\/\/api.w.org\/{rel}","templated":true}]}}