{"id":38849,"date":"2011-08-21T23:38:33","date_gmt":"2011-08-21T20:38:33","guid":{"rendered":"http:\/\/www.korhanyilmaz.com\/?p=38849"},"modified":"2011-08-22T09:42:05","modified_gmt":"2011-08-22T06:42:05","slug":"erdogan-operasyonsa-operasyon","status":"publish","type":"post","link":"http:\/\/www.korhanyilmaz.com\/?p=38849","title":{"rendered":"Erdo\u011fan: &#8220;Operasyonsa operasyon&#8221;"},"content":{"rendered":"<p style=\"text-align: center;\"><a href=\"http:\/\/www.korhanyilmaz.com\/wp-content\/uploads\/2011\/08\/7014.jpg\"  class=\"lightview\"><img loading=\"lazy\" decoding=\"async\" class=\"aligncenter size-full wp-image-38850\" src=\"http:\/\/www.korhanyilmaz.com\/wp-content\/uploads\/2011\/08\/7014.jpg\" alt=\"\" width=\"307\" height=\"236\" \/><\/a><\/p>\n<p style=\"text-align: justify;\">Ba\u015fbakan Erdo\u011fan, &#8220;Kimse bize \u015funu s\u00f6ylemesin; &#8216;Devlet operasyonlar\u0131 durdursun&#8217;. Hay\u0131r, devlet bu milletin huzuru i\u00e7in operasyonsa operasyonu yapma g\u00f6reviyle m\u00fckelleftir ve bunu yapmak onun en do\u011fal hakk\u0131d\u0131r&#8221; dedi. Erdo\u011fan, BDP&#8217;lilerin 1 Ekim&#8217;den sonra Meclis&#8217;e geleceklerini iddia etti.<!--more--><\/p>\n<p style=\"text-align: justify;\">Erdo\u011fan, partisinin \u0130stanbul \u0130l Ba\u015fkanl\u0131\u011f\u0131nca WOW \u0130stanbul Otel&#8217;de verilen geleneksel iftar yeme\u011finde yapt\u0131\u011f\u0131 konu\u015fmada, buradan T\u00fcrkiye&#8217;nin her k\u00f6\u015fesine, \u0130slam d\u00fcnyas\u0131n\u0131n her \u00fclkesine ve b\u00fct\u00fcn insanl\u0131\u011fa selam, sevgi ve muhabbetlerini g\u00f6nderdi\u011fini dile getirerek, \u0130stanbul te\u015fkilat\u0131n\u0131n gelenekselle\u015fen iftar sofralar\u0131n\u0131n sadece T\u00fcrkiye&#8217;nin b\u00fct\u00fcn renklerini bir araya getirmedi\u011fini, d\u00fcnyan\u0131n b\u00fct\u00fcn renklerini b\u00fct\u00fcnle\u015ftirdi\u011fini s\u00f6yledi.<\/p>\n<p style=\"text-align: justify;\">Ba\u015fbakan Erdo\u011fan, konu\u015fmas\u0131n\u0131 \u015f\u00f6yle s\u00fcrd\u00fcrd\u00fc: &#8220;Diliyoruz ki, bu iftar sofras\u0131ndaki birlik ve beraberlik ruhumuz sonsuza kadar devam etsin. Konu\u015fmama ba\u015flarken \u015fehit karde\u015flerime Allah&#8217;tan rahmet, ailelerine, yak\u0131nlar\u0131na ve milletimize sab\u0131r ve metanet diliyorum. Ulvi duygular\u0131n zirveye \u00e7\u0131kt\u0131\u011f\u0131 bu manevi iklimde ya\u015fanan ac\u0131lar \u015f\u00fcphesiz y\u00fcreklerimizi yakt\u0131, kalplerimizi s\u0131zlatt\u0131. Ama hemen s\u00f6yleyeyim.<\/p>\n<p style=\"text-align: justify;\">Bu devran b\u00f6yle gitmeyecek. A\u00e7\u0131k s\u00f6yl\u00fcyorum. B\u00fct\u00fcn sabotajlara, b\u00fct\u00fcn provokasyonlara, demokrasiye kurulan b\u00fct\u00fcn pusu ve tuzaklara ra\u011fmen, biz karde\u015flik hukukumuzdan, adaletten ve hakkaniyetten, demokrasi ve hukuktan geri ad\u0131m atmadan bu ac\u0131lara son verme m\u00fccadelemizi s\u00fcrd\u00fcrece\u011fiz. Edirne&#8217;den Hakkari&#8217;ye istisnas\u0131z b\u00fct\u00fcn vatanda\u015flar\u0131m\u0131z\u0131n huzur ve g\u00fcveni i\u00e7in bu yola girdik. Yap\u0131lmas\u0131 gereken ne ise onu yapaca\u011f\u0131z. Her t\u00fcrl\u00fc ayr\u0131mc\u0131l\u0131\u011f\u0131 ba\u015fta ret ettik. Reddetme politikalar\u0131n\u0131 biz bitirdik. \u0130nkar politikalar\u0131n\u0131 biz bitirdik. Asimilasyon politikalar\u0131n\u0131 bitiriyoruz. B\u00f6yle bir noktaya geldik.&#8221;<\/p>\n<p style=\"text-align: justify;\">Milletin bunu \u00e7ok iyi bildi\u011fini ve millete gidilen her se\u00e7imde her referandumda karde\u015flik siyasetinin ibra edildi\u011fini dile getiren Erdo\u011fan, ibra edildi\u011fi i\u00e7in 3 genel se\u00e7im, 2 yerel se\u00e7im ve 2 referandumun kazan\u0131ld\u0131\u011f\u0131n\u0131, bunun milletin ibras\u0131 oldu\u011funu vurgulad\u0131.<\/p>\n<p style=\"text-align: justify;\">Erdo\u011fan, &#8220;Bu birlik siyaseti sayesinde T\u00fcrkiye aya\u011fa kalkt\u0131 ve tarihi mesafeler ald\u0131. Zira biz akl\u0131m\u0131zla, g\u00f6nl\u00fcm\u00fczle, vicdan\u0131m\u0131zla beraber bu yola \u00e7\u0131kt\u0131k. Yolun bir yerinde akl\u0131m\u0131z\u0131, yolun bir yerinde vicdan\u0131m\u0131z\u0131, yolun bir yerinde ruhumuzu iktidara, koltu\u011fa, makama, mevkiye feda etmedik, etmeyece\u011fiz. Bug\u00fcne kadar b\u00f6yle geldik, bundan sonra da b\u00f6yle y\u00fcr\u00fcyece\u011fiz. Hi\u00e7bir zaman me\u015fruiyet yolundan ayr\u0131lmad\u0131k ve herkese me\u015fruiyetin adresini g\u00f6sterdik. Me\u015fruiyetin yegane adresinin T\u00fcrkiye B\u00fcy\u00fck Millet Meclisi oldu\u011funu her vatanda\u015f\u0131m\u0131z zaten biliyor. Say\u0131s\u0131z haks\u0131zl\u0131\u011fa maruz kald\u0131k ama millet yolundan, hukuk ve adalet yolundan, me\u015fruiyet dairesinden ayr\u0131lmay\u0131 akl\u0131m\u0131zdan ge\u00e7irmedik&#8221; diye konu\u015ftu.<\/p>\n<p style=\"text-align: justify;\"><strong>&#8220;Tezgahlar, tuzaklar bo\u015fa \u00e7\u0131kt\u0131&#8221;\u00a0<\/strong><\/p>\n<p style=\"text-align: justify;\">Ba\u015fbakan Erdo\u011fan, konu\u015fmas\u0131n\u0131 \u015f\u00f6yle s\u00fcrd\u00fcrd\u00fc: &#8220;AK Parti iktidar\u0131n\u0131n ilk g\u00fcn\u00fcnden itibaren bu \u00fclkede illegal tezgahlar, hukuksuz sekt\u00f6rler \u00e7\u00f6k\u00fc\u015fe ge\u00e7ti. Devlet ile vatanda\u015f\u0131n aras\u0131na giren, istedi\u011fi yere, zay\u0131f g\u00f6rd\u00fc\u011f\u00fc noktaya kin ve nefret tohumlar\u0131 eken, ter\u00f6r \u00f6rg\u00fctleri eliyle devleti milletten so\u011futan, organize su\u00e7 \u015febekeleri, \u00e7eteler, mafyalar halla\u00e7 pamu\u011fu gibi da\u011f\u0131lmaya, savrulmaya ba\u015flad\u0131.<\/p>\n<p style=\"text-align: justify;\">Demokrasi a\u00e7\u0131\u011f\u0131ndan beslenenler art\u0131k siyaseti bu \u00fclkede rehin alamazlar. Organize su\u00e7 \u00f6rg\u00fctlerinin, ter\u00f6r ve su\u00e7 \u015febekelerinin nas\u0131l i\u00e7 i\u00e7e olduklar\u0131, birbirlerinden nas\u0131l el al\u0131p el verdikleri, birbirlerini nas\u0131l besledikleri alenen de\u015fifre olmu\u015ftur. Suyun ba\u015f\u0131 tutulunca sular temiz akmaya ba\u015flad\u0131. T\u0131kanan yollar a\u00e7\u0131l\u0131nca milletimiz ayn\u0131 anda b\u00fct\u00fcn alanlarda aya\u011fa kalkt\u0131, y\u00fcr\u00fcmeye, ko\u015fmaya ba\u015flad\u0131.<\/p>\n<p style=\"text-align: justify;\">Eski akt\u00f6rlerin a\u00e7t\u0131klar\u0131 yaralar b\u00fcy\u00fck \u00f6l\u00e7\u00fcde kapanmaya y\u00fcz tuttu. \u00c7\u00f6z\u00fcms\u00fcz denilen sorunlar i\u00e7in g\u00fc\u00e7l\u00fc bir millet iradesi v\u00fccut buldu, kronik sorunlar\u0131n \u00e7\u00f6z\u00fcm\u00fc ete kemi\u011fe b\u00fcr\u00fcnd\u00fc. Bar\u0131\u015f ve huzurun \u00fclkemize neler kazand\u0131rd\u0131\u011f\u0131n\u0131 memleketimizin her k\u00f6\u015fesi, her \u015fehri, her insan\u0131 hissetti. T\u00fcrkiye hi\u00e7 konu\u015famad\u0131\u011f\u0131 kadar konu\u015ftu, konu\u015fuyor. Demokratik kanallar a\u00e7\u0131ld\u0131k\u00e7a a\u00e7\u0131ld\u0131. \u0130ktidar\u0131m\u0131z milletimizi bir b\u00fct\u00fcn olarak g\u00f6rme kararl\u0131l\u0131\u011f\u0131ndan hi\u00e7bir geri ad\u0131m atmad\u0131. B\u00fct\u00fcn oyunlar, tezgahlar, tuzaklar bo\u015fa \u00e7\u0131kt\u0131.&#8221;<\/p>\n<p style=\"text-align: justify;\"><strong>\u00a0&#8220;Ter\u00f6r \u00f6rg\u00fct\u00fcyle ayn\u0131 dili kullananlar&#8221;\u00a0<\/strong><\/p>\n<p style=\"text-align: justify;\">Erdo\u011fan, hava harekat\u0131 nedeniyle y\u00fcr\u00fct\u00fclen kara propaganday\u0131 da bildiklerini ifade ederek, &#8220;G\u00f6zya\u015flar\u0131 kar\u015f\u0131s\u0131nda bile hi\u00e7bir insani duygu belirtemeyen ter\u00f6r \u00f6rg\u00fct\u00fc ile ayn\u0131 dili kullananlar, bu s\u00fcre\u00e7te devlet ile vatanda\u015f aras\u0131na girmek i\u00e7in operasyonlar\u0131n masum halk\u0131 da taciz edece\u011fini iddia ediyorlar. Hay\u0131r, ter\u00f6r ile masum vatanda\u015f\u0131 sadece siz birbirinden ay\u0131ramazs\u0131n\u0131z. Biz de\u011fil vatanda\u015f\u0131m\u0131z\u0131n mal\u0131n\u0131n ve can\u0131n\u0131n zarar g\u00f6rmesini, tek bir vatanda\u015f\u0131m\u0131z\u0131n t\u0131rna\u011f\u0131n\u0131n zarar g\u00f6rmesini istemeyiz&#8221; dedi.<\/p>\n<p style=\"text-align: justify;\"><strong>&#8220;M\u00fccadelenin psikolojik boyutu&#8221;\u00a0<\/strong><\/p>\n<p style=\"text-align: justify;\">Ba\u015fbakan Erdo\u011fan, demokrasiye pusu kuranlar\u0131n, insan \u00f6ld\u00fcrmeyi hayat bi\u00e7imi haline getirenlerin hak ettiklerini bulacaklar\u0131n\u0131 ifade ederek, \u015f\u00f6yle devam etti: &#8220;Cinayet i\u015fleyeni, adam \u00f6ld\u00fcreni, kan d\u00f6keni, polise, askere ensesinden silah s\u0131kanlar\u0131, vatanda\u015fa silah do\u011frultan\u0131 kimse ama kimse masum vatanda\u015f\u0131m\u0131zla kar\u0131\u015ft\u0131ramaz. Hi\u00e7bir masum vatanda\u015f\u0131m\u0131z\u0131n bu korkuya kap\u0131lmas\u0131na da izin vermeyiz. Keza hayata, masumiyete, cana, huzura kastedenler, vatanda\u015f ile devletin aras\u0131na giremez, giremeyecektir. Zira, devlet adalete, hukuka tabidir. Ve devlet milletindir.<\/p>\n<p style=\"text-align: justify;\">Devletin adaletinin, \u015fefkatinin hissedilmedi\u011fi zamanlar\u0131n hangi bedellere mal oldu\u011funu ise unutmad\u0131k. Milletimiz bug\u00fcn hala o g\u00fcnlerin bedelini \u00f6d\u00fcyor. Bedelden kast\u0131m\u0131n asla maddi bir bedel olmad\u0131\u011f\u0131n\u0131 herkesin \u00f6zellikle bilmesini isterim. Zira biz, s\u00f6nen hi\u00e7bir hayat\u0131, s\u00f6nen hi\u00e7bir oca\u011f\u0131, \u015fehit d\u00fc\u015fen hi\u00e7bir vatanda\u015f\u0131m\u0131z\u0131n bir damla kan\u0131n\u0131 milyar dolarlara de\u011fi\u015fmeyiz. Herkes bilsin ki ter\u00f6rle T\u00fcrkiye \u00e7ekilmek istendi\u011fi girdaba asla d\u00fc\u015fmeyecek.<\/p>\n<p style=\"text-align: justify;\">Ter\u00f6r\u00fcn maneviyat\u0131m\u0131z\u0131, sosyal psikolojimizi, g\u00fcvenimizi rehin almas\u0131na izin vermeyece\u011fiz. Biz \u015funu da biliyoruz; ter\u00f6rle m\u00fccadele sadece g\u00fcvenlik esasl\u0131 y\u00fcr\u00fcmez. Tabii ki bunun psikolojik boyutu olacakt\u0131r, tabii ki bunun sosyo-ekonomik boyutu olacakt\u0131r, tabii ki bunun diplomatik boyutu olacakt\u0131r, tabii ki bunun ileti\u015fim boyutu olacakt\u0131r. B\u00fct\u00fcn bunlar\u0131 bizler sizlerle birlikte el ele yapaca\u011f\u0131z.&#8221;<\/p>\n<p style=\"text-align: justify;\"><strong>&#8220;Operasyonsa operasyon&#8221;\u00a0<\/strong><\/p>\n<p style=\"text-align: justify;\">Erdo\u011fan, ter\u00f6r \u00f6rg\u00fct\u00fcne y\u00f6nelik yap\u0131lan operasyonlara dikkati \u00e7ekerek, konu\u015fmas\u0131n\u0131 \u015f\u00f6yle s\u00fcrd\u00fcrd\u00fc: &#8220;Kimse bize \u015funu s\u00f6ylemesin &#8216;Devlet operasyonlar\u0131 durdursun&#8217;. Hay\u0131r, devlet bu milletin huzuru i\u00e7in operasyonsa operasyonu yapma g\u00f6reviyle m\u00fckelleftir ve bunu yapmak onun en do\u011fal hakk\u0131d\u0131r. Devletin burada bir \u00e7\u0131kar\u0131 yok. Devlet sadece bir \u015feyle y\u00fck\u00fcml\u00fcd\u00fcr. Devletin mal g\u00fcvenli\u011fini tesis etmesi laz\u0131m.<\/p>\n<p style=\"text-align: justify;\">Devletin can g\u00fcvenli\u011fini tesis etmesi laz\u0131m. Devletin ak\u0131l g\u00fcvenli\u011fini tesis etmesi laz\u0131m. Devletin neslin korunmas\u0131 gibi bir g\u00fcvenli\u011fi tesis etmesi laz\u0131m. Bunlar\u0131 yapmak i\u00e7in de ne gerekiyorsa, biz bunlar\u0131n hepsini yapaca\u011f\u0131z. Milletimizin h\u00fck\u00fcmeti, ter\u00f6rle, \u015fiddetle, cinayet tasar\u0131mc\u0131lar\u0131yla m\u00fccadelede asla geri ad\u0131m atmayacak ama ayn\u0131 zamanda ter\u00f6rle m\u00fccadele y\u00f6ntemlerinde tarihin tekerr\u00fcr etmesine de asla izin vermeyecektir.<\/p>\n<p style=\"text-align: justify;\">A\u00e7\u0131k s\u00f6yl\u00fcyorum; eski g\u00fcnleri, o karanl\u0131\u011f\u0131n d\u00f6nmesini bekleyenler bo\u015funa beklerler. Demokrasiye pusu kuranlar, ak\u0131l d\u0131\u015f\u0131 hesaplar\u0131yla ve hevesleriyle ba\u015f ba\u015fa kalacaklard\u0131r. Biz, demokrasiden, hukuktan, adaletten feragat etmeden, karde\u015fli\u011fimizi derinle\u015ftirmeye \u0131srarla, azimle devam edece\u011fiz. Korkudan ba\u015fka bir \u015fey \u00fcretemeyenler, sahnede kendilerine yer bulamayacaklar ve a\u00e7\u0131kta kalacaklard\u0131r.&#8221;<\/p>\n<p style=\"text-align: justify;\"><strong>&#8220;Katillare f\u0131rsat vermeyece\u011fiz&#8221;\u00a0<\/strong><\/p>\n<p style=\"text-align: justify;\">&#8220;Huzur ve karde\u015fli\u011fin, demokrasi ve adaletin yoluna may\u0131n d\u00f6\u015feyen katillere f\u0131rsat verece\u011fimizi ise kimse bizden beklemesin&#8221; diyen Erdo\u011fan, ramazan ay\u0131n\u0131n ba\u015f\u0131nda tarihte cahiliye d\u00f6neminde, 3 aylarda o zaman kabilelerin birbirlerine kur\u015fun s\u0131kmad\u0131klar\u0131n\u0131, o zaman kullan\u0131lan farkl\u0131 silahlar\u0131 birbirlerine kullanmad\u0131klar\u0131n\u0131 hat\u0131rlatt\u0131\u011f\u0131n\u0131 s\u00f6yledi.<\/p>\n<p style=\"text-align: justify;\">Erdo\u011fan, ramazan ay\u0131nda bu \u00fclkede s\u00f6zde teravih namaz\u0131 k\u0131lan bu ter\u00f6r \u00f6rg\u00fct\u00fc ve uzant\u0131lar\u0131n\u0131n bu ay\u0131n i\u00e7inde bile sivil-asker demeden yavrular\u0131 \u015fehit etti\u011fini, vatanda\u015flar\u0131na kur\u015fun s\u0131kt\u0131\u011f\u0131n\u0131 s\u00f6yledi.<\/p>\n<p style=\"text-align: justify;\">Erdo\u011fan, bu nedenle &#8220;Art\u0131k ramazan\u0131n \u00e7\u0131kmas\u0131n\u0131 de bekleyemeyiz. Onun i\u00e7in yap\u0131lmas\u0131 gereken operasyonlar ne ise bu sonuna kadar yap\u0131lacakt\u0131r&#8221; dediklerini ifade etti.<\/p>\n<p style=\"text-align: justify;\">AK Parti Genel Ba\u015fkan\u0131 ve Ba\u015fbakan Erdo\u011fan, konu\u015fmas\u0131n\u0131 \u015f\u00f6yle s\u00fcrd\u00fcrd\u00fc: &#8220;Bu iftar sofras\u0131nda, bu m\u00fcbarek vakitte, bir kez daha a\u00e7\u0131kl\u0131yoruz. Biz karde\u015fiz ve yar\u0131n birbirimizi bug\u00fcnden daha \u00e7ok sevece\u011fiz. Ben K\u00fcrt karde\u015flerimi PKK&#8217;l\u0131lardan mukayese edilemeyecek derecede fazla seviyorum. T\u00fcrk karde\u015fimi sevdi\u011fim kadar seviyorum, Laz\u0131 sevdi\u011fim kadar seviyorum, Bo\u015fna\u011f\u0131n\u0131, Arnavutunu, Roman\u0131n\u0131 sevdi\u011fim kadar seviyorum. \u00c7\u00fcnk\u00fc yarat\u0131lan\u0131 yaratandan \u00f6t\u00fcr\u00fc seviyorum. Fark\u0131m\u0131z bu&#8230;<\/p>\n<p style=\"text-align: justify;\">\u0130nan\u0131n onlar\u0131n b\u00f6yle bir derdi yok. Zira bir insan\u0131n \u00f6l\u00fcm\u00fcne neden olmak, alemin \u00f6l\u00fcm\u00fcne neden olmak gibidir. Bir insan\u0131n dirili\u015fine vesile olmak, alemin dirili\u015fine vesile olmak gibidir. Ter\u00f6r \u00f6rg\u00fct\u00fcn\u00fcn kitab\u0131nda, l\u00fcgat\u0131nda b\u00f6yle bir kelime veya b\u00f6yle bir c\u00fcmle yok. Cinayet tasarlayanlar bu memlekette kendilerine hayat alan\u0131 bulamayacaklar. Ter\u00f6r\u00fcn pazar\u0131 bu T\u00fcrkiye&#8217;de yerini ba\u015ftan ba\u015fa huzura, bar\u0131\u015fa, karde\u015fli\u011fe b\u0131rakacak.&#8221;<\/p>\n<p style=\"text-align: justify;\"><strong>BDP&#8217;ye mesaj\u00a0<\/strong><\/p>\n<p style=\"text-align: justify;\">Erdo\u011fan,\u015funlar\u0131 kaydetti: &#8220;Gayr\u0131 me\u015fru olanla, gayr\u0131 insani olanla, ter\u00f6rle, kanla, cinayetle, pusuyla aran\u0131zdaki mesafeyi a\u00e7mazsan\u0131z, oy ald\u0131\u011f\u0131n\u0131z vatanda\u015flar\u0131n\u0131za ihanet etmi\u015f olur, me\u015fru bir siyaset yapmazs\u0131n\u0131z. Bir an evvel me\u015fruiyet zemininden ba\u015fka yol olmad\u0131\u011f\u0131n\u0131 anlay\u0131n. Me\u015fruiyet zemininin T\u00fcrkiye B\u00fcy\u00fck Millet Meclisi oldu\u011funu s\u00f6ylememe bilmem gerek var m\u0131? Geleceksen, siyaset yapacaksan, tek yer var; T\u00fcrkiye B\u00fcy\u00fck Millet Meclisi. Bak\u0131n birileri de ayn\u0131 \u015feyi s\u00f6yledi.<\/p>\n<p style=\"text-align: justify;\">&#8216;Arkada\u015flar\u0131m\u0131z gelene kadar gelmeyece\u011fiz&#8217; dediler. Ne oldu geldiler mi? Geldiler. Simav&#8217;da s\u00f6yledim &#8216;Gelecekler&#8217; diye. Bir hafta i\u00e7inde geldiler. Bunlar da gelecek. Ba\u015fka \u00e7areleri yok. Parlamento kapal\u0131 oldu\u011fu i\u00e7in \u015fimdi onu de\u011ferlendiriyorlar. Olay bu. 1 Ekim&#8217;den sonra onlar da gelecekler. Ba\u015fka \u00e7\u0131k\u0131\u015f yolu yok bu i\u015fin. Me\u015fruiyet zemininden ka\u00e7anlara diyece\u011fimiz \u015fey ne biliyor musunuz &#8216;Siz bilirsiniz&#8217;.&#8221;<\/p>\n<p style=\"text-align: justify;\">\u00a0T\u00fcrkiye&#8217;nin ileri demokrasi hedefinden, \u00f6zg\u00fcrl\u00fcklerden, adaletten, refah ve huzur hedeflerinden d\u00f6nmeyece\u011fini belirten Erdo\u011fan, T\u00fcrkiye&#8217;nin bug\u00fcn insanl\u0131\u011f\u0131n vicdan\u0131 olarak d\u00fcnyan\u0131n yitirdi\u011fi erdem ve faziletlerin rehberli\u011fini yapan bir \u00fclke oldu\u011funu kaydetti.<\/p>\n<p style=\"text-align: justify;\"><a href=\"http:\/\/www.cnnturk.com\/2011\/turkiye\/08\/21\/erdogan.operasyonsa.operasyon\/626809.0\/index.html\" target=\"_blank\">Kaynak : CNN T\u00dcRK<\/a><\/p>\n","protected":false},"excerpt":{"rendered":"<p style=\"text-align: center;\">\n<p style=\"text-align: justify;\">Ba\u015fbakan Erdo\u011fan, &#8220;Kimse bize \u015funu s\u00f6ylemesin; &#8216;Devlet operasyonlar\u0131 durdursun&#8217;. Hay\u0131r, devlet bu milletin huzuru i\u00e7in operasyonsa operasyonu yapma g\u00f6reviyle m\u00fckelleftir ve bunu yapmak onun en do\u011fal hakk\u0131d\u0131r&#8221; dedi. Erdo\u011fan, BDP&#8217;lilerin 1 Ekim&#8217;den sonra Meclis&#8217;e geleceklerini iddia etti.<\/p>\n","protected":false},"author":1,"featured_media":0,"comment_status":"open","ping_status":"open","sticky":false,"template":"","format":"standard","meta":{"footnotes":""},"categories":[105],"tags":[],"class_list":["post-38849","post","type-post","status-publish","format-standard","hentry","category-gundem","odd"],"_links":{"self":[{"href":"http:\/\/www.korhanyilmaz.com\/index.php?rest_route=\/wp\/v2\/posts\/38849","targetHints":{"allow":["GET"]}}],"collection":[{"href":"http:\/\/www.korhanyilmaz.com\/index.php?rest_route=\/wp\/v2\/posts"}],"about":[{"href":"http:\/\/www.korhanyilmaz.com\/index.php?rest_route=\/wp\/v2\/types\/post"}],"author":[{"embeddable":true,"href":"http:\/\/www.korhanyilmaz.com\/index.php?rest_route=\/wp\/v2\/users\/1"}],"replies":[{"embeddable":true,"href":"http:\/\/www.korhanyilmaz.com\/index.php?rest_route=%2Fwp%2Fv2%2Fcomments&post=38849"}],"version-history":[{"count":0,"href":"http:\/\/www.korhanyilmaz.com\/index.php?rest_route=\/wp\/v2\/posts\/38849\/revisions"}],"wp:attachment":[{"href":"http:\/\/www.korhanyilmaz.com\/index.php?rest_route=%2Fwp%2Fv2%2Fmedia&parent=38849"}],"wp:term":[{"taxonomy":"category","embeddable":true,"href":"http:\/\/www.korhanyilmaz.com\/index.php?rest_route=%2Fwp%2Fv2%2Fcategories&post=38849"},{"taxonomy":"post_tag","embeddable":true,"href":"http:\/\/www.korhanyilmaz.com\/index.php?rest_route=%2Fwp%2Fv2%2Ftags&post=38849"}],"curies":[{"name":"wp","href":"https:\/\/api.w.org\/{rel}","templated":true}]}}