{"id":38843,"date":"2011-08-22T07:26:26","date_gmt":"2011-08-22T04:26:26","guid":{"rendered":"http:\/\/www.korhanyilmaz.com\/?p=38843"},"modified":"2011-08-22T08:11:19","modified_gmt":"2011-08-22T05:11:19","slug":"ve-kaddafi-icin-yolun-sonu","status":"publish","type":"post","link":"http:\/\/www.korhanyilmaz.com\/?p=38843","title":{"rendered":"Ve Kaddafi i\u00e7in yolun sonu&#8230;"},"content":{"rendered":"<p style=\"text-align: center;\"><a href=\"http:\/\/www.korhanyilmaz.com\/wp-content\/uploads\/2011\/08\/7013.jpg\"  class=\"lightview\"><img loading=\"lazy\" decoding=\"async\" class=\"size-full wp-image-38844 aligncenter\" src=\"http:\/\/www.korhanyilmaz.com\/wp-content\/uploads\/2011\/08\/7013.jpg\" alt=\"\" width=\"346\" height=\"266\" \/><\/a><\/p>\n<p style=\"text-align: justify;\">Libya&#8217;da 42 y\u0131ll\u0131k Muammer Kaddafi d\u00f6nemi fiilen sona erdi. \u0130syanc\u0131lar\u0131n ba\u015fkent Trablus&#8217;u ele ge\u00e7irmesi \u00fczerine y\u00fcz binlerce ki\u015fi sokaklara d\u00f6k\u00fcld\u00fc. Muammer Kaddafi&#8217;nin \u00fc\u00e7 o\u011flu isyanc\u0131lar taraf\u0131ndan g\u00f6zalt\u0131nda tutuluyor. Her yerde aranan Kaddafi&#8217;nin Venezuela&#8217;da olabilece\u011fi \u00f6ne s\u00fcr\u00fcld\u00fc.\u00a0<!--more--><\/p>\n<p style=\"text-align: justify;\">Libya&#8217;da aylard\u0131r devam eden \u00e7at\u0131\u015fmalar\u0131n ard\u0131ndan isyanc\u0131lar d\u00fcn gece ba\u015fkent Trablus&#8217;a ula\u015ft\u0131. Beklentilerin aksine, isyanc\u0131lar, Kaddafi yanl\u0131lar\u0131ndan hi\u00e7bir direni\u015f g\u00f6rmeden ba\u015fkente geldi. Kaddafi&#8217;ye ba\u011fl\u0131 askerlerin ortalarda g\u00f6r\u00fcnmemesi dikkat \u00e7ekti.<\/p>\n<p style=\"text-align: justify;\">\u0130syanc\u0131lar, Kaddafi&#8217;nin en g\u00fc\u00e7l\u00fc oldu\u011fu Bab el-Azize b\u00f6lgesi d\u0131\u015f\u0131nda t\u00fcm Trablus&#8217;un kendi kontrollerine ge\u00e7ti\u011fini a\u00e7\u0131klad\u0131. \u0130syanc\u0131lar ayr\u0131ca devlet televizyonu ve radyosunu da ele ge\u00e7irdi. Tunus s\u0131n\u0131r\u0131na giden oyotol ve Trablus Havaalan\u0131 da Ulusal Ge\u00e7i\u015f Konseyi&#8217;ninin kontrol\u00fc alt\u0131na girdi.<\/p>\n<p style=\"text-align: justify;\">El Cezire televizyonu, Trablus&#8217;taki h\u00fck\u00fcmet binalar\u0131na isyanc\u0131lar\u0131n bayraklar\u0131n\u0131n \u00e7ekildi\u011fini de bildirdi.<\/p>\n<p style=\"text-align: justify;\"><strong>Sevin\u00e7 g\u00f6sterileri\u00a0<\/strong><\/p>\n<p style=\"text-align: justify;\">\u0130ngiliz Sky News televizyonunun, Trablus&#8217;un Ye\u015fil Meydan\u0131&#8217;ndan yapt\u0131\u011f\u0131 canl\u0131 yay\u0131nda, y\u00fcz binlerce ki\u015finin alana topland\u0131\u011f\u0131 ve \u00e7\u0131lg\u0131nca sevin\u00e7 g\u00f6sterisi yapt\u0131\u011f\u0131 g\u00f6r\u00fcl\u00fcyor. Ayr\u0131ca, havaya s\u0131k s\u0131k ate\u015f a\u00e7\u0131l\u0131yor. Sky News muhabiri, meydan\u0131n ele ge\u00e7irilmesinden bu yana binlerce merminin havaya s\u0131k\u0131lm\u0131\u015f olabilece\u011fini s\u00f6yledi.<\/p>\n<p style=\"text-align: justify;\">Meydanda Kaddafi&#8217;nin posterleri ve ye\u015fil renkli Libya bayraklar\u0131 da g\u00f6stericilerin \u00f6fkesinin hedefi oldu. Posterler ve bayraklar, \u00fczerine ate\u015f a\u00e7\u0131larak lime lime edilirken, yerlerine isyanc\u0131lar\u0131n \u00fc\u00e7 renkli bayra\u011f\u0131 as\u0131ld\u0131.<\/p>\n<p style=\"text-align: justify;\">\u0130syan\u0131n kalbi Bingazi&#8217;de de sokaklara d\u00f6k\u00fclen y\u00fcz binlerce ki\u015fi &#8220;zafer&#8221; mar\u015flar\u0131 s\u00f6yleyerek, kutlama yap\u0131yor. Libya&#8217;da Kaddafi d\u00f6nemi fiilen tamamlanm\u0131\u015f g\u00f6r\u00fcn\u00fcrken, en yak\u0131nlar\u0131 bile Kaddafi&#8217;yi terk etmeye ba\u015flad\u0131.<\/p>\n<p style=\"text-align: justify;\"><strong>Obama: &#8220;Kaddafi \u00e7\u00f6k\u00fc\u015f\u00fc kabul etmeli&#8221;\u00a0<\/strong><\/p>\n<p style=\"text-align: justify;\">Trablus&#8217;un muhalefetin eline ge\u00e7ti\u011fi haberlerine, &#8220;teyit bekledi\u011fi i\u00e7in&#8221; saatlerce sessiz kalan ABD Ba\u015fkan\u0131 Barack Obama konuyla ilgili sabaha kar\u015f\u0131 bir a\u00e7\u0131klama yapt\u0131.<\/p>\n<p style=\"text-align: justify;\">Obama, &#8220;Kaddafi&#8217;ye y\u00f6nelik muhalefetin ivmesi zirve noktas\u0131na ula\u015fm\u0131\u015ft\u0131r. Kaddafi rejiminden \u00e7\u00f6k\u00fc\u015f sinyalleri geliyor&#8221; dedi.<\/p>\n<p style=\"text-align: justify;\">Kaddafi&#8217;nin art\u0131k Libya&#8217;n\u0131n kontrol\u00fcn\u00fc elinde tutmad\u0131\u011f\u0131n\u0131 fark etmesi gerekti\u011fini vurgulayan Obama, bunun akan kan\u0131 durdurman\u0131n en g\u00fcvenli yolu olaca\u011f\u0131n\u0131 ifade etti.<\/p>\n<p style=\"text-align: justify;\">Obama ayr\u0131ca, Libya halk\u0131n\u0131n korunmas\u0131 ve demokrasiye ge\u00e7i\u015fin desteklenmesi i\u00e7in ABD&#8217;nin m\u00fcttefikleriyle birlikte \u00e7al\u0131\u015fmaya devam edece\u011finin alt\u0131n\u0131n \u00e7izdi.<\/p>\n<p style=\"text-align: justify;\">Obama&#8217;dan birka\u00e7 saat \u00f6nce konu\u015fan NATO S\u00f6zc\u00fcs\u00fc Oana Lungescu da durumu &#8220;\u00e7ok kaygan&#8221; olarak nitelendirdi. Lungescu, Kaddafi y\u00f6netiminin &#8220;par\u00e7alanmakta oldu\u011funu&#8221; da s\u00f6zlerine ekledi. \u0130ngiltere Ba\u015fbakanl\u0131\u011f\u0131 da Kaddafi i\u00e7in &#8220;sonun art\u0131k \u00e7ok yak\u0131n oldu\u011funu&#8221; belirtti.<\/p>\n<p style=\"text-align: justify;\"><strong>\u0130ki o\u011flu yakaland\u0131, biri teslim oldu\u00a0<\/strong><\/p>\n<p style=\"text-align: justify;\">Libya&#8217;da muhalefetin temsilcisi Ulusal Ge\u00e7i\u015f Konseyi, Kaddafi&#8217;nin o\u011flu Seyf\u00fclislam Kaddafi&#8217;nin ellerinde oldu\u011funu ve g\u00fcvenli bir yerde tutuldu\u011funu a\u00e7\u0131klad\u0131. Konsey a\u00e7\u0131klamas\u0131nda Seyf\u00fclislam Kaddafi&#8217;ye &#8220;adil davran\u0131laca\u011f\u0131n\u0131&#8221; vaat etti.<\/p>\n<p style=\"text-align: justify;\">Uluslararas\u0131 kanallar ayr\u0131ca, Kaddafi&#8217;nin di\u011fer o\u011flu Sadi Kaddafi&#8217;nin de yakaland\u0131\u011f\u0131n\u0131 duyurdu. Kaddafi&#8217;ye ba\u011fl\u0131 yakla\u015f\u0131k 100 askerin yakaland\u0131\u011f\u0131 a\u00e7\u0131klan\u0131rken, Kaddafi&#8217;nin yak\u0131n korumalar\u0131n\u0131n isyanc\u0131lara teslim oldu\u011fu \u00f6ne s\u00fcr\u00fcld\u00fc.<\/p>\n<p style=\"text-align: justify;\">Kaddafi&#8217;nin bir di\u011fer o\u011flu Muhammed Kaddafi de teslim oldu ve ev hapsinde tutuluyor. Muhammed Kaddafi&#8217;nin kat\u0131ld\u0131\u011f\u0131 bir canl\u0131 yay\u0131n s\u0131ras\u0131nda arkadan silah seslerinin duyulmas\u0131 k\u0131sa s\u00fcreli bir heyecana yol a\u00e7t\u0131. Ancak daha sonra seslerin, Muhammed Kaddafi&#8217;nin korumalar\u0131 ile isyanc\u0131lar aras\u0131ndaki \u00e7at\u0131\u015fmadan kaynakland\u0131\u011f\u0131 ve kendisinin iyi oldu\u011fu anla\u015f\u0131ld\u0131. Muhammed Kaddafi ailesiyle birlikte ev hapsinde tutuluyor.<\/p>\n<p style=\"text-align: justify;\"><strong>Kaddafi&#8217;den son a\u00e7\u0131klamalar\u00a0<\/strong><\/p>\n<p style=\"text-align: justify;\">Kaddafi ise kendini kurtarmak i\u00e7in son hamlelerini yapt\u0131 ancak bekledi\u011fi kar\u015f\u0131l\u0131\u011f\u0131 bulamad\u0131. Kaddafi&#8217;ye ait bir ses band\u0131 ak\u015fam saatlerinde devlet televizyonundan yay\u0131nland\u0131.<\/p>\n<p style=\"text-align: justify;\">Kaddafi konu\u015fmas\u0131nda, halk\u0131na &#8220;Trablus&#8217;u isyanc\u0131lar\u0131n sald\u0131r\u0131s\u0131ndan&#8221; kurtarmaya \u00e7a\u011f\u0131rd\u0131. Kaddafi, &#8220;Bu, t\u00fcm Libyal\u0131lar\u0131n g\u00f6revidir. Bu bir \u00f6l\u00fcm kal\u0131m meselesidir&#8221; dedi.<\/p>\n<p style=\"text-align: justify;\">Kaddafi&#8217;nin S\u00f6zc\u00fcs\u00fc Musa \u0130brahim de d\u00fczenledi\u011fi bas\u0131n toplant\u0131s\u0131nda ate\u015fkes \u00e7a\u011fr\u0131s\u0131 yaparak, isyanc\u0131larla masaya oturmak istediklerini a\u00e7\u0131klad\u0131. \u0130brahim ayr\u0131ca, yaln\u0131zca Pazar g\u00fcn\u00fc, isyanc\u0131lar\u0131n Trablus&#8217;u ele ge\u00e7irmeleri s\u0131ras\u0131nda 1300 ki\u015finin hayat\u0131n\u0131 kaybetti\u011fini belirtti.<\/p>\n<p style=\"text-align: justify;\"><strong>Venezuela&#8217;ya m\u0131 ka\u00e7t\u0131?\u00a0<\/strong><\/p>\n<p style=\"text-align: justify;\">Kaddafi&#8217;nin ak\u0131beti hen\u00fcz bilinmiyor. Ancak ortada \u00e7ok say\u0131da iddia dola\u015f\u0131yor. Son olarak, \u0130ngiliz Telegraph gazetesi, D\u0131\u015fi\u015fleri Bakan\u0131 William Hague&#8217;e dayand\u0131rd\u0131\u011f\u0131 haberinde, Kaddafi&#8217;nin Libya&#8217;dan ayr\u0131ld\u0131\u011f\u0131n\u0131 ve Venezuela&#8217;ya gitmekte oldu\u011funu yazd\u0131.<\/p>\n<p style=\"text-align: justify;\">Haberde, Libya&#8217;daki durumla ilgili ola\u011fan\u00fcst\u00fc toplanan AB D\u0131\u015fi\u015fleri Bakanlar\u0131n\u0131n Hague&#8217;e \u0130ngiltere&#8217;nin elinde Kaddafi&#8217;nin akibetiyle ilgili bir bilgi olup olmad\u0131\u011f\u0131n\u0131n soruldu\u011fu belirtildi.<\/p>\n<p style=\"text-align: justify;\">Habere g\u00f6re, Hague bu soruya, &#8220;Albay Kaddafi, Venezuela&#8217;da. Tam olarak orada oldu\u011funu s\u00f6yleyebilece\u011fim bir bilgi elimde yok. Ancak g\u00f6rd\u00fc\u011f\u00fcm baz\u0131 istihbarat raporlar\u0131, Kaddafi&#8217;nin bu \u00fclkeye gitmekte oldu\u011funa i\u015faret ediyor&#8221; yan\u0131t\u0131n\u0131 verdi.<\/p>\n<p style=\"text-align: justify;\">Daha \u00f6nce de El Cezire televizyonu, Trablus havaalan\u0131na G\u00fcney Afrika&#8217;dan iki u\u00e7a\u011f\u0131n indi\u011fini bildirmi\u015fti. U\u00e7u\u015f yasa\u011f\u0131na ra\u011fmen s\u00f6z konusu u\u00e7aklar\u0131n ini\u015f yapm\u0131\u015f olmas\u0131, Kaddafi&#8217;nin \u00fclkeden ayr\u0131l\u0131yor olabilece\u011fi spek\u00fclasyonlar\u0131n\u0131 da beraberinde getirdi.<\/p>\n<p style=\"text-align: justify;\">El Cezire&#8217;nin Johannesburg muhabiri, u\u00e7aklar\u0131n Kaddafi ve ailesini Libya&#8217;dan ayr\u0131lmaya ikna etmek i\u00e7in geldi\u011fini s\u00f6yledi. Angola ve Zimbabve, Kaddafi&#8217;nin kendi \u00fclkelerine s\u0131\u011f\u0131nabilece\u011fini bildirdi.<\/p>\n<p style=\"text-align: justify;\"><a href=\"http:\/\/www.cnnturk.com\/2011\/dunya\/08\/22\/ve.kaddafi.icin.yolun.sonu\/626812.0\/index.html\" target=\"_blank\">Kaynak : CNN T\u00dcRK<\/a><\/p>\n","protected":false},"excerpt":{"rendered":"<p style=\"text-align: center;\">\n<p style=\"text-align: justify;\">Libya&#8217;da 42 y\u0131ll\u0131k Muammer Kaddafi d\u00f6nemi fiilen sona erdi. \u0130syanc\u0131lar\u0131n ba\u015fkent Trablus&#8217;u ele ge\u00e7irmesi \u00fczerine y\u00fcz binlerce ki\u015fi sokaklara d\u00f6k\u00fcld\u00fc. Muammer Kaddafi&#8217;nin \u00fc\u00e7 o\u011flu isyanc\u0131lar taraf\u0131ndan g\u00f6zalt\u0131nda tutuluyor. Her yerde aranan Kaddafi&#8217;nin Venezuela&#8217;da olabilece\u011fi \u00f6ne s\u00fcr\u00fcld\u00fc. <\/p>\n","protected":false},"author":1,"featured_media":0,"comment_status":"open","ping_status":"open","sticky":false,"template":"","format":"standard","meta":{"footnotes":""},"categories":[105],"tags":[],"class_list":["post-38843","post","type-post","status-publish","format-standard","hentry","category-gundem","odd"],"_links":{"self":[{"href":"http:\/\/www.korhanyilmaz.com\/index.php?rest_route=\/wp\/v2\/posts\/38843","targetHints":{"allow":["GET"]}}],"collection":[{"href":"http:\/\/www.korhanyilmaz.com\/index.php?rest_route=\/wp\/v2\/posts"}],"about":[{"href":"http:\/\/www.korhanyilmaz.com\/index.php?rest_route=\/wp\/v2\/types\/post"}],"author":[{"embeddable":true,"href":"http:\/\/www.korhanyilmaz.com\/index.php?rest_route=\/wp\/v2\/users\/1"}],"replies":[{"embeddable":true,"href":"http:\/\/www.korhanyilmaz.com\/index.php?rest_route=%2Fwp%2Fv2%2Fcomments&post=38843"}],"version-history":[{"count":0,"href":"http:\/\/www.korhanyilmaz.com\/index.php?rest_route=\/wp\/v2\/posts\/38843\/revisions"}],"wp:attachment":[{"href":"http:\/\/www.korhanyilmaz.com\/index.php?rest_route=%2Fwp%2Fv2%2Fmedia&parent=38843"}],"wp:term":[{"taxonomy":"category","embeddable":true,"href":"http:\/\/www.korhanyilmaz.com\/index.php?rest_route=%2Fwp%2Fv2%2Fcategories&post=38843"},{"taxonomy":"post_tag","embeddable":true,"href":"http:\/\/www.korhanyilmaz.com\/index.php?rest_route=%2Fwp%2Fv2%2Ftags&post=38843"}],"curies":[{"name":"wp","href":"https:\/\/api.w.org\/{rel}","templated":true}]}}