{"id":38834,"date":"2011-08-21T16:05:36","date_gmt":"2011-08-21T13:05:36","guid":{"rendered":"http:\/\/www.korhanyilmaz.com\/?p=38834"},"modified":"2011-08-22T02:13:24","modified_gmt":"2011-08-21T23:13:24","slug":"erdogandan-tatlisese-surpriz-ziyaret","status":"publish","type":"post","link":"http:\/\/www.korhanyilmaz.com\/?p=38834","title":{"rendered":"Erdo\u011fan&#8217;dan Tatl\u0131ses&#8217;e s\u00fcrpriz ziyaret"},"content":{"rendered":"<p style=\"text-align: center;\"><a href=\"http:\/\/www.korhanyilmaz.com\/wp-content\/uploads\/2011\/08\/7011.jpg\"  class=\"lightview\"><img loading=\"lazy\" decoding=\"async\" class=\"aligncenter size-full wp-image-38835\" src=\"http:\/\/www.korhanyilmaz.com\/wp-content\/uploads\/2011\/08\/7011.jpg\" alt=\"\" width=\"424\" height=\"238\" \/><\/a><\/p>\n<p style=\"text-align: justify;\">Ba\u015fbakan Recep Tayyip Erdo\u011fan, sanat\u00e7\u0131 \u0130brahim Tatl\u0131ses\u2019i tedavi g\u00f6rd\u00fc\u011f\u00fc merkezde ziyaret etti.<\/p>\n<p style=\"text-align: justify;\">Erdo\u011fan, Tatl\u0131ses\u2019in tedavi g\u00f6rd\u00fc\u011f\u00fc \u00d6zel Daru\u015f\u015fafaka \u00d6mran ve Yahya Hamuluo\u011flu Fizik Tedavi ve Rehabilitasyon Merkezine gelerek, burada yakla\u015f\u0131k 45 dakika kald\u0131.\u00a0<!--more--><\/p>\n<p style=\"text-align: justify;\">Bas\u0131na kapal\u0131 ger\u00e7ekle\u015fen ziyaretin ard\u0131ndan herhangi bir a\u00e7\u0131klama yap\u0131lmad\u0131.<\/p>\n<p style=\"text-align: justify;\"><strong>ALMANYA&#8217;YA G\u0130TT\u0130\u00a0<\/strong><\/p>\n<p style=\"text-align: justify;\">Tatl\u0131ses, bug\u00fcn kendisini ziyaret eden Ba\u015fbakan Recep Tayyip Erdo\u011fan&#8217;\u0131n hastaneden ayr\u0131lmas\u0131ndan k\u0131sa s\u00fcre sonra Almanya&#8217;ya gitmek \u00fczere Sabiha G\u00f6k\u00e7en Havaliman\u0131&#8217;na hareket etti. Bas\u0131n mensuplar\u0131na daha \u00f6nce Tatl\u0131ses&#8217;in 22 A\u011fustos&#8217;ta Almanya&#8217;ya gidece\u011fi bilgisi verilmi\u015fti, ancak Tatl\u0131ses s\u00fcrpriz \u015fekilde bug\u00fcn Almanya&#8217;ya hareket etti. Sabiha G\u00f6k\u00e7en Havaliman\u0131&#8217;ndan saat 16.40&#8217;ta TC \u0130bo isimli \u00f6zel u\u00e7a\u011f\u0131yla Almanya&#8217;ya hareket eden Tatl\u0131ses&#8217;i o\u011flu Ahmet Tatl\u0131 u\u011furlad\u0131.<\/p>\n<p style=\"text-align: justify;\"><a href=\"http:\/\/siyaset.milliyet.com.tr\/erdogan-dan-tatlises-e-surpriz-ziyaret\/siyaset\/siyasetdetay\/21.08.2011\/1429560\/default.htm\" target=\"_blank\">Kaynak : Milliyet.com.tr<\/a><\/p>\n","protected":false},"excerpt":{"rendered":"<p style=\"text-align: center;\">\n<p style=\"text-align: justify;\">Ba\u015fbakan Recep Tayyip Erdo\u011fan, sanat\u00e7\u0131 \u0130brahim Tatl\u0131ses\u2019i tedavi g\u00f6rd\u00fc\u011f\u00fc merkezde ziyaret etti.<\/p>\n<p style=\"text-align: justify;\">Erdo\u011fan, Tatl\u0131ses\u2019in tedavi g\u00f6rd\u00fc\u011f\u00fc \u00d6zel Daru\u015f\u015fafaka \u00d6mran ve Yahya Hamuluo\u011flu Fizik Tedavi ve Rehabilitasyon Merkezine gelerek, burada yakla\u015f\u0131k 45 dakika kald\u0131. <\/p>\n","protected":false},"author":1,"featured_media":0,"comment_status":"open","ping_status":"open","sticky":false,"template":"","format":"standard","meta":{"footnotes":""},"categories":[105],"tags":[],"class_list":["post-38834","post","type-post","status-publish","format-standard","hentry","category-gundem","odd"],"_links":{"self":[{"href":"http:\/\/www.korhanyilmaz.com\/index.php?rest_route=\/wp\/v2\/posts\/38834","targetHints":{"allow":["GET"]}}],"collection":[{"href":"http:\/\/www.korhanyilmaz.com\/index.php?rest_route=\/wp\/v2\/posts"}],"about":[{"href":"http:\/\/www.korhanyilmaz.com\/index.php?rest_route=\/wp\/v2\/types\/post"}],"author":[{"embeddable":true,"href":"http:\/\/www.korhanyilmaz.com\/index.php?rest_route=\/wp\/v2\/users\/1"}],"replies":[{"embeddable":true,"href":"http:\/\/www.korhanyilmaz.com\/index.php?rest_route=%2Fwp%2Fv2%2Fcomments&post=38834"}],"version-history":[{"count":0,"href":"http:\/\/www.korhanyilmaz.com\/index.php?rest_route=\/wp\/v2\/posts\/38834\/revisions"}],"wp:attachment":[{"href":"http:\/\/www.korhanyilmaz.com\/index.php?rest_route=%2Fwp%2Fv2%2Fmedia&parent=38834"}],"wp:term":[{"taxonomy":"category","embeddable":true,"href":"http:\/\/www.korhanyilmaz.com\/index.php?rest_route=%2Fwp%2Fv2%2Fcategories&post=38834"},{"taxonomy":"post_tag","embeddable":true,"href":"http:\/\/www.korhanyilmaz.com\/index.php?rest_route=%2Fwp%2Fv2%2Ftags&post=38834"}],"curies":[{"name":"wp","href":"https:\/\/api.w.org\/{rel}","templated":true}]}}