{"id":38830,"date":"2011-08-21T02:32:37","date_gmt":"2011-08-20T23:32:37","guid":{"rendered":"http:\/\/www.korhanyilmaz.com\/?p=38830"},"modified":"2011-08-22T02:09:53","modified_gmt":"2011-08-21T23:09:53","slug":"hava-harekatini-gul%e2%80%99u-karsilamadigi-soylenen-komutan-yurutuyor","status":"publish","type":"post","link":"http:\/\/www.korhanyilmaz.com\/?p=38830","title":{"rendered":"Hava harek\u00e2t\u0131n\u0131 G\u00fcl\u2019\u00fc kar\u015f\u0131lamad\u0131\u011f\u0131 s\u00f6ylenen komutan y\u00fcr\u00fct\u00fcyor"},"content":{"rendered":"<p style=\"text-align: center;\"><a href=\"http:\/\/www.korhanyilmaz.com\/wp-content\/uploads\/2011\/08\/7010.jpg\"  class=\"lightview\"><img loading=\"lazy\" decoding=\"async\" class=\"aligncenter size-full wp-image-38831\" src=\"http:\/\/www.korhanyilmaz.com\/wp-content\/uploads\/2011\/08\/7010.jpg\" alt=\"\" width=\"453\" height=\"236\" \/><\/a><\/p>\n<p style=\"text-align: justify;\">T\u00fcrk Silahl\u0131 Kuvvetleri\u2019nin (TSK) ter\u00f6r \u00f6rg\u00fct\u00fc PKK\u2019n\u0131n Kuzey Irak\u2019ta bulunan Kandil, Zap ve Hakurk ba\u015fta olmak \u00fczere \u00e7e\u015fitli kamplar\u0131na y\u00f6nelik s\u00fcrd\u00fcr\u00fclen hava harek\u00e2t\u0131n\u0131, Hava Kuvvetleri Komutan\u0131 Korgeneral Mehmet Erten bizzat y\u00f6netiyor.<!--more--><\/p>\n<p style=\"text-align: justify;\">Korgeneral Erten\u2019in y\u00f6netimindeki harek\u00e2t\u0131n b\u00f6lgedeki en \u00fcst d\u00fczey sorumlusu ise Diyarbak\u0131r\u2019daki 2. Hava Kuvveti Komutan\u0131 Korgeneral Mehmet Veysi A\u011far. Korgeneral A\u011far, PKK kamplar\u0131n\u0131 bombalayan F-16 jetlerinin havaland\u0131\u011f\u0131 Diyarbak\u0131r\u2019daki 8. Ana Jet \u00dcss\u00fc\u2019n\u00fcn sorumlusu konumunda. 2. Hava Kuvveti Komutanl\u0131\u011f\u0131\u2019na ba\u011fl\u0131 olarak faaliyet g\u00f6steren Malatya\u2019daki 7. Ana Jet \u00dcss\u00fc\u2019nde de alarm seviyesinin y\u00fckseltildi\u011fi ve F-4 jetlerinin harek\u00e2ta kat\u0131lmak i\u00e7in haz\u0131r bekletildi\u011fi \u00f6\u011frenildi. 3 g\u00fcn i\u00e7inde toplam 108 hedef vuran F-16 jetlerinin komutan\u0131 olan A\u011far\u2019\u0131n ge\u00e7en y\u0131l, NATO nezdinde T\u00fcrkiye temsilcisi olarak g\u00f6rev yapt\u0131\u011f\u0131 d\u00f6nemde Lizbon\u2019daki NATO toplant\u0131s\u0131na kat\u0131lan Cumhurba\u015fkan\u0131 G\u00fcl\u2019\u00fc kar\u015f\u0131lamad\u0131\u011f\u0131 \u00f6ne s\u00fcr\u00fclm\u00fc\u015ft\u00fc. PKK kamplar\u0131n\u0131 bombalama g\u00f6revini s\u0131f\u0131r hatayla ger\u00e7ekle\u015ftiren A\u011far\u2019\u0131n 2012\u2019de orgeneralli\u011fe terfi s\u0131ras\u0131 geliyor. Askeri \u00e7evrelerde A\u011far\u2019\u0131n 2012\u2019de olmazsa, 2013\u2019te orgeneralli\u011fe terfi edebilece\u011fi de\u011ferlendirmeleri yap\u0131l\u0131yor.<\/p>\n<p style=\"text-align: justify;\"><a href=\"http:\/\/gundem.milliyet.com.tr\/hava-harekatini-gul-u-karsilamadigi-soylenen-komutan-yurutuyor\/gundem\/gundemdetay\/21.08.2011\/1429324\/default.htm\" target=\"_blank\">Kaynak : Milliyet.com.tr<\/a><\/p>\n","protected":false},"excerpt":{"rendered":"<p style=\"text-align: center;\">\n<p style=\"text-align: justify;\">T\u00fcrk Silahl\u0131 Kuvvetleri\u2019nin (TSK) ter\u00f6r \u00f6rg\u00fct\u00fc PKK\u2019n\u0131n Kuzey Irak\u2019ta bulunan Kandil, Zap ve Hakurk ba\u015fta olmak \u00fczere \u00e7e\u015fitli kamplar\u0131na y\u00f6nelik s\u00fcrd\u00fcr\u00fclen hava harek\u00e2t\u0131n\u0131, Hava Kuvvetleri Komutan\u0131 Korgeneral Mehmet Erten bizzat y\u00f6netiyor.<\/p>\n","protected":false},"author":1,"featured_media":0,"comment_status":"open","ping_status":"open","sticky":false,"template":"","format":"standard","meta":{"footnotes":""},"categories":[105],"tags":[],"class_list":["post-38830","post","type-post","status-publish","format-standard","hentry","category-gundem","odd"],"_links":{"self":[{"href":"http:\/\/www.korhanyilmaz.com\/index.php?rest_route=\/wp\/v2\/posts\/38830","targetHints":{"allow":["GET"]}}],"collection":[{"href":"http:\/\/www.korhanyilmaz.com\/index.php?rest_route=\/wp\/v2\/posts"}],"about":[{"href":"http:\/\/www.korhanyilmaz.com\/index.php?rest_route=\/wp\/v2\/types\/post"}],"author":[{"embeddable":true,"href":"http:\/\/www.korhanyilmaz.com\/index.php?rest_route=\/wp\/v2\/users\/1"}],"replies":[{"embeddable":true,"href":"http:\/\/www.korhanyilmaz.com\/index.php?rest_route=%2Fwp%2Fv2%2Fcomments&post=38830"}],"version-history":[{"count":0,"href":"http:\/\/www.korhanyilmaz.com\/index.php?rest_route=\/wp\/v2\/posts\/38830\/revisions"}],"wp:attachment":[{"href":"http:\/\/www.korhanyilmaz.com\/index.php?rest_route=%2Fwp%2Fv2%2Fmedia&parent=38830"}],"wp:term":[{"taxonomy":"category","embeddable":true,"href":"http:\/\/www.korhanyilmaz.com\/index.php?rest_route=%2Fwp%2Fv2%2Fcategories&post=38830"},{"taxonomy":"post_tag","embeddable":true,"href":"http:\/\/www.korhanyilmaz.com\/index.php?rest_route=%2Fwp%2Fv2%2Ftags&post=38830"}],"curies":[{"name":"wp","href":"https:\/\/api.w.org\/{rel}","templated":true}]}}