{"id":38821,"date":"2011-08-20T22:01:10","date_gmt":"2011-08-20T19:01:10","guid":{"rendered":"http:\/\/www.korhanyilmaz.com\/?p=38821"},"modified":"2011-08-21T13:14:04","modified_gmt":"2011-08-21T10:14:04","slug":"erdogan-bdpyi-defterden-sildi","status":"publish","type":"post","link":"http:\/\/www.korhanyilmaz.com\/?p=38821","title":{"rendered":"Erdo\u011fan BDP&#8217;yi defterden sildi!"},"content":{"rendered":"<p style=\"text-align: center;\"><a href=\"http:\/\/www.korhanyilmaz.com\/wp-content\/uploads\/2011\/08\/7008.jpg\"  class=\"lightview\"><img loading=\"lazy\" decoding=\"async\" class=\"aligncenter size-full wp-image-38822\" src=\"http:\/\/www.korhanyilmaz.com\/wp-content\/uploads\/2011\/08\/7008.jpg\" alt=\"\" width=\"315\" height=\"213\" \/><\/a><\/p>\n<p style=\"text-align: justify;\">AK Parti, ramazan bayram\u0131nda BDP ile bayramla\u015fmayacak. Ba\u015fbakan Erdo\u011fan&#8217;\u0131n, &#8220;ter\u00f6r \u00f6rg\u00fct\u00fcyle aras\u0131na mesafe koyamayanlar su\u00e7a i\u015ftirak ediyor&#8221; s\u00f6zleriyle ele\u015ftirdi\u011fi BDP bayramla\u015fma program\u0131na al\u0131nmayacak.<!--more--><\/p>\n<p style=\"text-align: justify;\">Sadece bayramda de\u011fil, yeni anayasa \u00e7al\u0131\u015fmalar\u0131 i\u00e7in yap\u0131lacak g\u00f6r\u00fc\u015fmelerde de, BDP&#8217;den randevu istenmeyecek. Parti kurmaylar\u0131na g\u00f6re, BDP&#8217;nin Meclis&#8217;te yemin etmek ve ter\u00f6rle aras\u0131nda mesafe koymak i\u00e7in ad\u0131m atmas\u0131 beklenecek.<\/p>\n<p style=\"text-align: justify;\">Ba\u015fbakan Erdo\u011fan&#8217;\u0131n BDP&#8217;ye y\u00f6nelik sert tepkisinin ard\u0131ndan, AK Parti BDP ile bayramla\u015fmama karar\u0131 da ald\u0131. Gerek\u00e7e, BDP&#8217;nin ter\u00f6rle aras\u0131na mesafe koymamas\u0131. Ge\u00e7en y\u0131l AK Parti ile BDP aras\u0131nda ya\u015fanan bayramla\u015fma g\u00f6r\u00fcnt\u00fcleri bu kez olmayacak.<\/p>\n<p style=\"text-align: justify;\">AK Parti, BDP&#8217;ye d\u00f6n\u00fck tepkisini sadece bayramla\u015fmayarak g\u00f6stermeyecek. Bundan sonra randevu istenmesi veya verilmesi de d\u00fc\u015f\u00fcn\u00fclm\u00fcyor. Yeni anaya i\u00e7in liderlere mektup yazmaya haz\u0131rlanan ba\u015fbakan Erdo\u011fan&#8217;\u0131n, &#8220;ter\u00f6rle aras\u0131na mesafe koymad\u0131\u011f\u0131 ve Meclis&#8217;te yemin etmedi\u011fi&#8221; gerek\u00e7esiyle BDP Grup Ba\u015fkan\u0131 Selahattin Demirta\u015f&#8217;a mektup g\u00f6ndermeyecek.<\/p>\n<p style=\"text-align: justify;\">Siyasi kulislere g\u00f6re, ayn\u0131 tepkiyi Meclis Ba\u015fkan\u0131 Cemil \u00c7i\u00e7ek&#8217;te g\u00f6sterecek. BDP yemin etmezse Meclis Ba\u015fkan\u0131 \u00c7i\u00e7ek, Demirta\u015f&#8217;\u0131 ziyaret etmeyecek ve yeni anayasa \u00e7al\u0131\u015fmalar\u0131 i\u00e7in olu\u015fturulacak olan uzla\u015fma komisyonu i\u00e7in \u00e7a\u011fr\u0131 yapmayacak.<\/p>\n<p style=\"text-align: justify;\">AK Parti kulislerine g\u00f6re, BDP ile kurulacak temas onlar\u0131n ad\u0131m atmas\u0131na g\u00f6re \u015fekillenecek. Parti kurmaylar\u0131 aras\u0131nda &#8220;BDP kendisinden beklenen a\u011f\u0131rl\u0131\u011f\u0131 ortaya koyamad\u0131. S\u00fcre\u00e7 i\u00e7inde aktif rol oynayamad\u0131. Meclis&#8217;e gelmeseler de olur&#8221; g\u00f6r\u00fc\u015f\u00fcn\u00fc dile getirenler de var.<\/p>\n<p style=\"text-align: justify;\"><a href=\"http:\/\/www.cnnturk.com\/2011\/turkiye\/08\/20\/erdogan.bdpyi.defterden.sildi\/626759.0\/index.html\" target=\"_blank\">Kaynak : CNN T\u00dcRK<\/a><\/p>\n","protected":false},"excerpt":{"rendered":"<p style=\"text-align: center;\">\n<p style=\"text-align: justify;\">AK Parti, ramazan bayram\u0131nda BDP ile bayramla\u015fmayacak. Ba\u015fbakan Erdo\u011fan&#8217;\u0131n, &#8220;ter\u00f6r \u00f6rg\u00fct\u00fcyle aras\u0131na mesafe koyamayanlar su\u00e7a i\u015ftirak ediyor&#8221; s\u00f6zleriyle ele\u015ftirdi\u011fi BDP bayramla\u015fma program\u0131na al\u0131nmayacak.<\/p>\n","protected":false},"author":1,"featured_media":0,"comment_status":"open","ping_status":"open","sticky":false,"template":"","format":"standard","meta":{"footnotes":""},"categories":[105],"tags":[],"class_list":["post-38821","post","type-post","status-publish","format-standard","hentry","category-gundem","odd"],"_links":{"self":[{"href":"http:\/\/www.korhanyilmaz.com\/index.php?rest_route=\/wp\/v2\/posts\/38821","targetHints":{"allow":["GET"]}}],"collection":[{"href":"http:\/\/www.korhanyilmaz.com\/index.php?rest_route=\/wp\/v2\/posts"}],"about":[{"href":"http:\/\/www.korhanyilmaz.com\/index.php?rest_route=\/wp\/v2\/types\/post"}],"author":[{"embeddable":true,"href":"http:\/\/www.korhanyilmaz.com\/index.php?rest_route=\/wp\/v2\/users\/1"}],"replies":[{"embeddable":true,"href":"http:\/\/www.korhanyilmaz.com\/index.php?rest_route=%2Fwp%2Fv2%2Fcomments&post=38821"}],"version-history":[{"count":0,"href":"http:\/\/www.korhanyilmaz.com\/index.php?rest_route=\/wp\/v2\/posts\/38821\/revisions"}],"wp:attachment":[{"href":"http:\/\/www.korhanyilmaz.com\/index.php?rest_route=%2Fwp%2Fv2%2Fmedia&parent=38821"}],"wp:term":[{"taxonomy":"category","embeddable":true,"href":"http:\/\/www.korhanyilmaz.com\/index.php?rest_route=%2Fwp%2Fv2%2Fcategories&post=38821"},{"taxonomy":"post_tag","embeddable":true,"href":"http:\/\/www.korhanyilmaz.com\/index.php?rest_route=%2Fwp%2Fv2%2Ftags&post=38821"}],"curies":[{"name":"wp","href":"https:\/\/api.w.org\/{rel}","templated":true}]}}