{"id":38813,"date":"2011-08-20T09:55:37","date_gmt":"2011-08-20T06:55:37","guid":{"rendered":"http:\/\/www.korhanyilmaz.com\/?p=38813"},"modified":"2011-08-20T10:45:00","modified_gmt":"2011-08-20T07:45:00","slug":"30-agustos-resepsiyonu-iptal","status":"publish","type":"post","link":"http:\/\/www.korhanyilmaz.com\/?p=38813","title":{"rendered":"30 A\u011fustos resepsiyonu iptal"},"content":{"rendered":"<p style=\"text-align: justify;\"><a href=\"http:\/\/www.korhanyilmaz.com\/wp-content\/uploads\/2011\/08\/7007.jpg\"  class=\"lightview\"><img loading=\"lazy\" decoding=\"async\" class=\"aligncenter size-full wp-image-38814\" title=\"\" src=\"http:\/\/www.korhanyilmaz.com\/wp-content\/uploads\/2011\/08\/7007.jpg\" alt=\"\" width=\"350\" height=\"210\" \/><\/a><\/p>\n<p style=\"text-align: justify;\">30 A\u011fustos Zafer Bayram\u0131 ve T\u00fcrk Silahl\u0131 Kuvvetleri (TSK) G\u00fcn\u00fc nedeniyle Genelkurmay Ba\u015fkanl\u0131\u011f\u0131\u2019nca verilen resepsiyonlar\u0131n t\u00fcmden iptal oldu\u011fu \u00f6\u011frenildi. Genelkurmay Ba\u015fkanl\u0131\u011f\u0131 daha \u00f6nce \u0130stanbul ve Ankara\u2019da 2 ayr\u0131 resepsiyon d\u00fczenlenmesini g\u00fcndemine alm\u0131\u015ft\u0131, bu kararda de\u011fi\u015fikli\u011fe gidilmesinde son d\u00f6nemde artan ter\u00f6r olaylar\u0131 ve arka arkaya gelen \u015fehit haberlerinin etkili oldu\u011fu bildirildi.\u00a0<!--more--><\/p>\n<p style=\"text-align: justify;\">Cumhuriyet Gazetesi&#8217;nden Bark\u0131n \u015e\u0131k&#8217;\u0131n haberine g\u00f6re, Genelkurmay Ba\u015fkan\u0131 Necdet \u00d6zel, kuvvet komutanlar\u0131yla 30 A\u011fustos sabah\u0131 Genelkurmay Kararg\u00e2h\u0131\u2019ndaki tebrigatlar\u0131 kabul t\u00f6reni ve Hipodrom\u2019daki kutlamalar\u0131n ard\u0131ndan \u0130stanbul\u2019a u\u00e7acak. Komutanlar daha sonra \u0130stanbul\u2019daki Hava ve Deniz Harp Okulu mezuniyet t\u00f6renlerine kat\u0131lacak. Bu t\u00f6renlere Cumhurba\u015fkan\u0131 Abdullah G\u00fcl\u2019\u00fcn de kat\u0131lmas\u0131 bekleniyor. \u0130lk planlamalara g\u00f6re mezuniyet t\u00f6renlerinin ard\u0131ndan Fenerbah\u00e7e Orduevi\u2019nde Zafer Bayram\u0131 Resepsiyonu verilmesi planlan\u0131yordu. Ayn\u0131 tarihte Ankara\u2019da ise Genelkurmay 2. Ba\u015fkan\u0131 Hulusi Akar ev sahipli\u011finde Merkez Orduevi\u2019nde resepsiyon verilmesi planlan\u0131yordu. Ancak, arka arkaya gelen \u015fehit haberleri ve artan ter\u00f6r olaylar\u0131 nedeniyle resepsiyonlar\u0131n t\u00fcmden iptal edildi\u011fi belirtildi. Kara Harp Okulu mezuniyet t\u00f6reni ise 29 A\u011fustos\u2019ta ger\u00e7ekle\u015ftirilecek.<\/p>\n<p style=\"text-align: justify;\"><a href=\"http:\/\/www.hurriyet.com.tr\/gundem\/18535720.asp\" target=\"_blank\">Kaynak : H\u00fcrriyet.com.tr<\/a><\/p>\n","protected":false},"excerpt":{"rendered":"<p style=\"text-align: justify;\">\n<p style=\"text-align: justify;\">30 A\u011fustos Zafer Bayram\u0131 ve T\u00fcrk Silahl\u0131 Kuvvetleri (TSK) G\u00fcn\u00fc nedeniyle Genelkurmay Ba\u015fkanl\u0131\u011f\u0131\u2019nca verilen resepsiyonlar\u0131n t\u00fcmden iptal oldu\u011fu \u00f6\u011frenildi. Genelkurmay Ba\u015fkanl\u0131\u011f\u0131 daha \u00f6nce \u0130stanbul ve Ankara\u2019da 2 ayr\u0131 resepsiyon d\u00fczenlenmesini g\u00fcndemine alm\u0131\u015ft\u0131, bu kararda de\u011fi\u015fikli\u011fe gidilmesinde son d\u00f6nemde artan ter\u00f6r olaylar\u0131 ve arka arkaya gelen \u015fehit haberlerinin etkili oldu\u011fu bildirildi. <\/p>\n","protected":false},"author":1,"featured_media":0,"comment_status":"open","ping_status":"open","sticky":false,"template":"","format":"standard","meta":{"footnotes":""},"categories":[105],"tags":[],"class_list":["post-38813","post","type-post","status-publish","format-standard","hentry","category-gundem","odd"],"_links":{"self":[{"href":"http:\/\/www.korhanyilmaz.com\/index.php?rest_route=\/wp\/v2\/posts\/38813","targetHints":{"allow":["GET"]}}],"collection":[{"href":"http:\/\/www.korhanyilmaz.com\/index.php?rest_route=\/wp\/v2\/posts"}],"about":[{"href":"http:\/\/www.korhanyilmaz.com\/index.php?rest_route=\/wp\/v2\/types\/post"}],"author":[{"embeddable":true,"href":"http:\/\/www.korhanyilmaz.com\/index.php?rest_route=\/wp\/v2\/users\/1"}],"replies":[{"embeddable":true,"href":"http:\/\/www.korhanyilmaz.com\/index.php?rest_route=%2Fwp%2Fv2%2Fcomments&post=38813"}],"version-history":[{"count":0,"href":"http:\/\/www.korhanyilmaz.com\/index.php?rest_route=\/wp\/v2\/posts\/38813\/revisions"}],"wp:attachment":[{"href":"http:\/\/www.korhanyilmaz.com\/index.php?rest_route=%2Fwp%2Fv2%2Fmedia&parent=38813"}],"wp:term":[{"taxonomy":"category","embeddable":true,"href":"http:\/\/www.korhanyilmaz.com\/index.php?rest_route=%2Fwp%2Fv2%2Fcategories&post=38813"},{"taxonomy":"post_tag","embeddable":true,"href":"http:\/\/www.korhanyilmaz.com\/index.php?rest_route=%2Fwp%2Fv2%2Ftags&post=38813"}],"curies":[{"name":"wp","href":"https:\/\/api.w.org\/{rel}","templated":true}]}}