{"id":38800,"date":"2011-08-18T14:07:29","date_gmt":"2011-08-18T11:07:29","guid":{"rendered":"http:\/\/www.korhanyilmaz.com\/?p=38800"},"modified":"2011-08-20T01:51:38","modified_gmt":"2011-08-19T22:51:38","slug":"ak-partiden-sarapli-anmaya-tepki","status":"publish","type":"post","link":"http:\/\/www.korhanyilmaz.com\/?p=38800","title":{"rendered":"AK Parti&#8217;den &#8216;\u015farapl\u0131 anma&#8217;ya tepki"},"content":{"rendered":"<p style=\"text-align: center;\"><a href=\"http:\/\/www.korhanyilmaz.com\/wp-content\/uploads\/2011\/08\/7004.jpg\"  class=\"lightview\"><img loading=\"lazy\" decoding=\"async\" class=\"aligncenter size-full wp-image-38801\" src=\"http:\/\/www.korhanyilmaz.com\/wp-content\/uploads\/2011\/08\/7004.jpg\" alt=\"\" width=\"360\" height=\"234\" \/><\/a><\/p>\n<p style=\"text-align: justify;\">Mu\u011fla Dat\u00e7a&#8217;da AK Parti \u0130l\u00e7e Ba\u015fkan\u0131 Ahmet Sedat Deniz, T\u00fcrk edebiyat\u0131n\u0131n usta \u015fairlerinden Can Y\u00fccel&#8217;in, 12 A\u011fustos Cuma g\u00fcn\u00fc an\u0131lmas\u0131 s\u0131ras\u0131nda mezar\u0131na \u015farap d\u00f6k\u00fclmesine tepki g\u00f6sterdi.<!--more--><\/p>\n<p style=\"text-align: justify;\">DAT\u00c7A &#8211; AK Parti Dat\u00e7a \u0130l\u00e7e Ba\u015fkan\u0131 Ahmet Sedat Deniz, \u015fairin mezar\u0131n\u0131n yan\u0131na, ailesi taraf\u0131ndan, \u00fczerinde \u2019\u00c7i\u00e7ek d\u0131\u015f\u0131nda bir\u015fey b\u0131rak\u0131lmamas\u0131 rica olunur\u2019 yazan tabela konuldu\u011funu hat\u0131rlatt\u0131\u011f\u0131 yaz\u0131l\u0131 a\u00e7\u0131klamas\u0131nda \u015f\u00f6yle dedi:<\/p>\n<p style=\"text-align: justify;\">&#8220;Biz kimsenin i\u00e7kisiyle u\u011fra\u015facak de\u011filiz. \u0130stedikleri kadar i\u00e7ip istedikleri kadar sarho\u015f olabilirler. Ama bunu yaparken l\u00fctfen milletimizin inan\u00e7lar\u0131na, geleneklerine, manevi duygular\u0131na k\u00fcfretmeye, hakaret etmeye kalk\u0131\u015fmalar\u0131na da sessiz kalacak de\u011filiz.<\/p>\n<p style=\"text-align: justify;\">\u0130nsafla d\u00fc\u015f\u00fcnmek laz\u0131m. O mezarl\u0131kta yatanlar\u0131 rencide edici harekette bulunma hakk\u0131n\u0131 kim kendinde g\u00f6r\u00fcyor? Efendim Can Y\u00fccel \u2019Ben \u00f6ld\u00fckten sonra benim mezar\u0131ma \u015farap d\u00f6k\u00fcn\u2019 demi\u015f ve g\u00fcya vasiyetini yerine getiriyorlarm\u0131\u015f. Can Y\u00fccel asla b\u00f6yle bir s\u00f6z sarf etmemi\u015ftir. Bunun \u015fahitleri hayattad\u0131r. Ama baz\u0131lar\u0131 milletin de\u011ferleriyle alay etmeyi, milletin manevi duygular\u0131yla oynamay\u0131 zevk haline getirmelerinden dolay\u0131 bu sa\u00e7ma sapan olay\u0131 ger\u00e7ekle\u015ftirmek istemi\u015flerdir. Ama unutmas\u0131nlar bu olay\u0131n bir daha tekrar olmamas\u0131 i\u00e7in var g\u00fcc\u00fcm\u00fczle \u00e7aba sarf edip yetkililerin ataca\u011f\u0131 ad\u0131mlar\u0131n takip\u00e7isi olaca\u011f\u0131z.&#8221;<\/p>\n<p style=\"text-align: justify;\"><a href=\"http:\/\/www.radikal.com.tr\/Radikal.aspx?aType=RadikalDetayV3&amp;ArticleID=1060435\" target=\"_blank\">Kaynak : Radikal.com.tr<\/a><\/p>\n","protected":false},"excerpt":{"rendered":"<p style=\"text-align: center;\">\n<p style=\"text-align: justify;\">Mu\u011fla Dat\u00e7a&#8217;da AK Parti \u0130l\u00e7e Ba\u015fkan\u0131 Ahmet Sedat Deniz, T\u00fcrk edebiyat\u0131n\u0131n usta \u015fairlerinden Can Y\u00fccel&#8217;in, 12 A\u011fustos Cuma g\u00fcn\u00fc an\u0131lmas\u0131 s\u0131ras\u0131nda mezar\u0131na \u015farap d\u00f6k\u00fclmesine tepki g\u00f6sterdi.<\/p>\n","protected":false},"author":1,"featured_media":0,"comment_status":"open","ping_status":"open","sticky":false,"template":"","format":"standard","meta":{"footnotes":""},"categories":[105],"tags":[325,326],"class_list":["post-38800","post","type-post","status-publish","format-standard","hentry","category-gundem","tag-can-yucel","tag-sedat-deniz","odd"],"_links":{"self":[{"href":"http:\/\/www.korhanyilmaz.com\/index.php?rest_route=\/wp\/v2\/posts\/38800","targetHints":{"allow":["GET"]}}],"collection":[{"href":"http:\/\/www.korhanyilmaz.com\/index.php?rest_route=\/wp\/v2\/posts"}],"about":[{"href":"http:\/\/www.korhanyilmaz.com\/index.php?rest_route=\/wp\/v2\/types\/post"}],"author":[{"embeddable":true,"href":"http:\/\/www.korhanyilmaz.com\/index.php?rest_route=\/wp\/v2\/users\/1"}],"replies":[{"embeddable":true,"href":"http:\/\/www.korhanyilmaz.com\/index.php?rest_route=%2Fwp%2Fv2%2Fcomments&post=38800"}],"version-history":[{"count":0,"href":"http:\/\/www.korhanyilmaz.com\/index.php?rest_route=\/wp\/v2\/posts\/38800\/revisions"}],"wp:attachment":[{"href":"http:\/\/www.korhanyilmaz.com\/index.php?rest_route=%2Fwp%2Fv2%2Fmedia&parent=38800"}],"wp:term":[{"taxonomy":"category","embeddable":true,"href":"http:\/\/www.korhanyilmaz.com\/index.php?rest_route=%2Fwp%2Fv2%2Fcategories&post=38800"},{"taxonomy":"post_tag","embeddable":true,"href":"http:\/\/www.korhanyilmaz.com\/index.php?rest_route=%2Fwp%2Fv2%2Ftags&post=38800"}],"curies":[{"name":"wp","href":"https:\/\/api.w.org\/{rel}","templated":true}]}}