{"id":38797,"date":"2011-08-19T14:09:37","date_gmt":"2011-08-19T11:09:37","guid":{"rendered":"http:\/\/www.korhanyilmaz.com\/?p=38797"},"modified":"2011-08-20T01:46:14","modified_gmt":"2011-08-19T22:46:14","slug":"can-yucelin-mezarina-cirkin-saldiri","status":"publish","type":"post","link":"http:\/\/www.korhanyilmaz.com\/?p=38797","title":{"rendered":"Can Y\u00fccel&#8217;in mezar\u0131na \u00e7irkin sald\u0131r\u0131"},"content":{"rendered":"<p style=\"text-align: justify;\"><a href=\"http:\/\/www.korhanyilmaz.com\/wp-content\/uploads\/2011\/08\/7003.jpg\"  class=\"lightview\"><img loading=\"lazy\" decoding=\"async\" class=\"aligncenter size-full wp-image-38798\" title=\"\" src=\"http:\/\/www.korhanyilmaz.com\/wp-content\/uploads\/2011\/08\/7003.jpg\" alt=\"\" width=\"400\" height=\"267\" \/><\/a><\/p>\n<p style=\"text-align: justify;\">T\u00fcrk edebiyat\u0131n\u0131n usta \u015fairi Can Y\u00fccel&#8217;in Mu\u011fla&#8217;n\u0131n Dat\u00e7a \u0130l\u00e7esi&#8217;ndeki mezar\u0131, kimli\u011fi belirsiz ki\u015fi ya da ki\u015filerin sald\u0131r\u0131s\u0131na u\u011frad\u0131.<\/p>\n<p style=\"text-align: justify;\">DAT\u00c7A &#8211; T\u00fcrk Edebiyat\u0131\u2019n\u0131n usta \u015fairi Can Y\u00fccel\u2019in, Mu\u011fla\u2019n\u0131n Dat\u00e7a \u0130l\u00e7esi\u2019ndeki mezar\u0131, kimli\u011fi belirsiz ki\u015fi ya da ki\u015filerce parampar\u00e7a edildi. Polis olayla ilgili olarak inceleme ba\u015flat\u0131rken, sald\u0131r\u0131n\u0131n balyoz benzeri bir aletle ger\u00e7ekle\u015ftirildi\u011finin tahmin edildi\u011fi a\u00e7\u0131kland\u0131. Olay, il\u00e7ede b\u00fcy\u00fck tepkiyle kar\u015f\u0131land\u0131.\u00a0<!--more--><\/p>\n<p style=\"text-align: justify;\">\u00c7irkin sald\u0131r\u0131, bug\u00fcn saat 11.30 s\u0131ralar\u0131nda Dat\u00e7a Belediye\u2019sini telefonla arayan bir kad\u0131n\u0131n ihbar\u0131yla ortaya \u00e7\u0131kt\u0131. Y\u00fccel\u2019i kabri ba\u015f\u0131nda ziyaret i\u00e7in belediye mezarl\u0131\u011f\u0131na gitti\u011fini belirten kad\u0131n, usta \u015fairin mezar\u0131n\u0131n parampar\u00e7a oldu\u011funu bildirdikten sonra telefonu kapatt\u0131. Mezarl\u0131\u011fa giden Dat\u00e7a Emniyet Amirli\u011fi ekipleri, ihbar\u0131n do\u011fru oldu\u011funu belirledi. Polis olayla ilgili olarak hemen inceleme ba\u015flat\u0131rken, sald\u0131r\u0131n\u0131n balyoz benzeri bir aletle ger\u00e7ekle\u015ftirildi\u011finin tahmin edildi\u011fi a\u00e7\u0131klad\u0131. \u015eairin mezar\u0131n\u0131n etraf\u0131 g\u00fcvenlik \u015feridi ile \u00e7evrilirken, d\u00fcn gece yap\u0131ld\u0131\u011f\u0131 san\u0131lan sald\u0131r\u0131da kullan\u0131lan aletin bulunmas\u0131 i\u00e7in mezarl\u0131k \u00e7evresinde yap\u0131lan arama \u00e7al\u0131\u015fmalar\u0131 sonu\u00e7suz kald\u0131.<\/p>\n<p style=\"text-align: justify;\">Kars\u2019ta Ba\u015fbakan Recep Tayyip Erdo\u011fan\u2019\u0131n &#8220;Ucube&#8221; diye nitenledirmesinin ard\u0131ndan y\u0131k\u0131lan \u2019\u0130nsanl\u0131k An\u0131t\u0131\u2019 heykelini yapan heykelt\u0131ra\u015f Mehmet Aksoy taraf\u0131ndan 21 A\u011fustos 2000 tarihinde yap\u0131lan Can Y\u00fccel\u2019in an\u0131t mezar\u0131, ana rahmindeki bir cenin ve hayata ba\u011fland\u0131\u011f\u0131 kordonu konu al\u0131yordu. Sald\u0131r\u0131da, an\u0131t mezar\u0131n \u00fczerinde duran ana rahmindeki cenin kabartmas\u0131n\u0131n yan\u0131 s\u0131ra temsili kordon, sald\u0131rganlar taraf\u0131ndan parampar\u00e7a edildi.<\/p>\n<p style=\"text-align: justify;\"><strong>SALDIRIYA TEPK\u0130LER<\/strong><\/p>\n<p style=\"text-align: justify;\">Usta \u015fairin Bodrum\u2019da olan e\u015fi G\u00fcler Y\u00fccel, DHA muhabirine telefonla yapt\u0131\u011f\u0131 a\u00e7\u0131klamada, olay\u0131 b\u00fcy\u00fck bir \u00fcz\u00fcnt\u00fc ile \u00f6\u011frendi\u011fini belirterek, &#8220;Can\u2019\u0131n mezar\u0131na \u015farap d\u00f6k\u00fclmesi ve bo\u015f \u015fi\u015felerin b\u0131rak\u0131lmas\u0131na, aile olarak kar\u015f\u0131 oldu\u011fumuzu herkes biliyor. Bu ama\u00e7la mezar\u0131n ba\u015f\u0131na, \u2019\u00c7i\u00e7ek d\u0131\u015f\u0131nda hi\u00e7bir \u015fey b\u0131rak\u0131lmamas\u0131 rica olunur\u2019 diye uyar\u0131 levhas\u0131 da koymu\u015ftuk. Buna ra\u011fmen \u015farap d\u00f6kenleri, k\u0131n\u0131yoruz. Ancak ayn\u0131 \u015fekilde, bu vah\u015fi sald\u0131r\u0131y\u0131 yapanlara da tepkimiz b\u00fcy\u00fck. \u00dcz\u00fcnt\u00fcm\u00fcz sonsuz. Bu, Can\u2019a yap\u0131lmamal\u0131yd\u0131&#8221; dedi.<\/p>\n<p style=\"text-align: justify;\">Can Y\u00fccel\u2019in k\u0131z\u0131 G\u00fczel Y\u00fccel de annesine benzer bir a\u00e7\u0131klamada bulunurken, &#8220;Bu olayda babam\u0131n \u2019Can\u2019\u0131n\u0131n yand\u0131\u011f\u0131na inan\u0131yorum. \u00c7ok \u00fcz\u00fcnt\u00fcl\u00fcy\u00fcm. Son iki y\u0131ld\u0131r \u015farap d\u00f6k\u00fclmesi olay\u0131 ya\u015fanm\u0131yordu. Aile olarak bu konuya hassas oldu\u011fumuzu biliyorsunuz. Ancak bu y\u0131l tekrarlanmas\u0131 bizi \u00fczd\u00fc. Aile olarak \u015farap d\u00f6k\u00fclmesini \u00f6nleme gibi bir g\u00fcc\u00fcm\u00fcz yok. Bu olay\u0131 bahane ederek, bir insan\u0131n mezar\u0131na bu \u015fekilde sald\u0131r\u0131da bulunma hakk\u0131n\u0131 kim nereden buluyor bunu da anlam\u0131yoruz&#8221; diye konu\u015ftu.<\/p>\n<p style=\"text-align: justify;\"><strong>&#8220;BARI\u015e, KARDE\u015eL\u0130K VE HUZURA SALDIRI&#8221;<\/strong><\/p>\n<p style=\"text-align: justify;\">CHP \u0130l\u00e7e Ba\u015fkan\u0131 G\u00f6khan Sa\u011f\u0131r ise olay\u0131 Dat\u00e7a\u2019n\u0131n bar\u0131\u015f, karde\u015flik ve huzuruna yap\u0131lm\u0131\u015f bir sald\u0131r\u0131 oldu\u011funa dikkat \u00e7ekip, &#8220;Bir iki g\u00fcnd\u00fcr zaten tahrikler vard\u0131. \u00d6zellikle bir dinci gazete k\u0131\u015fk\u0131rt\u0131c\u0131l\u0131k yapmaya \u00e7al\u0131\u015f\u0131yordu. Mezarl\u0131k y\u0131kan bir Dat\u00e7a olmaktan utan\u00e7 duyuyorum. Dat\u00e7a, karde\u015fli\u011fin egemen oldu\u011fu bir yerdir. Dat\u00e7a, ho\u015fg\u00f6r\u00fc mezarl\u0131\u011f\u0131 ile tan\u0131n\u0131yordu. Dat\u00e7a\u2019da karde\u015flik ortam\u0131 mezarl\u0131kta da vard\u0131. Burada H\u0131ristiyan, M\u00fcsl\u00fcman, Yahudi mezarlar\u0131 var. Bu sald\u0131r\u0131ya sessiz kalmayaca\u011f\u0131z. Umar\u0131m failleri bulunur, hesap sorulur&#8221; diye konu\u015ftu.<\/p>\n<p style=\"text-align: justify;\">Usta \u015fairin sa\u011fl\u0131\u011f\u0131nda en yak\u0131n arkada\u015f\u0131 olan Eski Dat\u00e7a Mahallesi eski muhtar\u0131, 70 ya\u015f\u0131ndaki Orhan Karada\u011fl\u0131 da olay\u0131 duyar duymaz mezarl\u0131\u011fa ko\u015fanlar aras\u0131nda yer ald\u0131. Y\u00fccel i\u00e7in bu yeri bulup mezar\u0131 kazan bir ki\u015fi olarak \u00e7ok \u00fcz\u00fcld\u00fc\u011f\u00fcn\u00fc belirten Karada\u011fl\u0131, faillerin biran \u00f6nce yakalanmas\u0131 dile\u011finde bulundu.<\/p>\n<p style=\"text-align: justify;\">Dat\u00e7a Kaymakam\u0131 Hamdi \u00dcnc\u00fc ve Belediye Ba\u015fkan\u0131 CHP\u2019li \u015eener Tokcan da olay \u00fczerine mezarl\u0131\u011fa gelerek polisten \u00e7al\u0131\u015fmalar hakk\u0131nda bilgi ald\u0131. \u00dcnc\u00fc ve Tokcan a\u00e7\u0131klamada bulunmad\u0131.<\/p>\n<p style=\"text-align: justify;\"><strong>AK PART\u0130\u2019L\u0130 DEN\u0130Z, KINAMI\u015eTI<\/strong><\/p>\n<p style=\"text-align: justify;\">Can Y\u00fccel\u2019in 12 A\u011fustos Cuma g\u00fcn\u00fc mezar\u0131 ba\u015f\u0131nda an\u0131lmas\u0131na s\u0131ras\u0131nda mezar\u0131na \u015farap d\u00f6k\u00fcmesine tepki g\u00f6sterip, d\u00fcn yapt\u0131\u011f\u0131 yaz\u0131l\u0131 a\u00e7\u0131klamayla k\u0131nayan AK Parti Dat\u00e7a \u0130l\u00e7e Ba\u015fkan\u0131 Sedat Deniz, sald\u0131y\u0131 yolda \u00f6\u011frendi\u011fini belirterek, duydu\u011fu \u00fcz\u00fcnt\u00fcy\u00fc dile getirdi. Deniz, &#8220;Dat\u00e7a\u2019ya yak\u0131\u015fmayan bir olay. K\u0131n\u0131yoruz. Her ne sebeple olursa olsun, mezarl\u0131\u011fa yap\u0131lan sald\u0131r\u0131r\u0131n bir mazereti olamaz. Yapanlar\u0131n k\u0131sa s\u00fcrede yakalanmas\u0131n\u0131 bekliyorum. Daha sonra geni\u015f biri a\u00e7\u0131klama yapaca\u011f\u0131m&#8221; dedi.<\/p>\n<p style=\"text-align: justify;\">Deniz, d\u00fcn yapt\u0131\u011f\u0131 yaz\u0131l\u0131 a\u00e7\u0131klamada, &#8220;Kimsenin i\u00e7kisiyle u\u011fra\u015facak de\u011filiz. \u0130stedikleri kadar i\u00e7ip istedikleri kadar sarho\u015f olabilirler. Ama bunu yaparken l\u00fctfen milletimizin inan\u00e7lar\u0131na, geleneklerine, manevi duygular\u0131na k\u00fcfretmeye, hakaret etmeye kalk\u0131\u015fmalar\u0131na da sessiz kalacak de\u011filiz. \u0130nsafla d\u00fc\u015f\u00fcnmek laz\u0131m. O mezarl\u0131kta yatanlar\u0131 rencide edici harekette bulunma hakk\u0131n\u0131 kim kendinde g\u00f6r\u00fcyor&#8221; demi\u015fti.<\/p>\n<p style=\"text-align: justify;\">Usta \u015eair Y\u00fccel\u2019in 12\u2019nci \u00f6l\u00fcm y\u0131ld\u00f6n\u00fcm\u00fc anma etkinlikleri s\u0131ras\u0131nda ge\u00e7en hafta Cuma g\u00fcn\u00fc bir grup, Y\u00fccel\u2019in mezar\u0131na \u015farap d\u00f6k\u00fcp, kendileri de i\u00e7mi\u015fti. Bo\u015f \u015fi\u015feleri de mezar\u0131n \u00fczerine b\u0131rakm\u0131\u015flard\u0131. Tepkiler \u00fczerine, ailesi mezarl\u0131\u011fa gelmeden bo\u015f \u015fi\u015feler kald\u0131r\u0131ld\u0131ktan sonra, usta \u015fairin mezar\u0131 ba\u015f\u0131nda anma t\u00f6reni yap\u0131lm\u0131\u015ft\u0131.<\/p>\n<p style=\"text-align: justify;\"><strong>SANAT \u00c7EVRES\u0130 TEPK\u0130L\u0130<\/strong><\/p>\n<p style=\"text-align: justify;\">Usta \u015fair Can Y\u00fccel\u2019in mezar\u0131na yap\u0131lan sald\u0131r\u0131ya sanat \u00e7evreleriden de tepki geldi. Dat\u00e7a\u2019ya 25 kilometre uzakl\u0131ktaki Yaka K\u00f6y\u00fc\u2019nde ge\u00e7en y\u0131l a\u00e7\u0131lan, Uluslararas\u0131 Knidos K\u00fclt\u00fcr ve Sanat Akademisi Ba\u015fkan\u0131 Nevzat Metin, sald\u0131r\u0131n\u0131n bir Taliban zihniyeti \u00fcr\u00fcn\u00fc oldu\u011funu \u00f6ne s\u00fcrd\u00fc. Uluslararas\u0131 Knidos K\u00fclt\u00fcr ve Sanat Akademisi Ba\u015fkan\u0131 Metin, &#8220;\u0130nsanl\u0131k tarihi var olduk\u00e7a, bilimin ve sanat\u0131n var oldu\u011fu bir s\u00fcre\u00e7 i\u00e7inde bu yap\u0131lan sald\u0131r\u0131y\u0131 de\u011ferlendirdi\u011fimizde, bir Taliban zihniyeti \u00fcr\u00fcn\u00fc oldu\u011fu a\u00e7\u0131kt\u0131r. Can Y\u00fccel, Dat\u00e7a yar\u0131madas\u0131na bir hayat vermi\u015ftir. Binlerce insan\u0131n geldi\u011fi bir yerdir. Olay\u0131 \u015fa\u015fk\u0131nl\u0131kla kar\u015f\u0131lad\u0131m. K\u0131r\u0131lan an\u0131t mezar\u0131n hi\u00e7 onar\u0131lmayarak, ibret olmas\u0131 amac\u0131yla oldu\u011fu gibi b\u0131rak\u0131lmas\u0131n\u0131 arzuluyorum&#8221; diye konu\u015ftu.<\/p>\n<p style=\"text-align: justify;\"><strong>&#8220;SALDIRININ ACISINI BEDEN\u0130MDE H\u0130SSETT\u0130M&#8221;<\/strong><\/p>\n<p style=\"text-align: justify;\">G\u00fcm\u00fc\u015fl\u00fck Akademisi Vakf\u0131 Ba\u015fkan\u0131 Latife Tekin de sald\u0131ya \u00e7ok sert tepki g\u00f6sterdi. Yazar Latife Tekin de \u015funlar\u0131 s\u00f6yledi:<\/p>\n<p style=\"text-align: justify;\">&#8220;Bu, T\u00fcrk edebiyat\u00e7\u0131lar\u0131na, sanat\u00e7\u0131lar\u0131na, ayd\u0131nlar\u0131na yap\u0131lan bir sald\u0131r\u0131d\u0131r. Can babaya yap\u0131lan sald\u0131r\u0131n\u0131n ac\u0131s\u0131n\u0131, s\u0131z\u0131s\u0131n\u0131 kemiklerimde, bedenimde hissettim, deh\u015fete d\u00fc\u015ft\u00fcm. G\u00fcm\u00fc\u015fl\u00fck Akademisi olarak bu y\u0131lki sanat ve k\u00fclt\u00fcrel etkinliklerimizin temas\u0131n\u0131 \u2018Korku\u2019 olarak tespit etmi\u015ftik. \u0130\u015fte bir \u015fairin mezar\u0131na yap\u0131lan sald\u0131r\u0131 bu korkuyu ortaya yaymaya \u00e7al\u0131\u015fan zihniyetin att\u0131\u011f\u0131 bir ad\u0131md\u0131r. B\u00f6yle bir sald\u0131r\u0131y\u0131 \u2018K\u0131n\u0131yorum\u2019 demek bile bana \u00e7ok incitici, \u00e7ok hafif geliyor. Son zamanlarda heykellere, sanat\u00e7\u0131lara y\u00f6nelik yap\u0131lan bu sald\u0131r\u0131lara gerekli tepkiyi vermeyen, tutuk kalan, bekleyen ve d\u00fc\u015f\u00fcnd\u00fc\u011f\u00fcn\u00fc s\u00f6ylemeyen, dayan\u0131\u015fma i\u00e7inde olmayanlar umar\u0131m bundan bir ders \u00e7\u0131kar\u0131rlar. Heykellerin kafas\u0131 kopar\u0131l\u0131p, s\u00fcr\u00fcklenerek g\u00f6t\u00fcr\u00fcl\u00fcrken sesini \u00e7\u0131karmayanlar, bir g\u00fcn kendi ba\u015flar\u0131na benzer olaylar gelebilece\u011fini unutmas\u0131nlar.&#8221;<\/p>\n<p style=\"text-align: justify;\">\u00d6te yandan, \u015fair Can Y\u00fccel\u2019in e\u015fi G\u00fcler Y\u00fccel, sald\u0131r\u0131y\u0131 yapanlar yakalanana kadar mezar\u0131n o \u015fekilde kalaca\u011f\u0131n\u0131 belirterek, &#8220;Daha sonra yine kendi imkanlar\u0131m\u0131zla yapt\u0131raca\u011f\u0131z&#8221; dedi.<\/p>\n<p style=\"text-align: justify;\"><a href=\"http:\/\/www.radikal.com.tr\/Radikal.aspx?aType=RadikalDetayV3&amp;ArticleID=1060578&amp;Date=20.08.2011&amp;CategoryID=79\" target=\"_blank\">Kaynak : Radikal.com.tr<\/a><\/p>\n","protected":false},"excerpt":{"rendered":"<p style=\"text-align: justify;\">\n<p style=\"text-align: justify;\">T\u00fcrk edebiyat\u0131n\u0131n usta \u015fairi Can Y\u00fccel&#8217;in Mu\u011fla&#8217;n\u0131n Dat\u00e7a \u0130l\u00e7esi&#8217;ndeki mezar\u0131, kimli\u011fi belirsiz ki\u015fi ya da ki\u015filerin sald\u0131r\u0131s\u0131na u\u011frad\u0131.<\/p>\n<p style=\"text-align: justify;\">DAT\u00c7A &#8211; T\u00fcrk Edebiyat\u0131\u2019n\u0131n usta \u015fairi Can Y\u00fccel\u2019in, Mu\u011fla\u2019n\u0131n Dat\u00e7a \u0130l\u00e7esi\u2019ndeki mezar\u0131, kimli\u011fi belirsiz ki\u015fi ya da ki\u015filerce parampar\u00e7a edildi. Polis olayla ilgili olarak inceleme ba\u015flat\u0131rken, sald\u0131r\u0131n\u0131n balyoz benzeri bir <\/p>\n","protected":false},"author":1,"featured_media":0,"comment_status":"open","ping_status":"open","sticky":false,"template":"","format":"standard","meta":{"footnotes":""},"categories":[105],"tags":[325,327,326],"class_list":["post-38797","post","type-post","status-publish","format-standard","hentry","category-gundem","tag-can-yucel","tag-latife-tekin","tag-sedat-deniz","odd"],"_links":{"self":[{"href":"http:\/\/www.korhanyilmaz.com\/index.php?rest_route=\/wp\/v2\/posts\/38797","targetHints":{"allow":["GET"]}}],"collection":[{"href":"http:\/\/www.korhanyilmaz.com\/index.php?rest_route=\/wp\/v2\/posts"}],"about":[{"href":"http:\/\/www.korhanyilmaz.com\/index.php?rest_route=\/wp\/v2\/types\/post"}],"author":[{"embeddable":true,"href":"http:\/\/www.korhanyilmaz.com\/index.php?rest_route=\/wp\/v2\/users\/1"}],"replies":[{"embeddable":true,"href":"http:\/\/www.korhanyilmaz.com\/index.php?rest_route=%2Fwp%2Fv2%2Fcomments&post=38797"}],"version-history":[{"count":0,"href":"http:\/\/www.korhanyilmaz.com\/index.php?rest_route=\/wp\/v2\/posts\/38797\/revisions"}],"wp:attachment":[{"href":"http:\/\/www.korhanyilmaz.com\/index.php?rest_route=%2Fwp%2Fv2%2Fmedia&parent=38797"}],"wp:term":[{"taxonomy":"category","embeddable":true,"href":"http:\/\/www.korhanyilmaz.com\/index.php?rest_route=%2Fwp%2Fv2%2Fcategories&post=38797"},{"taxonomy":"post_tag","embeddable":true,"href":"http:\/\/www.korhanyilmaz.com\/index.php?rest_route=%2Fwp%2Fv2%2Ftags&post=38797"}],"curies":[{"name":"wp","href":"https:\/\/api.w.org\/{rel}","templated":true}]}}