{"id":38784,"date":"2011-08-19T21:09:24","date_gmt":"2011-08-19T18:09:24","guid":{"rendered":"http:\/\/www.korhanyilmaz.com\/?p=38784"},"modified":"2011-08-20T01:12:17","modified_gmt":"2011-08-19T22:12:17","slug":"ulusal-kanal-ve-aydinlikta-arama","status":"publish","type":"post","link":"http:\/\/www.korhanyilmaz.com\/?p=38784","title":{"rendered":"Ulusal Kanal ve Ayd\u0131nl\u0131k&#8217;ta arama"},"content":{"rendered":"<p style=\"text-align: justify;\"><a href=\"http:\/\/www.korhanyilmaz.com\/wp-content\/uploads\/2011\/08\/7001.jpg\"  class=\"lightview\"><img loading=\"lazy\" decoding=\"async\" class=\"aligncenter size-full wp-image-38785\" title=\"\" src=\"http:\/\/www.korhanyilmaz.com\/wp-content\/uploads\/2011\/08\/7001.jpg\" alt=\"\" width=\"292\" height=\"224\" \/><\/a><\/p>\n<p style=\"text-align: justify;\">Ergenekon soru\u015fturmas\u0131 kapsam\u0131nda Ulusal Kanal ve Ayd\u0131nl\u0131k gazetesinde arama yapan Ter\u00f6rle M\u00fccadele \u015eube M\u00fcd\u00fcrl\u00fc\u011f\u00fc ekipleri, 9 ki\u015fiyi g\u00f6zalt\u0131na ald\u0131. G\u00f6zalt\u0131na al\u0131nanlar aras\u0131nda Do\u011fu Perin\u00e7ek&#8217;in o\u011flu mehmet Perin\u00e7ek de bulunuyor.<\/p>\n<p style=\"text-align: justify;\">(DHA) &#8212; \u0130stanbul Cumhuriyet Ba\u015fsavc\u0131l\u0131\u011f\u0131n\u0131n ba\u015flatt\u0131\u011f\u0131 soru\u015fturma \u00e7er\u00e7evesinde harekete ge\u00e7en Ankara Emniyet M\u00fcd\u00fcrl\u00fc\u011f\u00fc ekipleri, saat 08.00&#8217;de \u0130\u015f\u00e7i Partisi&#8217;nin S\u0131hhiye Toros Sokak&#8217;taki genel merkezine geldi.\u00a0<!--more--><\/p>\n<p style=\"text-align: justify;\">Al\u0131nan bilgiye g\u00f6re, Ulusal Kanal ve Ayd\u0131nl\u0131k gazetesiyle bu kurumlarda \u00e7al\u0131\u015fan baz\u0131 ki\u015filerin evlerinde arama yapan Ter\u00f6rle M\u00fccadele \u015eube M\u00fcd\u00fcrl\u00fc\u011f\u00fc ekipleri, 8 ki\u015fiyi g\u00f6zalt\u0131na ald\u0131.<\/p>\n<p style=\"text-align: justify;\">Bu ki\u015filerin ev ve i\u015f yerlerinde yap\u0131lan aramada el konulan bilgisayar, CD ile \u00e7ok say\u0131da dijital malzeme, incelenmek \u00fczere Emniyet M\u00fcd\u00fcrl\u00fc\u011f\u00fcne g\u00f6t\u00fcr\u00fcld\u00fc.<\/p>\n<p style=\"text-align: justify;\">G\u00f6zalt\u0131na al\u0131nan 8 ki\u015fi aras\u0131nda \u0130\u015f\u00e7i Partisi (\u0130P) Genel Ba\u015fkan Yard\u0131mc\u0131lar\u0131 Mehmet Bedri G\u00fcltekin, Erkan \u00d6nsel ve Turan \u00d6zl\u00fc de bulunuyor.<\/p>\n<p style=\"text-align: justify;\">Al\u0131nan bilgiye g\u00f6re, soru\u015fturma kapsam\u0131nda \u0130P \u0130stanbul \u0130l Te\u015fkilat\u0131, Ulusal Kanal ve Ayd\u0131nl\u0131k gazetesinde yap\u0131lan aramalar s\u0131ras\u0131nda G\u00fcltekin, \u00d6nsel ve \u00d6zl\u00fc&#8217;n\u00fcn yan\u0131 s\u0131ra Ayd\u0131nl\u0131k gazetesi \u00e7al\u0131\u015fanlar\u0131 Mehmet Bozkurt, Caner Ta\u015fp\u0131nar, Ruhsar \u015eeno\u011flu ve B\u00fclent Ba\u015f ile Ulusal Kanal muhabiri \u0130lyas G\u00fcmr\u00fck\u00e7\u00fc de g\u00f6zalt\u0131na al\u0131nd\u0131.<\/p>\n<p style=\"text-align: justify;\"><strong>Perin\u00e7ek&#8217;in o\u011flu da g\u00f6zalt\u0131nda\u00a0<\/strong><\/p>\n<p style=\"text-align: justify;\">Mehmet Perin\u00e7ek&#8217;in Gayrettepe&#8217;deki evinde, soru\u015fturmay\u0131 y\u00fcr\u00fcten \u00f6zel yetkili \u0130stanbul Cumhuriyet Savc\u0131s\u0131 Cihan Kans\u0131z&#8217;\u0131n talebi \u00fczerine mahkemeden al\u0131nan kararla yap\u0131lan arama sona erdi.<\/p>\n<p style=\"text-align: justify;\">Mehmet Perin\u00e7ek g\u00f6zalt\u0131na al\u0131n\u0131rken, evde yap\u0131lan aramada el konulan evraklar emniyete g\u00f6t\u00fcr\u00fcld\u00fc.<\/p>\n<p style=\"text-align: justify;\">Soru\u015fturmay\u0131 y\u00fcr\u00fcten \u00f6zel yetkili \u0130stanbul Cumhuriyet Savc\u0131s\u0131 Cihan Kans\u0131z&#8217;\u0131n talebi \u00fczerine mahkemeden al\u0131nan kararla sabah saat 08.30&#8217;da ba\u015flat\u0131lan aramalar sona erdi.<\/p>\n<p style=\"text-align: justify;\">Aramay\u0131 ger\u00e7ekle\u015ftiren ekiplerin \u00e7\u0131k\u0131\u015f\u0131 s\u0131ras\u0131nda bina \u00f6n\u00fcnde toplanan bir grup, ta\u015fk\u0131nl\u0131k yapt\u0131. Baz\u0131 g\u00f6stericilerin sa\u011fduyu \u00e7a\u011fr\u0131lar\u0131 \u00fczerine olaylar b\u00fcy\u00fcmeden yat\u0131\u015ft\u0131r\u0131ld\u0131.<\/p>\n<p style=\"text-align: justify;\">Gruptakiler, polis ekiplerinin ayr\u0131lmas\u0131n\u0131n ard\u0131ndan bir s\u00fcre daha slogan att\u0131ktan sonra da\u011f\u0131ld\u0131.<\/p>\n<p style=\"text-align: justify;\">Arama yap\u0131ld\u0131\u011f\u0131 s\u0131rada bas\u0131n mensuplar\u0131n\u0131n yan\u0131na gelen baz\u0131 parti yetkilileri, \u0130\u015f\u00e7i Partisi Genel Ba\u015fkan Yard\u0131mc\u0131s\u0131 Mehmet Bedri G\u00fcltekin ile &#8216;Ergenekon&#8217; soru\u015fturmas\u0131 kapsam\u0131nda tutuklanan \u0130\u015f\u00e7i Partisi Genel Ba\u015fkan\u0131 Do\u011fu Perin\u00e7ek&#8217;in o\u011flu Mehmet Perin\u00e7ek&#8217;in evlerinde de arama yap\u0131ld\u0131\u011f\u0131 belirtti.<\/p>\n<p style=\"text-align: justify;\"><strong>&#8220;Hukuki dayana\u011f\u0131 yok&#8221;\u00a0<\/strong><\/p>\n<p style=\"text-align: justify;\">\u0130stanbul&#8217;da da Ayd\u0131nl\u0131k gazetesi \u00e7al\u0131\u015fanlar\u0131n\u0131n evlerinde aramalar\u0131n devam etti\u011fini kaydeden parti yetkilileri, bunun hi\u00e7bir hukuki dayana\u011f\u0131n\u0131n olmad\u0131\u011f\u0131n\u0131 ve psikolojik bask\u0131 uyguland\u0131\u011f\u0131n\u0131 s\u00f6yledi.<\/p>\n<p style=\"text-align: justify;\">Bu arada aramalar devam ederken genel merkez \u00f6n\u00fcnde toplanan bir grup partili, aramalara tepki g\u00f6sterdi. Ellerinde T\u00fcrk Bayraklar\u0131 ve Ayd\u0131nl\u0131k gazeteleriyle genel merkezinin \u00f6n\u00fcnde toplanan partililer, &#8220;Do\u011fu Perin\u00e7ek \u00e7\u0131kacak, hesap soracak&#8221;, &#8220;Ergenekon yalan\u0131 ABD tezgah\u0131&#8221; ve &#8220;Emperyalist Amerika, i\u015fbirlik\u00e7i AKP&#8221; \u015feklinde sloganlar att\u0131.<\/p>\n<p style=\"text-align: justify;\"><strong>Ba\u015fbakan ile Talat aras\u0131nda g\u00f6r\u00fc\u015fme kasedi\u00a0<\/strong><\/p>\n<p style=\"text-align: justify;\">\u00d6te yandan yap\u0131lan aramalar\u0131n &#8216;Ba\u015fbakan Recep Tayyip Erdo\u011fan ve KKTC Cumhurba\u015fkan\u0131 Mehmet Ali Talat aras\u0131nda Annan Plan\u0131 ile ilgili konu\u015fmalarla, AKP Milletvekili, TBMM Anayasa Komisyonu Ba\u015fkan\u0131 Burhan Kuzu ile Ankara B\u00fcy\u00fck\u015fehir Belediye Ba\u015fkan\u0131 Melih G\u00f6k\u00e7ek\u2019in bor\u00e7lara af getiren yasayla ilgili konu\u015fmalar\u0131n\u0131n yer ald\u0131\u011f\u0131 kasetlerin, s\u00f6z konusu ki\u015filerin birbirlerine g\u00f6ndermesiyle&#8217; ilgili oldu\u011fu belirtildi.<\/p>\n<p style=\"text-align: justify;\"><a href=\"http:\/\/www.cnnturk.com\/2011\/turkiye\/08\/19\/ulusal.kanal.ve.aydinlikta.arama\/626589.0\/index.html\" target=\"_blank\">Kaynak : CNN T\u00dcRK<\/a><\/p>\n","protected":false},"excerpt":{"rendered":"<p style=\"text-align: justify;\">\n<p style=\"text-align: justify;\">Ergenekon soru\u015fturmas\u0131 kapsam\u0131nda Ulusal Kanal ve Ayd\u0131nl\u0131k gazetesinde arama yapan Ter\u00f6rle M\u00fccadele \u015eube M\u00fcd\u00fcrl\u00fc\u011f\u00fc ekipleri, 9 ki\u015fiyi g\u00f6zalt\u0131na ald\u0131. G\u00f6zalt\u0131na al\u0131nanlar aras\u0131nda Do\u011fu Perin\u00e7ek&#8217;in o\u011flu mehmet Perin\u00e7ek de bulunuyor.<\/p>\n<p style=\"text-align: justify;\">(DHA) &#8212; \u0130stanbul Cumhuriyet Ba\u015fsavc\u0131l\u0131\u011f\u0131n\u0131n ba\u015flatt\u0131\u011f\u0131 soru\u015fturma \u00e7er\u00e7evesinde harekete ge\u00e7en Ankara Emniyet M\u00fcd\u00fcrl\u00fc\u011f\u00fc ekipleri, saat 08.00&#8217;de \u0130\u015f\u00e7i Partisi&#8217;nin S\u0131hhiye <\/p>\n","protected":false},"author":1,"featured_media":0,"comment_status":"open","ping_status":"open","sticky":false,"template":"","format":"standard","meta":{"footnotes":""},"categories":[105],"tags":[],"class_list":["post-38784","post","type-post","status-publish","format-standard","hentry","category-gundem","odd"],"_links":{"self":[{"href":"http:\/\/www.korhanyilmaz.com\/index.php?rest_route=\/wp\/v2\/posts\/38784","targetHints":{"allow":["GET"]}}],"collection":[{"href":"http:\/\/www.korhanyilmaz.com\/index.php?rest_route=\/wp\/v2\/posts"}],"about":[{"href":"http:\/\/www.korhanyilmaz.com\/index.php?rest_route=\/wp\/v2\/types\/post"}],"author":[{"embeddable":true,"href":"http:\/\/www.korhanyilmaz.com\/index.php?rest_route=\/wp\/v2\/users\/1"}],"replies":[{"embeddable":true,"href":"http:\/\/www.korhanyilmaz.com\/index.php?rest_route=%2Fwp%2Fv2%2Fcomments&post=38784"}],"version-history":[{"count":0,"href":"http:\/\/www.korhanyilmaz.com\/index.php?rest_route=\/wp\/v2\/posts\/38784\/revisions"}],"wp:attachment":[{"href":"http:\/\/www.korhanyilmaz.com\/index.php?rest_route=%2Fwp%2Fv2%2Fmedia&parent=38784"}],"wp:term":[{"taxonomy":"category","embeddable":true,"href":"http:\/\/www.korhanyilmaz.com\/index.php?rest_route=%2Fwp%2Fv2%2Fcategories&post=38784"},{"taxonomy":"post_tag","embeddable":true,"href":"http:\/\/www.korhanyilmaz.com\/index.php?rest_route=%2Fwp%2Fv2%2Ftags&post=38784"}],"curies":[{"name":"wp","href":"https:\/\/api.w.org\/{rel}","templated":true}]}}