{"id":38780,"date":"2011-08-19T22:49:33","date_gmt":"2011-08-19T19:49:33","guid":{"rendered":"http:\/\/www.korhanyilmaz.com\/?p=38780"},"modified":"2011-08-20T01:04:05","modified_gmt":"2011-08-19T22:04:05","slug":"mehmet-haberal-her-an-olebilir","status":"publish","type":"post","link":"http:\/\/www.korhanyilmaz.com\/?p=38780","title":{"rendered":"&#8220;Mehmet Haberal her an \u00f6lebilir&#8221;"},"content":{"rendered":"<p style=\"text-align: justify;\"><a href=\"http:\/\/www.korhanyilmaz.com\/wp-content\/uploads\/2011\/08\/7000.jpg\"  class=\"lightview\"><img loading=\"lazy\" decoding=\"async\" class=\"aligncenter size-full wp-image-38781\" title=\"\" src=\"http:\/\/www.korhanyilmaz.com\/wp-content\/uploads\/2011\/08\/7000.jpg\" alt=\"\" width=\"292\" height=\"222\" \/><\/a><\/p>\n<p style=\"text-align: justify;\">\u0130kinci &#8220;Ergenekon&#8221; davas\u0131n\u0131n tutuklu san\u0131\u011f\u0131, CHP Zonguldak Milletvekili Prof. Dr. Mehmet Haberal&#8217;\u0131n tedavi g\u00f6rd\u00fc\u011f\u00fc hastaneden \u0130stanbul \u00dcniversitesi (\u0130\u00dc) \u0130stanbul T\u0131p Fak\u00fcltesi Hastanesine sevki ger\u00e7ekle\u015ftirilemedi.<\/p>\n<p style=\"text-align: justify;\">AA muhabirine konuyla ilgili a\u00e7\u0131klama yapan Haberal&#8217;\u0131n avukat\u0131 Dilek Helvac\u0131, m\u00fcvekkiline 2,5 y\u0131l \u00f6nce konulan &#8220;Supraventrik\u00fcler Ta\u015fikardi&#8221; hastal\u0131\u011f\u0131 tan\u0131s\u0131n\u0131n, Mehmet Akif Ersoy E\u011fitim ve Ara\u015ft\u0131rma Hastanesi taraf\u0131ndan da onayland\u0131\u011f\u0131n\u0131 s\u00f6yledi.\u00a0<!--more--><\/p>\n<p style=\"text-align: justify;\">Avukat Helvac\u0131, &#8220;Bu hastal\u0131k ani \u00f6l\u00fcme sebep olabilir. Hastal\u0131\u011f\u0131n tespitinden tedavisine takip edilmesi ve bir operasyon ger\u00e7ekle\u015fmesine ihtiya\u00e7 vard\u0131r. Bu s\u00fcre\u00e7 i\u00e7in \u0130l Sa\u011fl\u0131k M\u00fcd\u00fcrl\u00fc\u011f\u00fc, m\u00fcvekkilimi \u00c7apa&#8217;ya sevk etti&#8221; diye konu\u015ftu.<\/p>\n<p style=\"text-align: justify;\">Haberal&#8217;\u0131n, elektro fizyolojik test i\u00e7in bug\u00fcn Mehmet Akif Ersoy E\u011fitim ve Ara\u015ft\u0131rma Hastanesinden \u0130\u00dc \u0130stanbul T\u0131p Fak\u00fcltesi Hastanesine sevkinin ger\u00e7ekle\u015ftirilmesi gerekti\u011fini kaydeden Helvac\u0131, &#8220;S\u00f6zl\u00fc olarak bize \u00c7apa&#8217;daki cihazlar\u0131n bozuk oldu\u011fu s\u00f6ylendi. Daha \u00f6nce birka\u00e7 hastanede de \u00e7e\u015fitli sebeplerle bu cihazlar\u0131 kullanamam\u0131\u015ft\u0131k. Cihazlardaki son duruma g\u00f6re pazartesi g\u00fcn\u00fc sevk i\u015fleminin ger\u00e7ekle\u015fmesini bekliyoruz&#8221; diye konu\u015ftu.<\/p>\n<p style=\"text-align: justify;\"><a href=\"http:\/\/www.cnnturk.com\/2011\/turkiye\/08\/19\/mehmet.haberal.her.an.olebilir\/626674.0\/index.html\" target=\"_blank\">Kaynak : CNN T\u00dcRK<\/a><\/p>\n","protected":false},"excerpt":{"rendered":"<p style=\"text-align: justify;\">\n<p style=\"text-align: justify;\">\u0130kinci &#8220;Ergenekon&#8221; davas\u0131n\u0131n tutuklu san\u0131\u011f\u0131, CHP Zonguldak Milletvekili Prof. Dr. Mehmet Haberal&#8217;\u0131n tedavi g\u00f6rd\u00fc\u011f\u00fc hastaneden \u0130stanbul \u00dcniversitesi (\u0130\u00dc) \u0130stanbul T\u0131p Fak\u00fcltesi Hastanesine sevki ger\u00e7ekle\u015ftirilemedi.<\/p>\n<p style=\"text-align: justify;\">AA muhabirine konuyla ilgili a\u00e7\u0131klama yapan Haberal&#8217;\u0131n avukat\u0131 Dilek Helvac\u0131, m\u00fcvekkiline 2,5 y\u0131l \u00f6nce konulan &#8220;Supraventrik\u00fcler Ta\u015fikardi&#8221; hastal\u0131\u011f\u0131 tan\u0131s\u0131n\u0131n, Mehmet Akif Ersoy E\u011fitim ve <\/p>\n","protected":false},"author":1,"featured_media":0,"comment_status":"open","ping_status":"open","sticky":false,"template":"","format":"standard","meta":{"footnotes":""},"categories":[105],"tags":[],"class_list":["post-38780","post","type-post","status-publish","format-standard","hentry","category-gundem","odd"],"_links":{"self":[{"href":"http:\/\/www.korhanyilmaz.com\/index.php?rest_route=\/wp\/v2\/posts\/38780","targetHints":{"allow":["GET"]}}],"collection":[{"href":"http:\/\/www.korhanyilmaz.com\/index.php?rest_route=\/wp\/v2\/posts"}],"about":[{"href":"http:\/\/www.korhanyilmaz.com\/index.php?rest_route=\/wp\/v2\/types\/post"}],"author":[{"embeddable":true,"href":"http:\/\/www.korhanyilmaz.com\/index.php?rest_route=\/wp\/v2\/users\/1"}],"replies":[{"embeddable":true,"href":"http:\/\/www.korhanyilmaz.com\/index.php?rest_route=%2Fwp%2Fv2%2Fcomments&post=38780"}],"version-history":[{"count":0,"href":"http:\/\/www.korhanyilmaz.com\/index.php?rest_route=\/wp\/v2\/posts\/38780\/revisions"}],"wp:attachment":[{"href":"http:\/\/www.korhanyilmaz.com\/index.php?rest_route=%2Fwp%2Fv2%2Fmedia&parent=38780"}],"wp:term":[{"taxonomy":"category","embeddable":true,"href":"http:\/\/www.korhanyilmaz.com\/index.php?rest_route=%2Fwp%2Fv2%2Fcategories&post=38780"},{"taxonomy":"post_tag","embeddable":true,"href":"http:\/\/www.korhanyilmaz.com\/index.php?rest_route=%2Fwp%2Fv2%2Ftags&post=38780"}],"curies":[{"name":"wp","href":"https:\/\/api.w.org\/{rel}","templated":true}]}}