{"id":38773,"date":"2011-08-19T02:31:49","date_gmt":"2011-08-18T23:31:49","guid":{"rendered":"http:\/\/www.korhanyilmaz.com\/?p=38773"},"modified":"2011-08-19T05:56:45","modified_gmt":"2011-08-19T02:56:45","slug":"terore-%e2%80%98demir-yumruk%e2%80%99","status":"publish","type":"post","link":"http:\/\/www.korhanyilmaz.com\/?p=38773","title":{"rendered":"Ter\u00f6re \u2018demir yumruk\u2019"},"content":{"rendered":"<p style=\"text-align: center;\"><a href=\"http:\/\/www.korhanyilmaz.com\/wp-content\/uploads\/2011\/08\/6159.jpg\"  class=\"lightview\"><img loading=\"lazy\" decoding=\"async\" class=\"aligncenter size-full wp-image-38774\" src=\"http:\/\/www.korhanyilmaz.com\/wp-content\/uploads\/2011\/08\/6159.jpg\" alt=\"\" width=\"426\" height=\"238\" \/><\/a><\/p>\n<p style=\"text-align: justify;\">MGK, PKK\u2019yla m\u00fccadelede yeni strateji ve y\u00f6ntemlerin uygulanarak, \u00f6rg\u00fcte \u201cdemir yumruk\u201d indirilmesini hedefleyen bir d\u00f6neme ge\u00e7ilece\u011finin mesaj\u0131n\u0131 verdi. BDP\u2019ye PKK\u2019yla aras\u0131na mesafe koymas\u0131 uyar\u0131s\u0131 yap\u0131ld\u0131.<!--more--><\/p>\n<p style=\"text-align: justify;\">MGK\u2019n\u0131n a\u011fustos ay\u0131 ola\u011fan toplant\u0131s\u0131 d\u00fcn \u00c7ankaya\u2019da yap\u0131ld\u0131. \u0130\u00e7i\u015fleri Bakan\u0131 \u0130dris Naim \u015eahin ve Milli Savunma Bakan\u0131 \u0130smet Y\u0131lmaz\u2019\u0131n Hakkari \u00c7ukurca\u2019daki sald\u0131r\u0131da \u015fehit olan askerler i\u00e7in Van\u2019da d\u00fczenlenen t\u00f6rene kat\u0131lmalar\u0131 nedeniyle 1 saat gecikmeli olarak 14.30\u2019da ba\u015flayan toplant\u0131 4.5 saat s\u00fcrd\u00fc.<\/p>\n<p style=\"text-align: justify;\">Birinci g\u00fcndem maddesi, ter\u00f6r ve ter\u00f6r \u00f6rg\u00fct\u00fcyle m\u00fccadele olan MGK\u2019da PKK\u2019yla m\u00fccadelede yeni strateji ve y\u00f6ntemlerin uygulanarak, \u00f6rg\u00fcte \u201cdemir yumruk\u201d indirilmesini hedefleyen bir d\u00f6neme ge\u00e7ilece\u011finin mesaj\u0131 verildi.<\/p>\n<p style=\"text-align: justify;\"><strong>MGK 4.5 saat s\u00fcrd\u00fc<\/strong><\/p>\n<p style=\"text-align: justify;\">4.5 saat s\u00fcren toplant\u0131dan sonra yay\u0131nlanan bildiride PKK\u2019ya kar\u015f\u0131 \u00e7ok sert ve etkin m\u00fccadeleyi hedefleyen bir d\u00f6nemin ba\u015flat\u0131laca\u011f\u0131, askeri a\u00e7\u0131dan yeni y\u00f6ntemlerin uygulanaca\u011f\u0131 ancak bunlar\u0131n hukuk devleti yap\u0131s\u0131 i\u00e7inde hayata ge\u00e7irilece\u011fi mesaj\u0131 verildi.<\/p>\n<p style=\"text-align: justify;\">Ter\u00f6rle m\u00fccadelede al\u0131nacak ilave \u00f6nlem ve tedbirlerin de\u011ferlendirildi\u011fi toplant\u0131da, T\u00fcrkiye i\u00e7inde ve Kuzey Irak\u2019ta \u00f6rg\u00fcte kar\u015f\u0131 verilen m\u00fccadelede, teknolojinin daha etkin kullan\u0131laca\u011f\u0131, bask\u0131nlar\u0131n yo\u011funla\u015ft\u0131r\u0131laca\u011f\u0131, \u00f6rg\u00fct\u00fcn lider kadrosunun Kuzey Irak\u2019ta rahat hareket etmesini \u00f6nleyici yeni askeri y\u00f6ntemler \u00fczerinde duruldu.<\/p>\n<p style=\"text-align: justify;\">Toplant\u0131da, PKK ve KCK\u2019n\u0131n b\u00f6lge halk\u0131 \u00fczerindeki bask\u0131s\u0131n\u0131n, \u00f6zerliklik ilan\u0131n\u0131n ard\u0131ndan att\u0131\u011f\u0131 ad\u0131mlar\u0131n, kamu g\u00f6revlilerine y\u00f6nelik ka\u00e7\u0131rma ve sald\u0131r\u0131lar\u0131n\u0131n \u00f6nlenmesinin \u00f6nemi \u00fczerinde duruldu.<\/p>\n<p style=\"text-align: justify;\"><strong>Ter\u00f6re asla taviz verilmeyecek<\/strong><\/p>\n<p style=\"text-align: justify;\">Ter\u00f6re asla taviz verilmeyece\u011fi belirtilen bildiride, \u201cTer\u00f6r \u00f6rg\u00fct\u00fcn\u00fcn, T\u00fcrkiye\u2019nin g\u00fcven ve istikrar\u0131n\u0131 sabote etmesine kesinlikle izin verilmeyece\u011fi, b\u00f6lge halk\u0131n\u0131n huzur ve esenli\u011fi i\u00e7in varolan g\u00fcvenlik ve otoritenin en g\u00fc\u00e7l\u00fc \u015fekilde hissettirilece\u011fi, ter\u00f6rle m\u00fccadelede yeni strateji ve y\u00f6ntemlerle daha etkin, kararl\u0131 ve sonu\u00e7 al\u0131c\u0131 bir m\u00fccadelenin ortaya konulaca\u011f\u0131 vurgulanm\u0131\u015ft\u0131r\u201d denildi.<\/p>\n<p style=\"text-align: justify;\">Bildiride, m\u00fccadelede sertli\u011fin demokratik yap\u0131 d\u0131\u015f\u0131na \u00e7\u0131k\u0131lmadan art\u0131r\u0131laca\u011f\u0131 mesaj\u0131 verilirken, \u00f6rt\u00fcl\u00fc olarak valilikler ile askeri otorite aras\u0131ndaki koordinasyonun sa\u011flanaca\u011f\u0131, sivil otoritenin etkin hale getirilece\u011fi yeni yap\u0131ya da de\u011finildi.<\/p>\n<p style=\"text-align: justify;\">Bildiride, m\u00fccadelede sert y\u00f6ntemlere ge\u00e7ilirken, ola\u011fan\u00fcst\u00fc hal veya s\u0131k\u0131y\u00f6netim d\u00f6nemlerindekine benzer tedbirlere ba\u015fvurulmayaca\u011f\u0131 vurguland\u0131. Ola\u011fan durumun bozulmayaca\u011f\u0131 \u00fczerinde durulan bildiride, \u201cDaha etkin ve kararl\u0131 \u015fekilde s\u00fcrd\u00fcr\u00fclecek olan ter\u00f6rle m\u00fccadelenin, demokrasiden ve hukuk devleti anlay\u0131\u015f\u0131ndan asla taviz vermeden, devam ettirilece\u011fi hayat\u0131n ola\u011fan ak\u0131\u015f\u0131n\u0131 olumsuz etkileyecek hi\u00e7bir geli\u015fmeye izin verilmeyece\u011fi, devletin t\u00fcm kurum ve kurulu\u015flar\u0131n\u0131n azami uyumu ve koordinasyonuyla daha etkili m\u00fccadele stratejilerinin hayata ge\u00e7irilece\u011fi ifade edilmi\u015ftir\u201d denildi.<\/p>\n<p style=\"text-align: justify;\"><strong>BDP\u2019ye \u00e7a\u011fr\u0131 yap\u0131ld\u0131<\/strong><\/p>\n<p style=\"text-align: justify;\">MGK; ismini vermeden BDP\u2019ye, ter\u00f6rle aras\u0131na mesafe koymas\u0131 \u00e7a\u011fr\u0131s\u0131nda bulundu. B\u00fct\u00fcn siyasi partiler ile sivil toplum \u00f6rg\u00fctleri ve medyaya da \u00e7a\u011fr\u0131 yap\u0131lan bildiride, \u015fu ifadeler kullan\u0131ld\u0131:<\/p>\n<p style=\"text-align: justify;\">\u201cDemokratik parlamenter sisteme ve hukuk devleti anlay\u0131\u015f\u0131na inanan her kesimin b\u00f6l\u00fcc\u00fc ter\u00f6r \u00f6rg\u00fct\u00fcn\u00fcn eylemleriyle aras\u0131na mesafe koymas\u0131n\u0131n, insanl\u0131k d\u0131\u015f\u0131 kanl\u0131 eylemlere kar\u015f\u0131 insani bir duyarl\u0131l\u0131k sergilemesinin T\u00fcrkiye\u2019nin birlik ve b\u00fct\u00fcnl\u00fc\u011f\u00fcn\u00fc yak\u0131ndan ilgilendiren ter\u00f6rle m\u00fccadele konusunu ulusal bir mesele olarak g\u00f6rerek daha sorumlu ve duyarl\u0131 davranmas\u0131n\u0131n \u00f6nemi \u00f6zellikle vurgulanm\u0131\u015ft\u0131r. Sivil toplum \u00f6rg\u00fctlerinden medyaya ve siyasi partilere kadar her kesimin ter\u00f6rle m\u00fccadelede ulusal dayan\u0131\u015fma duyarl\u0131l\u0131\u011f\u0131 ve ortak hareket \u015fuuru geli\u015ftirmesinin gereklili\u011finin alt\u0131 \u00e7izilmi\u015ftir.\u201d<\/p>\n<p style=\"text-align: justify;\"><strong>\u00dcniter devlet vurgusu<\/strong><\/p>\n<p style=\"text-align: justify;\">Bildiride, \u00fcniter devlet vurgusunda bulunularak, \u201c\u2018Tek bayrak, tek millet, tek vatan, tek devlet\u2019 ilkesinden hi\u00e7bir \u015fart alt\u0131nda taviz verilmeyece\u011fine halk\u0131m\u0131z\u0131n birlik ve karde\u015fli\u011fine \u00fclkemizin b\u00f6l\u00fcnmez b\u00fct\u00fcnl\u00fc\u011f\u00fcne halel getirecek hi\u00e7bir giri\u015fime m\u00fcsamaha g\u00f6sterilmeyece\u011fine dikkat \u00e7ekilmi\u015ftir\u201d denildi.<\/p>\n<p style=\"text-align: justify;\">Toplant\u0131da, Kuzey Irak\u2019ta etkin olan Barzani ve Talabani\u2019ye PKK\u2019ya kar\u015f\u0131 dolayl\u0131 desteklerini kesmesi i\u00e7in bask\u0131 uygulanmas\u0131 \u00fczerinde de duruldu. Toplant\u0131da, ba\u015fta ABD ve \u00f6nemli Avrupa Birli\u011fi (AB) \u00fclkeleri olmak \u00fczere m\u00fcttefik \u00fclkelere PKK\u2019ya kar\u015f\u0131 somut dayan\u0131\u015fma g\u00f6stermeleri i\u00e7in \u00e7a\u011fr\u0131 yap\u0131lmas\u0131 karar\u0131 al\u0131nd\u0131.<\/p>\n<p style=\"text-align: justify;\">MGK toplant\u0131s\u0131nda, ter\u00f6rle m\u00fccadele kapsam\u0131nda halen devam etmekte olan hava harek\u00e2tlar\u0131n\u0131n yan\u0131s\u0131ra olas\u0131 bir s\u0131n\u0131r \u00f6tesi kara harek\u00e2t\u0131n\u0131n parametreleri masaya yat\u0131r\u0131ld\u0131.<\/p>\n<div id=\"attachment_38775\" style=\"width: 483px\" class=\"wp-caption aligncenter\"><a href=\"http:\/\/www.korhanyilmaz.com\/wp-content\/uploads\/2011\/08\/6157.jpg\"  class=\"lightview\"><img loading=\"lazy\" decoding=\"async\" aria-describedby=\"caption-attachment-38775\" class=\"size-full wp-image-38775\" src=\"http:\/\/www.korhanyilmaz.com\/wp-content\/uploads\/2011\/08\/6157.jpg\" alt=\"\" width=\"473\" height=\"273\" \/><\/a><p id=\"caption-attachment-38775\" class=\"wp-caption-text\">\u015eimdiki MGK<\/p><\/div>\n<div id=\"attachment_38776\" style=\"width: 483px\" class=\"wp-caption aligncenter\"><a href=\"http:\/\/www.korhanyilmaz.com\/wp-content\/uploads\/2011\/08\/6158.jpg\"  class=\"lightview\"><img loading=\"lazy\" decoding=\"async\" aria-describedby=\"caption-attachment-38776\" class=\"size-full wp-image-38776 \" src=\"http:\/\/www.korhanyilmaz.com\/wp-content\/uploads\/2011\/08\/6158.jpg\" alt=\"\" width=\"473\" height=\"294\" \/><\/a><p id=\"caption-attachment-38776\" class=\"wp-caption-text\">\u00d6nceki MGK<\/p><\/div>\n<p style=\"text-align: justify;\"><strong>MGK\u2019da yeni oturma d\u00fczeni<\/strong><\/p>\n<p style=\"text-align: justify;\">Y\u00fcksek Askeri \u015e\u00fbra (YA\u015e) toplant\u0131lar\u0131ndaki oturma d\u00fczeninde Ba\u015fbakan Recep Tayyip Erdo\u011fan taraf\u0131ndan yap\u0131lan de\u011fi\u015fikli\u011fin ard\u0131ndan, tarihi bir ad\u0131m da Cumhurba\u015fkan\u0131 Abdullah G\u00fcl\u2019den geldi. G\u00fcl, Milli G\u00fcvenlik Kurulu\u2019nda (MGK), h\u00fck\u00fcmet \u00fcyeleri ile asker \u00fcyelerin masan\u0131n iki ayr\u0131 yan\u0131nda yer almalar\u0131na dayal\u0131 \u201coturma d\u00fczenini\u201d de\u011fi\u015ftirdi. MGK\u2019da h\u00fck\u00fcmet ile askerin \u201ciki ayr\u0131 cephe\u201d olarak alg\u0131lanmas\u0131na neden olan oturma d\u00fczeni yerine \u00fcyelerin devlet protokol listesindeki yerlerine g\u00f6re masada oturmalar\u0131na dayal\u0131 d\u00fczene ge\u00e7ildi. B\u00f6ylece, kurulun sivil ve askerlerininin kar\u0131\u015f\u0131k olarak oturmalar\u0131 ve bakanlar\u0131n, kuvvet komutanlar\u0131ndan \u00f6nce konumlanmas\u0131 da sa\u011flanm\u0131\u015f oldu.<\/p>\n<p style=\"text-align: justify;\"><a href=\"http:\/\/siyaset.milliyet.com.tr\/terore-demir-yumruk-\/siyaset\/siyasetdetay\/19.08.2011\/1428552\/default.htm\" target=\"_blank\">Kaynak : Milliyet.com.tr<\/a><\/p>\n","protected":false},"excerpt":{"rendered":"<p style=\"text-align: center;\">\n<p style=\"text-align: justify;\">MGK, PKK\u2019yla m\u00fccadelede yeni strateji ve y\u00f6ntemlerin uygulanarak, \u00f6rg\u00fcte \u201cdemir yumruk\u201d indirilmesini hedefleyen bir d\u00f6neme ge\u00e7ilece\u011finin mesaj\u0131n\u0131 verdi. BDP\u2019ye PKK\u2019yla aras\u0131na mesafe koymas\u0131 uyar\u0131s\u0131 yap\u0131ld\u0131.<\/p>\n","protected":false},"author":1,"featured_media":0,"comment_status":"open","ping_status":"open","sticky":false,"template":"","format":"standard","meta":{"footnotes":""},"categories":[105],"tags":[],"class_list":["post-38773","post","type-post","status-publish","format-standard","hentry","category-gundem","odd"],"_links":{"self":[{"href":"http:\/\/www.korhanyilmaz.com\/index.php?rest_route=\/wp\/v2\/posts\/38773","targetHints":{"allow":["GET"]}}],"collection":[{"href":"http:\/\/www.korhanyilmaz.com\/index.php?rest_route=\/wp\/v2\/posts"}],"about":[{"href":"http:\/\/www.korhanyilmaz.com\/index.php?rest_route=\/wp\/v2\/types\/post"}],"author":[{"embeddable":true,"href":"http:\/\/www.korhanyilmaz.com\/index.php?rest_route=\/wp\/v2\/users\/1"}],"replies":[{"embeddable":true,"href":"http:\/\/www.korhanyilmaz.com\/index.php?rest_route=%2Fwp%2Fv2%2Fcomments&post=38773"}],"version-history":[{"count":0,"href":"http:\/\/www.korhanyilmaz.com\/index.php?rest_route=\/wp\/v2\/posts\/38773\/revisions"}],"wp:attachment":[{"href":"http:\/\/www.korhanyilmaz.com\/index.php?rest_route=%2Fwp%2Fv2%2Fmedia&parent=38773"}],"wp:term":[{"taxonomy":"category","embeddable":true,"href":"http:\/\/www.korhanyilmaz.com\/index.php?rest_route=%2Fwp%2Fv2%2Fcategories&post=38773"},{"taxonomy":"post_tag","embeddable":true,"href":"http:\/\/www.korhanyilmaz.com\/index.php?rest_route=%2Fwp%2Fv2%2Ftags&post=38773"}],"curies":[{"name":"wp","href":"https:\/\/api.w.org\/{rel}","templated":true}]}}